{"id":99100,"date":"2013-10-17T19:07:54","date_gmt":"2013-10-17T19:07:54","guid":{"rendered":"http:\/\/diariodominicano.ddns.net\/?p=99100"},"modified":"2013-10-17T19:07:54","modified_gmt":"2013-10-17T19:07:54","slug":"alerta-sobre-instalacion-en-los-pequenos-y-medianos-comercios-de-impresoras-fiscales","status":"publish","type":"post","link":"https:\/\/diariodominicano.com\/?p=99100","title":{"rendered":"Alerta sobre instalaci\u00f3n en los peque\u00f1os y medianos comercios de impresoras fiscales"},"content":{"rendered":"<p><body><\/p>\n<p><span class=\"text1noticias\">Santo Domingo, RD, 17 de Octubre.-La Federaci\u00f3n de Asociaciones de Comerciantes del Mercado Nuevo, llam\u00f3 la atenci\u00f3n  del comercio detallista a pronunciarse con respecto a los planes de la Direcci\u00f3n General de Impuestos Internos (DGII), de instalar en los peque\u00f1os y medianos comercios la llamada  impresoras fiscales.<\/span><\/p>\n<\/p>\n<p><span class=\"text1noticias\">Luis Taveras, presidente de la  entidad que agrupa los comerciantes,  manifest\u00f3 que esta disposici\u00f3n es improcedente en estos momentos, pues  de ponerse en pr\u00e1ctica lanzar\u00e1 a las calles, en despido masivo, a miles de empleados, ante la  eventual quiebra que afrontar\u00e1 el comercio minorista debido a esta medida.<\/span><\/p>\n<\/p>\n<p><span class=\"text1noticias\"> El dirigente comercial sostuvo que el gobierno central y  la Direcci\u00f3n General de Impuestos Internos  (DGII), deben acogerse a las recomendaciones del Banco Interamericano BID y el Banco Mundial, quienes sugieren que en la Rep\u00fablica Dominicana,  se aplique el sistema de tributaci\u00f3n simple, por ser este mas llano y adaptable a los referidos sectores de la Micro y Mediana Empresa.  <\/span><\/p>\n<\/p>\n<p><span class=\"text1noticias\">Taveras manifest\u00f3 que las fallas de estas medidas radican en el  desconocimiento que tiene el comercio sobre este mecanismo fiscal, las largas tandas de apagones con lo cual se dificulta las operaciones de las impresoras fiscales y el p\u00edrrico beneficio que est\u00e1n recibiendo la micro y mediana empresa en sus intercambios comerciales.<\/span><\/p>\n<\/p>\n<p><span class=\"text1noticias\">Record\u00f3 el presidente de la  Federaci\u00f3n de comerciantes, que este sistema ha sido implementado en algunos pa\u00edses de Latinoam\u00e9rica y ante el fracaso del mismo, han tenido que verse obligados a retirar las impresoras fiscales, optando as\u00ed por un sistema que garantice la captaci\u00f3n de recursos, llevando al comerciante  a tributar en un ambiente tranquilo y mas formalizado.<\/span><\/p>\n<\/p>\n<p><span class=\"text1noticias\">Finalmente es preciso resaltar, que estamos de acuerdo con los pasos de avances y de modernidad que se est\u00e1n dando desde la DGII.  Es preciso aclarar que con estas impresoras fiscales desaparecer\u00e1n, los sectores de peque\u00f1os y medianos empresarios,  por ser este un mecanismo inaplicable ante la crisis econ\u00f3mica que vive el pa\u00eds y las precariedades que en la actualidad se desenvuelve el comercio nacional, declar\u00f3  de manera enf\u00e1tica el presidente de los comerciantes federados.(HG)<\/span>. <\/p>\n<\/p>\n<h6> 2013-10-17 19:07:54 <\/h6>\n<p><!--\n<link rel=\"stylesheet\" href=\"css\/bootstrap.min.css\">\n\n\n<ul class=\"pagination\">\n\t    \n\t\n\n<li >\n\t<a href='?page_no=14591'>Previous<\/a>\n\t<\/li>\n\n\n       \n    \n\n<li><a href='?page_no=1'>1<\/a><\/li>\n\n\n\n<li><a href='?page_no=2'>2<\/a><\/li>\n\n\n\n<li><a>...<\/a><\/li>\n\n\n\n<li><a href='?page_no=14590'>14590<\/a><\/li>\n\n\n\n<li><a href='?page_no=14591'>14591<\/a><\/li>\n\n\n\n<li class='active'><a>14592<\/a><\/li>\n\n\n\n<li><a href='?page_no=14593'>14593<\/a><\/li>\n\n\n\n<li><a href='?page_no=14594'>14594<\/a><\/li>\n\n\n\n<li><a>...<\/a><\/li>\n\n\n\n<li><a href='?page_no=30472'>30472<\/a><\/li>\n\n\n\n<li><a href='?page_no=30473'>30473<\/a><\/li>\n\n    \n\t\n\n<li >\n\t<a href='?page_no=14593'>Next<\/a>\n\t<\/li>\n\n\n    \n\n<li><a href='?page_no=30473'>Last &rsaquo;&rsaquo;<\/a><\/li>\n\n<\/ul>\n\n\n--><br \/>\n<\/body><\/p>\n","protected":false},"excerpt":{"rendered":"<p>Santo Domingo, RD, 17 de Octubre.-La Federaci\u00f3n de Asociaciones de Comerciantes del Mercado Nuevo, llam\u00f3 la atenci\u00f3n del comercio detallista a pronunciarse con respecto a los planes de la Direcci\u00f3n General de Impuestos Internos (DGII), de instalar en los peque\u00f1os y medianos comercios la llamada impresoras fiscales. Luis Taveras, presidente de la entidad que agrupa [&hellip;]<\/p>\n","protected":false},"author":3,"featured_media":0,"comment_status":"open","ping_status":"open","sticky":false,"template":"","format":"standard","meta":{"footnotes":""},"categories":[18],"tags":[],"class_list":["post-99100","post","type-post","status-publish","format-standard","hentry","category-economia"],"_links":{"self":[{"href":"https:\/\/diariodominicano.com\/index.php?rest_route=\/wp\/v2\/posts\/99100","targetHints":{"allow":["GET"]}}],"collection":[{"href":"https:\/\/diariodominicano.com\/index.php?rest_route=\/wp\/v2\/posts"}],"about":[{"href":"https:\/\/diariodominicano.com\/index.php?rest_route=\/wp\/v2\/types\/post"}],"author":[{"embeddable":true,"href":"https:\/\/diariodominicano.com\/index.php?rest_route=\/wp\/v2\/users\/3"}],"replies":[{"embeddable":true,"href":"https:\/\/diariodominicano.com\/index.php?rest_route=%2Fwp%2Fv2%2Fcomments&post=99100"}],"version-history":[{"count":0,"href":"https:\/\/diariodominicano.com\/index.php?rest_route=\/wp\/v2\/posts\/99100\/revisions"}],"wp:attachment":[{"href":"https:\/\/diariodominicano.com\/index.php?rest_route=%2Fwp%2Fv2%2Fmedia&parent=99100"}],"wp:term":[{"taxonomy":"category","embeddable":true,"href":"https:\/\/diariodominicano.com\/index.php?rest_route=%2Fwp%2Fv2%2Fcategories&post=99100"},{"taxonomy":"post_tag","embeddable":true,"href":"https:\/\/diariodominicano.com\/index.php?rest_route=%2Fwp%2Fv2%2Ftags&post=99100"}],"curies":[{"name":"wp","href":"https:\/\/api.w.org\/{rel}","templated":true}]}}