{"id":99099,"date":"2013-10-17T19:27:44","date_gmt":"2013-10-17T19:27:44","guid":{"rendered":"http:\/\/diariodominicano.ddns.net\/?p=99099"},"modified":"2013-10-17T19:27:44","modified_gmt":"2013-10-17T19:27:44","slug":"mp-rescata-dos-menores-de-edad-que-supuestamente-eran-abusados-sexualmente-por-su-padre","status":"publish","type":"post","link":"https:\/\/diariodominicano.com\/?p=99099","title":{"rendered":"MP rescata dos menores de edad que supuestamente eran abusados sexualmente por su padre"},"content":{"rendered":"<p><body><\/p>\n<p><span class=\"text1noticias\">Montecristi, RD, 17 de Octubre.-El Ministerio P\u00fablico inform\u00f3 que rescat\u00f3 a dos menores de edad de un centro educativo de la comunidad de Villa V\u00e1squez, provincia Montecristi, que supuestamente eran v\u00edctimas de abuso sexual, f\u00edsico y psicol\u00f3gico por parte de su padre.<\/span><\/p>\n<\/p>\n<p><span class=\"text1noticias\">Las autoridades informaron que procedieron a iniciar la investigaci\u00f3n del caso ante el rumor p\u00fablico de que los ni\u00f1os, una hembra y un var\u00f3n, eran v\u00edctimas de incesto, por lo que tras realizar las indagatorias de lugar y determinar que existen suficientes indicios que compremeten la responsabilidad penal del imputado, junto a la Polic\u00eda de Villa V\u00e1squez procedieron a su arresto, y posteriormente lo sometieron a la justicia, logrando que fuera enviado a prisi\u00f3n por tres meses, como medida de coerci\u00f3n.<\/span><\/p>\n<\/p>\n<p><span class=\"text1noticias\">La Procuradur\u00eda Fiscal de Montecristi, que dirige la magistrada Yoanna Bejar\u00e1n, acusa al imputado de violar las disposiciones establecidas en los art\u00edculos 330 y 332, p\u00e1rrafo I, del C\u00f3digo Penal Dominicano, que tipifican el incesto, as\u00ed como el art\u00edculo 396, letra A, B y C de la Ley 136-03 sobre el C\u00f3digo para la Protecci\u00f3n y los Derechos Fundamentales de los Ni\u00f1os, Ni\u00f1as y Adolescentes.<\/span><\/p>\n<\/p>\n<p><span class=\"text1noticias\">Los menores resid\u00edan junto a su padre y la madre de \u00e9ste (abuela de los ni\u00f1os) en la comunidad de Villa V\u00e1squez, donde el imputado supuestamente comet\u00eda la agresi\u00f3n.<\/span><\/p>\n<\/p>\n<p><span class=\"text1noticias\">El Ministerio P\u00fablico procedi\u00f3 a localizar a la madre de los menores, quien denunci\u00f3 el caso tras recibir una llamada de su progenitora, quien le inform\u00f3 lo que estaba sucediendo con los ni\u00f1os.<\/span><\/p>\n<\/p>\n<p><span class=\"text1noticias\">Posteriormente, las autoridades tambi\u00e9n recibieron la denuncia de un profesor del citado centro educativo, a quien supuestamente los menores confesaron lo sucedido.   <\/span><\/p>\n<\/p>\n<p><span class=\"text1noticias\">Se inform\u00f3 que las indagatorias del caso est\u00e1n a cargo de la magistrada Carmen Julia Ortega Monci\u00f3n, quien representa al Ministerio P\u00fablico.<\/span><\/p>\n<\/p>\n<p><span class=\"text1noticias\">En otra informaci\u00f3n, La Procuradur\u00eda Fiscal de Santiago consigui\u00f3 que el Primer Tribunal Colegiado de esta jurisdicci\u00f3n impusiera una condena de 10 a\u00f1os de prisi\u00f3n contra un hombre al que declar\u00f3 culpable de ultrajar a una menor de edad en el sector Bella Vista, durante un hecho ocurrido en el a\u00f1o 2011.<\/span><\/p>\n<\/p>\n<p><span class=\"text1noticias\">La pena fue impuesta a Kinito Rodr\u00edguez, luego que el tribunal acogiera las pruebas aportadas por el Ministerio P\u00fablico en su contra, las cuales demostraron que agredi\u00f3 sexualmente a la menor, cuyo nombre se omite por razones legales.<\/span><\/p>\n<\/p>\n<p><span class=\"text1noticias\">La Procuradur\u00eda Fiscal de Santiago, que dirige la magistrada Luisa Liranzo, present\u00f3 formal acusaci\u00f3n en contra del procesado otorg\u00e1ndole a los hechos la calificaci\u00f3n jur\u00eddica establecida en los art\u00edculos 309-1, 330 y 331 del C\u00f3digo Penal Dominicano y el art\u00edculo 396 letras B y C sobre el Sistema para la Protecci\u00f3n y los Derechos Fundamentales de los Ni\u00f1os, Ni\u00f1as y Adolescentes, que constituyen la agresi\u00f3n sexual y el abuso psicol\u00f3gico y sexual a una persona menor de edad.<\/span><\/p>\n<\/p>\n<p><span class=\"text1noticias\">Conforme estableci\u00f3 el Ministerio P\u00fablico el hecho ocurri\u00f3 en el mes de noviembre del a\u00f1o 2011, siendo el mismo denunciado por la madre de la menor ante las autoridades de la Unidad de Atenci\u00f3n a la Violencia Basada en G\u00e9nero, Intrafamiliar y Delitos Sexuales de Santiago, desde donde se iniciaron todas las diligencias de investigaci\u00f3n y de intervenci\u00f3n a favor de la v\u00edctima.<\/span><\/p>\n<\/p>\n<p><span class=\"text1noticias\"> <\/span><\/p>\n<h6> 2013-10-17 19:27:44 <\/h6>\n<p><!--\n<link rel=\"stylesheet\" href=\"css\/bootstrap.min.css\">\n\n\n<ul class=\"pagination\">\n\t    \n\t\n\n<li >\n\t<a href='?page_no=14590'>Previous<\/a>\n\t<\/li>\n\n\n       \n    \n\n<li><a href='?page_no=1'>1<\/a><\/li>\n\n\n\n<li><a href='?page_no=2'>2<\/a><\/li>\n\n\n\n<li><a>...<\/a><\/li>\n\n\n\n<li><a href='?page_no=14589'>14589<\/a><\/li>\n\n\n\n<li><a href='?page_no=14590'>14590<\/a><\/li>\n\n\n\n<li class='active'><a>14591<\/a><\/li>\n\n\n\n<li><a href='?page_no=14592'>14592<\/a><\/li>\n\n\n\n<li><a href='?page_no=14593'>14593<\/a><\/li>\n\n\n\n<li><a>...<\/a><\/li>\n\n\n\n<li><a href='?page_no=30472'>30472<\/a><\/li>\n\n\n\n<li><a href='?page_no=30473'>30473<\/a><\/li>\n\n    \n\t\n\n<li >\n\t<a href='?page_no=14592'>Next<\/a>\n\t<\/li>\n\n\n    \n\n<li><a href='?page_no=30473'>Last &rsaquo;&rsaquo;<\/a><\/li>\n\n<\/ul>\n\n\n--><br \/>\n<\/body><\/p>\n","protected":false},"excerpt":{"rendered":"<p>Montecristi, RD, 17 de Octubre.-El Ministerio P\u00fablico inform\u00f3 que rescat\u00f3 a dos menores de edad de un centro educativo de la comunidad de Villa V\u00e1squez, provincia Montecristi, que supuestamente eran v\u00edctimas de abuso sexual, f\u00edsico y psicol\u00f3gico por parte de su padre. Las autoridades informaron que procedieron a iniciar la investigaci\u00f3n del caso ante el [&hellip;]<\/p>\n","protected":false},"author":3,"featured_media":0,"comment_status":"open","ping_status":"open","sticky":false,"template":"","format":"standard","meta":{"footnotes":""},"categories":[18],"tags":[],"class_list":["post-99099","post","type-post","status-publish","format-standard","hentry","category-economia"],"_links":{"self":[{"href":"https:\/\/diariodominicano.com\/index.php?rest_route=\/wp\/v2\/posts\/99099","targetHints":{"allow":["GET"]}}],"collection":[{"href":"https:\/\/diariodominicano.com\/index.php?rest_route=\/wp\/v2\/posts"}],"about":[{"href":"https:\/\/diariodominicano.com\/index.php?rest_route=\/wp\/v2\/types\/post"}],"author":[{"embeddable":true,"href":"https:\/\/diariodominicano.com\/index.php?rest_route=\/wp\/v2\/users\/3"}],"replies":[{"embeddable":true,"href":"https:\/\/diariodominicano.com\/index.php?rest_route=%2Fwp%2Fv2%2Fcomments&post=99099"}],"version-history":[{"count":0,"href":"https:\/\/diariodominicano.com\/index.php?rest_route=\/wp\/v2\/posts\/99099\/revisions"}],"wp:attachment":[{"href":"https:\/\/diariodominicano.com\/index.php?rest_route=%2Fwp%2Fv2%2Fmedia&parent=99099"}],"wp:term":[{"taxonomy":"category","embeddable":true,"href":"https:\/\/diariodominicano.com\/index.php?rest_route=%2Fwp%2Fv2%2Fcategories&post=99099"},{"taxonomy":"post_tag","embeddable":true,"href":"https:\/\/diariodominicano.com\/index.php?rest_route=%2Fwp%2Fv2%2Ftags&post=99099"}],"curies":[{"name":"wp","href":"https:\/\/api.w.org\/{rel}","templated":true}]}}