{"id":99096,"date":"2013-10-17T22:46:14","date_gmt":"2013-10-17T22:46:14","guid":{"rendered":"http:\/\/diariodominicano.ddns.net\/?p=99096"},"modified":"2013-10-17T22:46:14","modified_gmt":"2013-10-17T22:46:14","slug":"presidente-danilo-medina-destaca-atractivos-de-republica-dominicana-para-la-inversion-extranjera","status":"publish","type":"post","link":"https:\/\/diariodominicano.com\/?p=99096","title":{"rendered":"Presidente Danilo Medina destaca atractivos  de Rep\u00fablica Dominicana  para la inversi\u00f3n  extranjera"},"content":{"rendered":"<p><body><\/p>\n<p><img decoding=\"async\" src=\"http:\/\/localhost:8080\/economia\/img3\/PRESIDENTE.jpg\" \/><br \/><img decoding=\"async\" src=\"http:\/\/localhost:8080\/economia\/img3\/mandatarios.jpg\" \/>  <\/p>\n<p><span class=\"text1noticias\">Por Henry Guti\u00e9rrez<\/span><\/p>\n<\/p>\n<p><span class=\"text1noticias\">Santo Domingo, RD, 17 de Octubre.-Durante su alocuci\u00f3n en la  IX Encuentro Empresarial Iberoamericano, Presidente Danilo Medina destac\u00f3 las bondades que tiene la Rep\u00fablica Dominicana para atraer  inversi\u00f3n extranjera.<\/span><\/p>\n<\/p>\n<p><span class=\"text1noticias\">Su alocuci\u00f3n estuvo basada en turismo, energ\u00eda, zonas francas y el campo dominicano.<\/span><\/p>\n<\/p>\n<p><span class=\"text1noticias\">El Mandatario Dominicano sostuvo que la  importancia  de su gobierno es simplificar la carga burocr\u00e1tica a los inversores.<\/span><\/p>\n<\/p>\n<p><span class=\"text1noticias\">Para esos fines esta en marcha la ventanilla \u00fanica de inversiones que atiende sectores estrat\u00e9gicos como turismo y obras p\u00fablicas y ampliar\u00e1 su \u00e1mbito de actuaci\u00f3n al resto de la econom\u00eda.<\/span><\/p>\n<\/p>\n<p><span class=\"text1noticias\">Record\u00f3 que desde el mismo momento que asumi\u00f3 el poder tom\u00f3 algunas medidas como son: la racionalizaci\u00f3n del gasto p\u00fablico, la centralizado las cuentas del Estado para garantizar que cada peso del presupuesto se emplea para el progreso del pueblo.<\/span><\/p>\n<\/p>\n<p><span class=\"text1noticias\">Afirm\u00f3 que la transparencia es la mejor aliada para que un pa\u00eds pueda tener un clima de inversi\u00f3n.<\/span><\/p>\n<\/p>\n<p><span class=\"text1noticias\">Medina indic\u00f3 que durante su gesti\u00f3n se le ha dado importancia a la transparencia de las compras del estado con las Pymes.<\/span><\/p>\n<\/p>\n<p><span class=\"text1noticias\">Asegur\u00f3 que realiza inversi\u00f3n para que miles de dominicanos puedan salir de la pobreza, no solo en el gasto social, sino tambi\u00e9n en el micro cr\u00e9dito, para que puedan emprender nuevgos negocios.<\/span><\/p>\n<\/p>\n<p><span class=\"text1noticias\">Turismo<\/span><\/p>\n<\/p>\n<p><span class=\"text1noticias\">Medina difini\u00f3 a Dominicana con playas infinitas, arena blanca, paisajes paradis\u00edacos, alegr\u00eda caribe\u00f1a, gente hospitalaria.<\/span><\/p>\n<\/p>\n<p><span class=\"text1noticias\">Sostuvo que Quisqueya fue  el a\u00f1o pasado el principal receptor de inversiones de Centroam\u00e9rica y el Caribe.<\/span><\/p>\n<\/p>\n<p><span class=\"text1noticias\">Record\u00f3 que el el a\u00f1o pasado RD llegaron el 45% de la inversi\u00f3n extranjera directa en ese periodo, por un monto total de 3,584 millones de d\u00f3lares.<\/span><\/p>\n<\/p>\n<p><span class=\"text1noticias\">Asegur\u00f3 que el pa\u00eds cuenta 12 puertos y 9 aeropuertos internacionales, con costos operativos competitivos, adem\u00e1s con una  infraestructura productiva avanzada, econom\u00eda diversificada y lo m\u00e1s importante, un capital humano excelente y talentoso.<\/span><\/p>\n<\/p>\n<p><span class=\"text1noticias\">El mandatario expres\u00f3 que Dominicana es el primer de s 1 de 6 pa\u00edses del mundo que cuentan, a la vez, con acuerdos preferenciales y libre comercio con EEUU y Uni\u00f3n Europea que proporciona reglas de origen flexibles y favorables que ofrecen tremendas ventajas para empresas establecidas en nuestro territorio.<\/span><\/p>\n<\/p>\n<p><span class=\"text1noticias\">Medina dijo que algunos de nuestros productos se encuentran tambi\u00e9n en el n\u00famero uno de rankings mundiales, tambi\u00e9n en el n\u00famero uno de rankings mundiales, el principal exportador de cigarros a EEUU, de ron hacia Espa\u00f1a y Chile,  el segundo exportador de cacao de Am\u00e9rica Latina y el Caribe y el tercer exportador mundial de equipos \u00f3pticos y m\u00e9dicos, entre otros.<\/span><\/p>\n<\/p>\n<p><span class=\"text1noticias\">Asimismo el Ejecutivo manifest\u00f3 que el pa\u00eds caribe\u00f1o cuenta con una de las cinco principales minas de oro en explotaci\u00f3n del mundo.<\/span><\/p>\n<\/p>\n<p><span class=\"text1noticias\">Al enumerar las cualidades indic\u00f3 que mpliando sus capacidades y buscando adaptarlos exitosamente a un entorno econ\u00f3mico en constante evoluci\u00f3npresenta confianza de los inversores en nuestra capacidad y en el amplio abanico de posibilidades que puede ofrecer.<\/span><\/p>\n<\/p>\n<p><span class=\"text1noticias\"> Precis\u00f3 que RD tanto se puede consolidar los destinos tradicionales como para abrir otros nuevos, pero con el reto de diversificar nuestra oferta, creando incentivos fiscales que atraigan la inversi\u00f3n, para ser el destino favorito de la regi\u00f3n.<\/span><\/p>\n<\/p>\n<p><span class=\"text1noticias\">Adem\u00e1s tiene la ventaja que se puede crear as\u00ed experiencias tur\u00edsticas estimulantes y nuevas oportunidades de negocio.<\/span><\/p>\n<\/p>\n<p><span class=\"text1noticias\">Presidente Medina puso como ejemplo En estos momentos est\u00e1 en proceso de remozamiento y se convertir\u00e1 en un inigualable punto de entrada al pa\u00eds.<\/span><\/p>\n<\/p>\n<p><span class=\"text1noticias\">Enfatiz\u00f3 en  impulsar el turismo de cruceros y el turismo ecol\u00f3gico, para esos fines el gobierno esta uniendo todas las localidades del pa\u00eds en una red de carreteras modernas y seguras, estos proyectos, aparte de suponer est\u00edmulo a la creaci\u00f3n de empleo, mejorar\u00e1n la accesibilidad de las zonas tur\u00edsticas.<\/span><\/p>\n<\/p>\n<p><span class=\"text1noticias\">Campo dominicano<\/span><\/p>\n<\/p>\n<p><span class=\"text1noticias\">El presidente Danilo Medina tambi\u00e9n hizo enfasis en el campo, del que estamos recuperando toda su pujanza y su rentabilidad, se ha realizado inversiones millonarias en forma de cr\u00e9ditos a la producci\u00f3n o de seguros agropecuarios,.<\/span><\/p>\n<\/p>\n<p><span class=\"text1noticias\">\u00abResultado de esto, est\u00e1 previsto este a\u00f1o RD rompa la barrera de 1,200 millones de d\u00f3lares en exportaciones agropecuarias\u00bb, adujo Medina.<\/span><\/p>\n<\/p>\n<p><span class=\"text1noticias\">Zona Franca<\/span><\/p>\n<\/p>\n<p><span class=\"text1noticias\">El Mandatario resalt\u00f3  que otro sector que merece toda nuestra atenci\u00f3n son las zonas francas de exportaci\u00f3n para creaci\u00f3n de empleo, transferencia de tecnolog\u00edas y generaci\u00f3n de divisas.<\/span><\/p>\n<\/p>\n<p><span class=\"text1noticias\">Energ\u00eda<\/span><\/p>\n<\/p>\n<p><span class=\"text1noticias\">El presidente Danilo Medina explic\u00f3 que la electricidad en dominicana merece prioridad es la energ\u00eda, la cual ha decidido hacer frente abriendo el sector a la inversi\u00f3n internacional.<\/span><\/p>\n<\/p>\n<p><span class=\"text1noticias\">Inform\u00f3 que ya esta en un licitaci\u00f3n dos plantas de carb\u00f3n que pueda absorber en los pr\u00f3ximos a\u00f1os la creciente demanda, pero al mismo tiempo deja la posibilidad de abrir para a nuevos proyectos e iniciativas.<\/span><\/p>\n<\/p>\n<p><span class=\"text1noticias\">Aclar\u00f3 que al terminar su gesti\u00f3n quiere dejar un sector el\u00e9ctrico moderno, competitivo y eficiente.<\/span><\/p>\n<\/p>\n<p><span class=\"text1noticias\">Luego de su participaci\u00f3n en la  IX Encuentro Empresarial, el Presidente Danilo Medina visit\u00f3  a su homologo Ricardo Martinelli, donde abordaron temas de inter\u00e9s para ambas naciones<\/span>.<\/p>\n<\/p>\n<\/p>\n<\/p>\n<\/p>\n<\/p>\n<h6> 2013-10-17 22:46:14 <\/h6>\n<p><!--\n<link rel=\"stylesheet\" href=\"css\/bootstrap.min.css\">\n\n\n<ul class=\"pagination\">\n\t    \n\t\n\n<li >\n\t<a href='?page_no=14588'>Previous<\/a>\n\t<\/li>\n\n\n       \n    \n\n<li><a href='?page_no=1'>1<\/a><\/li>\n\n\n\n<li><a href='?page_no=2'>2<\/a><\/li>\n\n\n\n<li><a>...<\/a><\/li>\n\n\n\n<li><a href='?page_no=14587'>14587<\/a><\/li>\n\n\n\n<li><a href='?page_no=14588'>14588<\/a><\/li>\n\n\n\n<li class='active'><a>14589<\/a><\/li>\n\n\n\n<li><a href='?page_no=14590'>14590<\/a><\/li>\n\n\n\n<li><a href='?page_no=14591'>14591<\/a><\/li>\n\n\n\n<li><a>...<\/a><\/li>\n\n\n\n<li><a href='?page_no=30472'>30472<\/a><\/li>\n\n\n\n<li><a href='?page_no=30473'>30473<\/a><\/li>\n\n    \n\t\n\n<li >\n\t<a href='?page_no=14590'>Next<\/a>\n\t<\/li>\n\n\n    \n\n<li><a href='?page_no=30473'>Last &rsaquo;&rsaquo;<\/a><\/li>\n\n<\/ul>\n\n\n--><br \/>\n<\/body><\/p>\n","protected":false},"excerpt":{"rendered":"<p>Por Henry Guti\u00e9rrez Santo Domingo, RD, 17 de Octubre.-Durante su alocuci\u00f3n en la IX Encuentro Empresarial Iberoamericano, Presidente Danilo Medina destac\u00f3 las bondades que tiene la Rep\u00fablica Dominicana para atraer inversi\u00f3n extranjera. Su alocuci\u00f3n estuvo basada en turismo, energ\u00eda, zonas francas y el campo dominicano. El Mandatario Dominicano sostuvo que la importancia de su gobierno [&hellip;]<\/p>\n","protected":false},"author":3,"featured_media":0,"comment_status":"open","ping_status":"open","sticky":false,"template":"","format":"standard","meta":{"footnotes":""},"categories":[18],"tags":[],"class_list":["post-99096","post","type-post","status-publish","format-standard","hentry","category-economia"],"_links":{"self":[{"href":"https:\/\/diariodominicano.com\/index.php?rest_route=\/wp\/v2\/posts\/99096","targetHints":{"allow":["GET"]}}],"collection":[{"href":"https:\/\/diariodominicano.com\/index.php?rest_route=\/wp\/v2\/posts"}],"about":[{"href":"https:\/\/diariodominicano.com\/index.php?rest_route=\/wp\/v2\/types\/post"}],"author":[{"embeddable":true,"href":"https:\/\/diariodominicano.com\/index.php?rest_route=\/wp\/v2\/users\/3"}],"replies":[{"embeddable":true,"href":"https:\/\/diariodominicano.com\/index.php?rest_route=%2Fwp%2Fv2%2Fcomments&post=99096"}],"version-history":[{"count":0,"href":"https:\/\/diariodominicano.com\/index.php?rest_route=\/wp\/v2\/posts\/99096\/revisions"}],"wp:attachment":[{"href":"https:\/\/diariodominicano.com\/index.php?rest_route=%2Fwp%2Fv2%2Fmedia&parent=99096"}],"wp:term":[{"taxonomy":"category","embeddable":true,"href":"https:\/\/diariodominicano.com\/index.php?rest_route=%2Fwp%2Fv2%2Fcategories&post=99096"},{"taxonomy":"post_tag","embeddable":true,"href":"https:\/\/diariodominicano.com\/index.php?rest_route=%2Fwp%2Fv2%2Ftags&post=99096"}],"curies":[{"name":"wp","href":"https:\/\/api.w.org\/{rel}","templated":true}]}}