{"id":99095,"date":"2013-10-17T23:26:32","date_gmt":"2013-10-17T23:26:32","guid":{"rendered":"http:\/\/diariodominicano.ddns.net\/?p=99095"},"modified":"2013-10-17T23:26:32","modified_gmt":"2013-10-17T23:26:32","slug":"presentan-imagen-grafica-de-la-marca-destino-puerto-plata-en-el-marco-de-apertura-de-su-feria-turistica","status":"publish","type":"post","link":"https:\/\/diariodominicano.com\/?p=99095","title":{"rendered":"Presentan imagen gr\u00e1fica de la marca destino Puerto Plata en el marco de apertura de su feria tur\u00edstica"},"content":{"rendered":"<p><body><\/p>\n<p><img decoding=\"async\" src=\"img3\/bandera.jpg\" \/>  <\/p>\n<p><span class=\"text1noticias\">Puerto Plata, RD, 17 de Octubre.-Dentro del marco de celebraci\u00f3n de la apertura de la segunda feria Discover Puerto Plata MarketPlace, el Cl\u00faster Tur\u00edstico de Puerto Plata present\u00f3 el concepto de la marca que representar\u00e1  en lo adelante a este destino de la Costa Norte de Rep\u00fablica Dominicana.<\/span><\/p>\n<\/p>\n<p><span class=\"text1noticias\">\u00abPuerto Plata\u00bb es el nombre escogido para el logotipo de la iniciativa dise\u00f1ada por la empresa norteamericana MMGY Global y desarrollada con el respaldo del Ministerio de Turismo de Rep\u00fablica Dominicana, con la cual se apuesta a proyectar una imagen moderna, unificada y diversificada de la oferta tur\u00edstica de la tambi\u00e9n conocida como \u00abNovia del Atl\u00e1ntico\u00bb.<\/span><\/p>\n<\/p>\n<p><span class=\"text1noticias\">Con esta nueva herramienta de mercadeo, el sector tur\u00edstico de esta provincia busca incentivar el mercado internacional, a trav\u00e9s de la promoci\u00f3n de sus recursos naturales, hist\u00f3ricos culturales y de aventura.<\/span><\/p>\n<\/p>\n<p><span class=\"text1noticias\">La idea que sustenta el nombre se obtuvo en base  a encuestas, entrevistas y otros m\u00e9todos de investigaci\u00f3n orientados a determinar la percepci\u00f3n de los viajeros sobre Puerto Plata y su gente.<\/span><\/p>\n<\/p>\n<p><span class=\"text1noticias\">La versi\u00f3n a todo color de la marca consiste en un llamativo dise\u00f1o basado en cuatro colores (azul, fucsia, amarillo y verde) los cuales representan la flora, la fauna, el mar y el ambiente festivo que se encuentra en esta provincia.<\/span><\/p>\n<\/p>\n<p><span class=\"text1noticias\">Durante la ceremonia de apertura se dio a conocer adem\u00e1s, que la marca consta de un elemento gr\u00e1fico  donde la letra \u00abo\u00bb de la palabra \u00abpuerto\u00bb, representa un sol, y a la vez una br\u00fajula que con sus peque\u00f1as flechas apuntan hacia los puntos cardinales, invitando al visitante a explorar este singular destino desde todas sus vertientes.<\/span><\/p>\n<\/p>\n<p><span class=\"text1noticias\">Los resultados arrojados por la consultor\u00eda hecha por MMGY Global describen a Puerto Plata como un referente ideal para todos aquellos que optan por el turismo de experiencias y aventura, porque posee un entorno \u00fanico, una vasta historia y una rica cultura que inspira a los visitantes a expandir sus horizontes y a disfrutar de sus pasiones al m\u00e1ximo.(HG)<\/span>.<\/p>\n<\/p>\n<h6> 2013-10-17 23:26:32 <\/h6>\n<p><!--\n<link rel=\"stylesheet\" href=\"css\/bootstrap.min.css\">\n\n\n<ul class=\"pagination\">\n\t    \n\t\n\n<li >\n\t<a href='?page_no=14587'>Previous<\/a>\n\t<\/li>\n\n\n       \n    \n\n<li><a href='?page_no=1'>1<\/a><\/li>\n\n\n\n<li><a href='?page_no=2'>2<\/a><\/li>\n\n\n\n<li><a>...<\/a><\/li>\n\n\n\n<li><a href='?page_no=14586'>14586<\/a><\/li>\n\n\n\n<li><a href='?page_no=14587'>14587<\/a><\/li>\n\n\n\n<li class='active'><a>14588<\/a><\/li>\n\n\n\n<li><a href='?page_no=14589'>14589<\/a><\/li>\n\n\n\n<li><a href='?page_no=14590'>14590<\/a><\/li>\n\n\n\n<li><a>...<\/a><\/li>\n\n\n\n<li><a href='?page_no=30472'>30472<\/a><\/li>\n\n\n\n<li><a href='?page_no=30473'>30473<\/a><\/li>\n\n    \n\t\n\n<li >\n\t<a href='?page_no=14589'>Next<\/a>\n\t<\/li>\n\n\n    \n\n<li><a href='?page_no=30473'>Last &rsaquo;&rsaquo;<\/a><\/li>\n\n<\/ul>\n\n\n--><br \/>\n<\/body><\/p>\n","protected":false},"excerpt":{"rendered":"<p>Puerto Plata, RD, 17 de Octubre.-Dentro del marco de celebraci\u00f3n de la apertura de la segunda feria Discover Puerto Plata MarketPlace, el Cl\u00faster Tur\u00edstico de Puerto Plata present\u00f3 el concepto de la marca que representar\u00e1 en lo adelante a este destino de la Costa Norte de Rep\u00fablica Dominicana. \u00abPuerto Plata\u00bb es el nombre escogido para [&hellip;]<\/p>\n","protected":false},"author":3,"featured_media":0,"comment_status":"open","ping_status":"open","sticky":false,"template":"","format":"standard","meta":{"footnotes":""},"categories":[18],"tags":[],"class_list":["post-99095","post","type-post","status-publish","format-standard","hentry","category-economia"],"_links":{"self":[{"href":"https:\/\/diariodominicano.com\/index.php?rest_route=\/wp\/v2\/posts\/99095","targetHints":{"allow":["GET"]}}],"collection":[{"href":"https:\/\/diariodominicano.com\/index.php?rest_route=\/wp\/v2\/posts"}],"about":[{"href":"https:\/\/diariodominicano.com\/index.php?rest_route=\/wp\/v2\/types\/post"}],"author":[{"embeddable":true,"href":"https:\/\/diariodominicano.com\/index.php?rest_route=\/wp\/v2\/users\/3"}],"replies":[{"embeddable":true,"href":"https:\/\/diariodominicano.com\/index.php?rest_route=%2Fwp%2Fv2%2Fcomments&post=99095"}],"version-history":[{"count":0,"href":"https:\/\/diariodominicano.com\/index.php?rest_route=\/wp\/v2\/posts\/99095\/revisions"}],"wp:attachment":[{"href":"https:\/\/diariodominicano.com\/index.php?rest_route=%2Fwp%2Fv2%2Fmedia&parent=99095"}],"wp:term":[{"taxonomy":"category","embeddable":true,"href":"https:\/\/diariodominicano.com\/index.php?rest_route=%2Fwp%2Fv2%2Fcategories&post=99095"},{"taxonomy":"post_tag","embeddable":true,"href":"https:\/\/diariodominicano.com\/index.php?rest_route=%2Fwp%2Fv2%2Ftags&post=99095"}],"curies":[{"name":"wp","href":"https:\/\/api.w.org\/{rel}","templated":true}]}}