{"id":99092,"date":"2013-10-18T16:38:34","date_gmt":"2013-10-18T16:38:34","guid":{"rendered":"http:\/\/diariodominicano.ddns.net\/?p=99092"},"modified":"2013-10-18T16:38:34","modified_gmt":"2013-10-18T16:38:34","slug":"mepyd-y-el-banco-mundial-lanzaran-un-proyecto-sobre-participacion-ciudadana-y-gestion-de-gobiernos","status":"publish","type":"post","link":"https:\/\/diariodominicano.com\/?p=99092","title":{"rendered":"MEPyD y el Banco Mundial lanzar\u00e1n un proyecto sobre participaci\u00f3n ciudadana y gesti\u00f3n de gobiernos &#13;"},"content":{"rendered":"<p><body><\/p>\n<p><span class=\"text1noticias\"> <\/span><\/p>\n<p><span class=\"text1noticias\">SANTO DOMINGO, RD, 18 de Octubre.- El Ministerio de Econom\u00eda, Planificaci\u00f3n y Desarrollo y el Banco Mundial lanzar\u00e1n el lunes un proyecto que fomenta cambios en la cultura de participaci\u00f3n ciudadana y la gesti\u00f3n de gobierno orientados hacia pol\u00edticas fiscales m\u00e1s justas, equitativas y participativas.<\/span><\/p>\n<\/p>\n<p><span class=\"text1noticias\">\tLa Unidad de Comunicaciones del Ministerio de Econom\u00eda inform\u00f3 este viernes que este proyecto es auspiciado por la Alianza Global para la Auditor\u00eda Social (GPSA, por sus siglas en ingl\u00e9s).<\/span><\/p>\n<\/p>\n<p><span class=\"text1noticias\">El lanzamiento ser\u00e1 este lunes 21 de octubre a las 2:30 de la tarde en las oficinas del Banco Mundial, ubicadas en el edificio Novo Centro, situado en la avenida Lope de Vega.<\/span><\/p>\n<\/p>\n<p><span class=\"text1noticias\">\tLas palabras de bienvenida al acto, al que asistir\u00e1 el ministro Tem\u00edstocles Mont\u00e1s y la Directora para el Caribe del Banco Mundial, Sophie Sirtaine, las dir\u00e1 la Especialista en Sociedad Civil para Am\u00e9rica Latina y el Caribe de esa instituci\u00f3n, Andrea Gallina.<\/span><\/p>\n<\/p>\n<p><span class=\"text1noticias\">\tLos objetivos, alcances y resultados esperados con la ejecuci\u00f3n de este proyecto los expondr\u00e1 la directora ejecutiva  de la Fundaci\u00f3n Interm\u00f3n Oxfam, Rosa Ca\u00f1ete.<\/span><\/p>\n<\/p>\n<p><span class=\"text1noticias\">\tSobre el rol de la auditor\u00eda social y la rendici\u00f3n de cuentas para la lucha contra la pobreza hablar\u00e1 la directora de la Unidad de An\u00e1lisis Econ\u00f3mico y Social del Ministerio de Econom\u00eda, Magdalena Lizardo, miembro del comit\u00e9 directivo de GPSA.<\/span><\/p>\n<\/p>\n<p><span class=\"text1noticias\">\tY las palabras de clausura las pronunciar\u00e1 la directora del Banco Mundial para el \u00e1rea del Caribe, Sophie Sirtaine.<\/span><\/p>\n<\/p>\n<\/p>\n<\/p>\n<h6> 2013-10-18 16:38:34 <\/h6>\n<p><!--\n<link rel=\"stylesheet\" href=\"css\/bootstrap.min.css\">\n\n\n<ul class=\"pagination\">\n\t    \n\t\n\n<li >\n\t<a href='?page_no=14584'>Previous<\/a>\n\t<\/li>\n\n\n       \n    \n\n<li><a href='?page_no=1'>1<\/a><\/li>\n\n\n\n<li><a href='?page_no=2'>2<\/a><\/li>\n\n\n\n<li><a>...<\/a><\/li>\n\n\n\n<li><a href='?page_no=14583'>14583<\/a><\/li>\n\n\n\n<li><a href='?page_no=14584'>14584<\/a><\/li>\n\n\n\n<li class='active'><a>14585<\/a><\/li>\n\n\n\n<li><a href='?page_no=14586'>14586<\/a><\/li>\n\n\n\n<li><a href='?page_no=14587'>14587<\/a><\/li>\n\n\n\n<li><a>...<\/a><\/li>\n\n\n\n<li><a href='?page_no=30472'>30472<\/a><\/li>\n\n\n\n<li><a href='?page_no=30473'>30473<\/a><\/li>\n\n    \n\t\n\n<li >\n\t<a href='?page_no=14586'>Next<\/a>\n\t<\/li>\n\n\n    \n\n<li><a href='?page_no=30473'>Last &rsaquo;&rsaquo;<\/a><\/li>\n\n<\/ul>\n\n\n--><br \/>\n<\/body><\/p>\n","protected":false},"excerpt":{"rendered":"<p>SANTO DOMINGO, RD, 18 de Octubre.- El Ministerio de Econom\u00eda, Planificaci\u00f3n y Desarrollo y el Banco Mundial lanzar\u00e1n el lunes un proyecto que fomenta cambios en la cultura de participaci\u00f3n ciudadana y la gesti\u00f3n de gobierno orientados hacia pol\u00edticas fiscales m\u00e1s justas, equitativas y participativas. La Unidad de Comunicaciones del Ministerio de Econom\u00eda inform\u00f3 este [&hellip;]<\/p>\n","protected":false},"author":3,"featured_media":0,"comment_status":"open","ping_status":"open","sticky":false,"template":"","format":"standard","meta":{"footnotes":""},"categories":[18],"tags":[],"class_list":["post-99092","post","type-post","status-publish","format-standard","hentry","category-economia"],"_links":{"self":[{"href":"https:\/\/diariodominicano.com\/index.php?rest_route=\/wp\/v2\/posts\/99092","targetHints":{"allow":["GET"]}}],"collection":[{"href":"https:\/\/diariodominicano.com\/index.php?rest_route=\/wp\/v2\/posts"}],"about":[{"href":"https:\/\/diariodominicano.com\/index.php?rest_route=\/wp\/v2\/types\/post"}],"author":[{"embeddable":true,"href":"https:\/\/diariodominicano.com\/index.php?rest_route=\/wp\/v2\/users\/3"}],"replies":[{"embeddable":true,"href":"https:\/\/diariodominicano.com\/index.php?rest_route=%2Fwp%2Fv2%2Fcomments&post=99092"}],"version-history":[{"count":0,"href":"https:\/\/diariodominicano.com\/index.php?rest_route=\/wp\/v2\/posts\/99092\/revisions"}],"wp:attachment":[{"href":"https:\/\/diariodominicano.com\/index.php?rest_route=%2Fwp%2Fv2%2Fmedia&parent=99092"}],"wp:term":[{"taxonomy":"category","embeddable":true,"href":"https:\/\/diariodominicano.com\/index.php?rest_route=%2Fwp%2Fv2%2Fcategories&post=99092"},{"taxonomy":"post_tag","embeddable":true,"href":"https:\/\/diariodominicano.com\/index.php?rest_route=%2Fwp%2Fv2%2Ftags&post=99092"}],"curies":[{"name":"wp","href":"https:\/\/api.w.org\/{rel}","templated":true}]}}