{"id":99091,"date":"2013-10-18T17:14:30","date_gmt":"2013-10-18T17:14:30","guid":{"rendered":"http:\/\/diariodominicano.ddns.net\/?p=99091"},"modified":"2013-10-18T17:14:30","modified_gmt":"2013-10-18T17:14:30","slug":"afirma-agroindustria-agrega-valor-al-cacao-dominicano","status":"publish","type":"post","link":"https:\/\/diariodominicano.com\/?p=99091","title":{"rendered":"Afirma agroindustria agrega valor al cacao dominicano"},"content":{"rendered":"<p><body><\/p>\n<p><img decoding=\"async\" src=\"img3\/agro18101300.jpg\" \/>  <\/p>\n<p><span class=\"text1noticias\">SANTO DOMINGO, RD, 18 de Octubre.-  El ministro de Agricultura, Luis Ram\u00f3n Rodr\u00edguez, realiz\u00f3 una visita a la agroindustria Cort\u00e9s Hermanos, donde observ\u00f3 los  procesos que tiene la empresa en su l\u00ednea de producci\u00f3n, lo que afirm\u00f3 agrega valor a la cadena de cacao.<\/span><\/p>\n<\/p>\n<p><span class=\"text1noticias\">Durante el recorrido por las instalaciones de la industria, Rodr\u00edguez observ\u00f3 los novedosos avances tecnol\u00f3gicos que utiliza la entidad para la elaboraci\u00f3n de productos a base de cacao dominicano como principal materia prima para producir chocolate.<\/span><\/p>\n<\/p>\n<p><span class=\"text1noticias\">\u00abLa instalaci\u00f3n de estos modernos equipos permite agregar valor a la cadena de cacao  y aumentar los ingresos de los productores\u00bb, dijo el funcionario.<\/span><\/p>\n<\/p>\n<p><span class=\"text1noticias\">Record\u00f3 la calidad del cacao dominicano, la que atribuye a los esfuerzos que realizan las autoridades, productores, comercializadores, exportadores y t\u00e9cnicos para que el producto est\u00e9 altamente posicionado en los mercados locales e internacionales.<\/span><\/p>\n<\/p>\n<p><span class=\"text1noticias\">Inform\u00f3 que las exportaciones de cacao aportaron a la econom\u00eda nacional m\u00e1s de 180 millones de d\u00f3lares en la cosecha cacaotera 2013-2013, con una producci\u00f3n hist\u00f3rica superior a las 70 mil toneladas m\u00e9tricas, haciendo de nuestro pa\u00eds el mayor exportador de cacao org\u00e1nico y el segundo de cacao fino o de aroma del continente y del mundo.<\/span><\/p>\n<\/p>\n<p><span class=\"text1noticias\">Ignacio Cort\u00e9s, presidente de la empresa agradeci\u00f3 la visita del ministro Rodr\u00edguez a sus instalaciones, y dijo que la entidad tiene el compromiso de llevar en sus productos el cacao dominicano a los consumidores nacionales y al mundo entero.<\/span><\/p>\n<\/p>\n<p><span class=\"text1noticias\">Destac\u00f3 el apoyo que est\u00e1 dando el Ministerio de Agricultura al sector cacaotero, ya que los resultados se est\u00e1n viendo a favor de todos los productores y procesadores en todo el pa\u00eds.<\/span><\/p>\n<\/p>\n<p><span class=\"text1noticias\">El ministro Rodr\u00edguez estuvo acompa\u00f1ado por los Viceministro de Producci\u00f3n, Luis Yanguela, y Administrativo, Luis Guti\u00e9rrez, entre otros funcionarios de Agricultura.<\/span><\/p>\n<\/p>\n<\/p>\n<\/p>\n<h6> 2013-10-18 17:14:30 <\/h6>\n<p><!--\n<link rel=\"stylesheet\" href=\"css\/bootstrap.min.css\">\n\n\n<ul class=\"pagination\">\n\t    \n\t\n\n<li >\n\t<a href='?page_no=14583'>Previous<\/a>\n\t<\/li>\n\n\n       \n    \n\n<li><a href='?page_no=1'>1<\/a><\/li>\n\n\n\n<li><a href='?page_no=2'>2<\/a><\/li>\n\n\n\n<li><a>...<\/a><\/li>\n\n\n\n<li><a href='?page_no=14582'>14582<\/a><\/li>\n\n\n\n<li><a href='?page_no=14583'>14583<\/a><\/li>\n\n\n\n<li class='active'><a>14584<\/a><\/li>\n\n\n\n<li><a href='?page_no=14585'>14585<\/a><\/li>\n\n\n\n<li><a href='?page_no=14586'>14586<\/a><\/li>\n\n\n\n<li><a>...<\/a><\/li>\n\n\n\n<li><a href='?page_no=30472'>30472<\/a><\/li>\n\n\n\n<li><a href='?page_no=30473'>30473<\/a><\/li>\n\n    \n\t\n\n<li >\n\t<a href='?page_no=14585'>Next<\/a>\n\t<\/li>\n\n\n    \n\n<li><a href='?page_no=30473'>Last &rsaquo;&rsaquo;<\/a><\/li>\n\n<\/ul>\n\n\n--><br \/>\n<\/body><\/p>\n","protected":false},"excerpt":{"rendered":"<p>SANTO DOMINGO, RD, 18 de Octubre.- El ministro de Agricultura, Luis Ram\u00f3n Rodr\u00edguez, realiz\u00f3 una visita a la agroindustria Cort\u00e9s Hermanos, donde observ\u00f3 los procesos que tiene la empresa en su l\u00ednea de producci\u00f3n, lo que afirm\u00f3 agrega valor a la cadena de cacao. Durante el recorrido por las instalaciones de la industria, Rodr\u00edguez observ\u00f3 [&hellip;]<\/p>\n","protected":false},"author":3,"featured_media":0,"comment_status":"open","ping_status":"open","sticky":false,"template":"","format":"standard","meta":{"footnotes":""},"categories":[18],"tags":[],"class_list":["post-99091","post","type-post","status-publish","format-standard","hentry","category-economia"],"_links":{"self":[{"href":"https:\/\/diariodominicano.com\/index.php?rest_route=\/wp\/v2\/posts\/99091","targetHints":{"allow":["GET"]}}],"collection":[{"href":"https:\/\/diariodominicano.com\/index.php?rest_route=\/wp\/v2\/posts"}],"about":[{"href":"https:\/\/diariodominicano.com\/index.php?rest_route=\/wp\/v2\/types\/post"}],"author":[{"embeddable":true,"href":"https:\/\/diariodominicano.com\/index.php?rest_route=\/wp\/v2\/users\/3"}],"replies":[{"embeddable":true,"href":"https:\/\/diariodominicano.com\/index.php?rest_route=%2Fwp%2Fv2%2Fcomments&post=99091"}],"version-history":[{"count":0,"href":"https:\/\/diariodominicano.com\/index.php?rest_route=\/wp\/v2\/posts\/99091\/revisions"}],"wp:attachment":[{"href":"https:\/\/diariodominicano.com\/index.php?rest_route=%2Fwp%2Fv2%2Fmedia&parent=99091"}],"wp:term":[{"taxonomy":"category","embeddable":true,"href":"https:\/\/diariodominicano.com\/index.php?rest_route=%2Fwp%2Fv2%2Fcategories&post=99091"},{"taxonomy":"post_tag","embeddable":true,"href":"https:\/\/diariodominicano.com\/index.php?rest_route=%2Fwp%2Fv2%2Ftags&post=99091"}],"curies":[{"name":"wp","href":"https:\/\/api.w.org\/{rel}","templated":true}]}}