{"id":99090,"date":"2013-10-19T13:49:05","date_gmt":"2013-10-19T13:49:05","guid":{"rendered":"http:\/\/diariodominicano.ddns.net\/?p=99090"},"modified":"2013-10-19T13:49:05","modified_gmt":"2013-10-19T13:49:05","slug":"montas-destaca-significativa-reduccion-de-pobreza-en-la-provincia-duarte-en-10-anos","status":"publish","type":"post","link":"https:\/\/diariodominicano.com\/?p=99090","title":{"rendered":"Mont\u00e1s destaca significativa reducci\u00f3n de pobreza en la provincia Duarte en 10 a\u00f1os"},"content":{"rendered":"<p><body><\/p>\n<p><img decoding=\"async\" src=\"http:\/\/localhost:8080\/economia\/img3\/temo00001.jpg\" \/><br \/><img decoding=\"async\" src=\"img3\/temo00002.jpg\" \/>  <\/p>\n<p><span class=\"text1noticias\"> <\/span><\/p>\n<p><span class=\"text1noticias\">SAN FRANCISCO DE MACORIS, DUARTE, RD, 19 de Octubre.- La provincia Duarte redujo sus niveles de pobreza de un 47.9 por ciento en el 2002 a un 41.6 por ciento en el 2012 y ocupa el  n\u00famero 11 entre las demarcaciones con mayor \u00cdndice de Desarrollo Humano en el pa\u00eds, seg\u00fan la Estrategia Nacional de Desarrollo (END) que se aplica por mandato de ley.<\/span><\/p>\n<\/p>\n<p><span class=\"text1noticias\">El dato lo expuso  anoche  el Ministro de Econom\u00eda, Planificaci\u00f3n y Desarrollo, ingeniero Tem\u00edstocles Mont\u00e1s, al pronunciar la conferencia \u00abPlan de Desarrollo Estrategico de la Provincia Duarte\u00bb que dict\u00f3 en el Club la Esperanza, de esta ciudad, invitado por el Movimiento para el Desarrollo de la Provincia Duarte.<\/span><\/p>\n<\/p>\n<p><span class=\"text1noticias\"> Mont\u00e1s, de acuerdo a una nota de la Unidad de Comunicaci\u00f3nes del Ministerio de Econom\u00eda,  se\u00f1al\u00f3 que esta demarcaci\u00f3n tiene un alto nivel educativo, con relaci\u00f3n al pa\u00eds, y que proyecta \u00abmodernizar el sistema educativo a todos los niveles\u00bb.<\/span><\/p>\n<\/p>\n<p><span class=\"text1noticias\">Al disertar ante un numeroso p\u00fablico en el que figuraban autoridades provinciales y municipales, asi como legisladores, el funcionario cit\u00f3 que entre los objetivos generales de la END est\u00e1n \u00abfortalecer las capacidades t\u00e9cnicas, gerenciales y de planificaci\u00f3n de los gobiernos locales para formular y ejecutar pol\u00edticas p\u00fablicas de manera articulada con el Gobierno Central\u00bb.<\/span><\/p>\n<\/p>\n<p><span class=\"text1noticias\">Detall\u00f3 que en la actualidad esta provincia tiene una poblaci\u00f3n de 291,734 personas (hay m\u00e1s hombres que mujeres) y la mayor\u00eda vive en la zona urbana, teniendo el municipio de San Francisco de Macor\u00eds la mayor concentraci\u00f3n poblacional.<\/span><\/p>\n<\/p>\n<p><span class=\"text1noticias\">El acto, que forma parte de las celebraciones del 235 aniversario de la fundaci\u00f3n de la provincia Duarte, se inici\u00f3 con palabras del licenciado Luis Paula, Coordinador del  movimiento pro-desarrollo provincial, seguido de la gobernadora Miledys N\u00fa\u00f1ez y del ingeniero Rafael Fern\u00e1ndez, Director de Planificaci\u00f3n de la Universidad Cat\u00f3lica Nordestana. La semblanza del Ministro Mont\u00e1s fue presentada por Roberto Liz.<\/span><\/p>\n<p><span class=\"text1noticias\">Se destac\u00f3 la presencia de la mayor\u00eda de los alcaldes de los municipios que integran la provincia, asi como de legisladores, entre ellos los diputados Juan Jos\u00e9 Rosario y Gistavo S\u00e1nchez,  \u00e9ste \u00faltimo del Distrito Nacional.<\/span><\/p>\n<\/p>\n<p><span class=\"text1noticias\">Mont\u00e1s dijo que entre los principales objetivos de la END 2030 para la provincia Duarte est\u00e1n, adem\u00e1s de reformar la educaci\u00f3n, impulsar el desarrollo de la red p\u00fablica de salud y de redes privadas, mejorando la calidad sustentada en la estrategia de atenci\u00f3n primaria.<\/span><\/p>\n<\/p>\n<p><span class=\"text1noticias\">Tambi\u00e9n, \u00abimpulsar formas eficientes de provisi\u00f3n de infraestructura, servicios e insumos que eleven la calidad de vida y productividad de los procesos de producci\u00f3n y distribuci\u00f3n agroalimentaria y forestal\u00bb.<\/span><\/p>\n<p><span class=\"text1noticias\">El ministro mostr\u00f3 que de acuerdo a la END 2030 el 16 por ciento de la poblaci\u00f3n duartiana es universitaria, cuando la media del pa\u00eds es de 13.7 por ciento, pero que hay un alto \u00edndice de deserci\u00f3n escolar en el nivel b\u00e1sico que hay que enfrentar.<\/span><\/p>\n<\/p>\n<p><span class=\"text1noticias\">Dentro de los principales retos que el funcionario cree que hay que superar en esta provincia est\u00e1n la reducci\u00f3n de las tasas de mortalidad materna e infantil, las de adolescentes embarazadas y las de homicidios, que est\u00e1n por encima de la media nacional.<\/span><\/p>\n<\/p>\n<p><span class=\"text1noticias\">Finalmente, Tem\u00edstocles Mont\u00e1s manifest\u00f3 que la END 2030 para la provincia Duarte tambi\u00e9n estipula brindar la oportunidad de tenencia de tierra a j\u00f3venes y a mujeres para facilitarles el acceso al cr\u00e9dito \u00aby a la inversi\u00f3n necesaria para la producci\u00f3n sostenible\u00bb.<\/span><\/p>\n<\/p>\n<\/p>\n<\/p>\n<h6> 2013-10-19 13:49:05 <\/h6>\n<p><!--\n<link rel=\"stylesheet\" href=\"css\/bootstrap.min.css\">\n\n\n<ul class=\"pagination\">\n\t    \n\t\n\n<li >\n\t<a href='?page_no=14582'>Previous<\/a>\n\t<\/li>\n\n\n       \n    \n\n<li><a href='?page_no=1'>1<\/a><\/li>\n\n\n\n<li><a href='?page_no=2'>2<\/a><\/li>\n\n\n\n<li><a>...<\/a><\/li>\n\n\n\n<li><a href='?page_no=14581'>14581<\/a><\/li>\n\n\n\n<li><a href='?page_no=14582'>14582<\/a><\/li>\n\n\n\n<li class='active'><a>14583<\/a><\/li>\n\n\n\n<li><a href='?page_no=14584'>14584<\/a><\/li>\n\n\n\n<li><a href='?page_no=14585'>14585<\/a><\/li>\n\n\n\n<li><a>...<\/a><\/li>\n\n\n\n<li><a href='?page_no=30472'>30472<\/a><\/li>\n\n\n\n<li><a href='?page_no=30473'>30473<\/a><\/li>\n\n    \n\t\n\n<li >\n\t<a href='?page_no=14584'>Next<\/a>\n\t<\/li>\n\n\n    \n\n<li><a href='?page_no=30473'>Last &rsaquo;&rsaquo;<\/a><\/li>\n\n<\/ul>\n\n\n--><br \/>\n<\/body><\/p>\n","protected":false},"excerpt":{"rendered":"<p>SAN FRANCISCO DE MACORIS, DUARTE, RD, 19 de Octubre.- La provincia Duarte redujo sus niveles de pobreza de un 47.9 por ciento en el 2002 a un 41.6 por ciento en el 2012 y ocupa el n\u00famero 11 entre las demarcaciones con mayor \u00cdndice de Desarrollo Humano en el pa\u00eds, seg\u00fan la Estrategia Nacional de [&hellip;]<\/p>\n","protected":false},"author":3,"featured_media":0,"comment_status":"open","ping_status":"open","sticky":false,"template":"","format":"standard","meta":{"footnotes":""},"categories":[18],"tags":[],"class_list":["post-99090","post","type-post","status-publish","format-standard","hentry","category-economia"],"_links":{"self":[{"href":"https:\/\/diariodominicano.com\/index.php?rest_route=\/wp\/v2\/posts\/99090","targetHints":{"allow":["GET"]}}],"collection":[{"href":"https:\/\/diariodominicano.com\/index.php?rest_route=\/wp\/v2\/posts"}],"about":[{"href":"https:\/\/diariodominicano.com\/index.php?rest_route=\/wp\/v2\/types\/post"}],"author":[{"embeddable":true,"href":"https:\/\/diariodominicano.com\/index.php?rest_route=\/wp\/v2\/users\/3"}],"replies":[{"embeddable":true,"href":"https:\/\/diariodominicano.com\/index.php?rest_route=%2Fwp%2Fv2%2Fcomments&post=99090"}],"version-history":[{"count":0,"href":"https:\/\/diariodominicano.com\/index.php?rest_route=\/wp\/v2\/posts\/99090\/revisions"}],"wp:attachment":[{"href":"https:\/\/diariodominicano.com\/index.php?rest_route=%2Fwp%2Fv2%2Fmedia&parent=99090"}],"wp:term":[{"taxonomy":"category","embeddable":true,"href":"https:\/\/diariodominicano.com\/index.php?rest_route=%2Fwp%2Fv2%2Fcategories&post=99090"},{"taxonomy":"post_tag","embeddable":true,"href":"https:\/\/diariodominicano.com\/index.php?rest_route=%2Fwp%2Fv2%2Ftags&post=99090"}],"curies":[{"name":"wp","href":"https:\/\/api.w.org\/{rel}","templated":true}]}}