{"id":99089,"date":"2013-10-19T14:12:38","date_gmt":"2013-10-19T14:12:38","guid":{"rendered":"http:\/\/diariodominicano.ddns.net\/?p=99089"},"modified":"2013-10-19T14:12:38","modified_gmt":"2013-10-19T14:12:38","slug":"cooperativas-generan-59-mil-empleos-conacoop-inicia-v-convencion","status":"publish","type":"post","link":"https:\/\/diariodominicano.com\/?p=99089","title":{"rendered":"Cooperativas generan 59 mil empleos; Conacoop inicia V Convenci\u00f3n"},"content":{"rendered":"<p><body><\/p>\n<p><img decoding=\"async\" src=\"img3\/julito000.jpg\" \/>  <\/p>\n<p><span class=\"text1noticias\"> <\/span><\/p>\n<p><span class=\"text1noticias\">SERVICIO ESPECIAL<\/span><\/p>\n<p><span class=\"text1noticias\"> <\/span><\/p>\n<p><span class=\"text1noticias\">BAYAHIBE, La Romana, 19 de Octubre.-   El cooperatvismo es una actitud social de emprendimiento empresarial solidario que agrupa en el pa\u00eds ya a   un mill\u00f3n 300 mil socios, las 586 cooperativas que operan en el pa\u00eds ofrecen  empleos directos a m\u00e1s de 59 mil personas, equivalente al 28 por ciento de la poblaci\u00f3n econ\u00f3micamente activa.<\/span><\/p>\n<\/p>\n<p><span class=\"text1noticias\">La revelaci\u00f3n la hace el  presidente del Consejo Nacional de Cooperativas (CONACOOP), profesor Julito Fulcar, quien  resalt\u00f3 el potencial del sector cooperativo como instrumento de producci\u00f3n, generaci\u00f3n de riqueza y empleos en la Rep\u00fablica Dominicana, con un 28% del PBI.<\/span><\/p>\n<\/p>\n<p><span class=\"text1noticias\">En un discurso pronunciado al intervenir en la V Convenci\u00f3n Financiera del Cooperativismo Dominicano, Fulcar  dijo que  el sector aporta el 2% del Sistema Financiero Nacional,  con activos de RD$68 mil millones y pasivos de RD$ 27 mil millones, como lo indican los datos del IV Censo Nacional de Cooperativas.<\/span><\/p>\n<\/p>\n<p><span class=\"text1noticias\">\u00abEstos datos demuestran claramente que por cada peso en deuda contamos con tres pesos, dejando claramente establecida la solidez de nuestro sector\u00bb, apunt\u00f3 Fulcar Encarnaci\u00f3n en  su intervenci\u00f3n en el c\u00f3nclave.<\/span><\/p>\n<\/p>\n<p><span class=\"text1noticias\">Dijo que el hecho de que esta V Convenci\u00f3n Financiera del Cooperativismo Dominicano se convoca bajo la consigna \u00abCooperativas Generando Riquezas en la D\u00e9cada del Cooperativismo\u00bb expresa claramente la visi\u00f3n y el compromiso de seguir impulsando el desarrollo de un cooperativismo orientado al bienestar general de los socios, su familia y la comunidad.<\/span><\/p>\n<\/p>\n<p><span class=\"text1noticias\">Hablando ante 300 delegados y delegadas de unas 200 cooperativas y   representantes de m\u00e1s de doscientas empresas cooperativas, adem\u00e1s de delegaciones oficiales  de Honduras, Costa Rica, El Salvador, Colombia, Puerto Rico, Cuba, Curazao, Hait\u00ed y Espa\u00f1a, el dirigente  destac\u00f3 el crecimiento sostenido del cooperativismo en Latinoam\u00e9rica, el Caribe y todo el mundo, con casi mil 100 millones de socios, generando cien millones de empleos, y dijo que s\u00f3lo durante el pasado a\u00f1o 2012 las ventas de las 300 empresas cooperativas del mundo totalizaban US$ 1.1 trillones.<\/span><\/p>\n<\/p>\n<p><span class=\"text1noticias\">Durante la  V Convenci\u00f3n Financiera del Cooperativismo Dominicano tambi\u00e9n intervino el presidente de la Confederaci\u00f3n de Cooperativas del Caribe, Centro y Suram\u00e9rica (CCC-CA), Germ\u00e1n Astul Mej\u00eda, quien consider\u00f3 el evento como una gran iniciativa para el fortalecimiento del sector.<\/span><\/p>\n<\/p>\n<p><span class=\"text1noticias\">\u00abEn la CCC-CA y CONACOOP estamos conscientes de la ingente necesidad de preparaci\u00f3n de la dirigencia y gerencia y de ah\u00ed se deriva este importante evento, en que habr\u00e1n de adquirirse los conocimientos para tomar las decisiones m\u00e1s oportunas y precisa que nos hagan salir airosos de todo riesgo y desaf\u00edo\u00bb, asever\u00f3.<\/span><\/p>\n<\/p>\n<p><span class=\"text1noticias\">Tambi\u00e9n particip\u00f3 el director ejecutivo de la Escuela Andaluza de Econom\u00eda Social, Jos\u00e9 Ariza, quien resalt\u00f3 el empuje del cooperativismo dominicano al que puso como ejemplo de sector din\u00e1mico, transparente y pujante para empoderar los sectores menos favorecidos socialmente.<\/span><\/p>\n<\/p>\n<p><span class=\"text1noticias\">?<\/span><\/p>\n<\/p>\n<\/p>\n<h6> 2013-10-19 14:12:38 <\/h6>\n<p><!--\n<link rel=\"stylesheet\" href=\"css\/bootstrap.min.css\">\n\n\n<ul class=\"pagination\">\n\t    \n\t\n\n<li >\n\t<a href='?page_no=14581'>Previous<\/a>\n\t<\/li>\n\n\n       \n    \n\n<li><a href='?page_no=1'>1<\/a><\/li>\n\n\n\n<li><a href='?page_no=2'>2<\/a><\/li>\n\n\n\n<li><a>...<\/a><\/li>\n\n\n\n<li><a href='?page_no=14580'>14580<\/a><\/li>\n\n\n\n<li><a href='?page_no=14581'>14581<\/a><\/li>\n\n\n\n<li class='active'><a>14582<\/a><\/li>\n\n\n\n<li><a href='?page_no=14583'>14583<\/a><\/li>\n\n\n\n<li><a href='?page_no=14584'>14584<\/a><\/li>\n\n\n\n<li><a>...<\/a><\/li>\n\n\n\n<li><a href='?page_no=30472'>30472<\/a><\/li>\n\n\n\n<li><a href='?page_no=30473'>30473<\/a><\/li>\n\n    \n\t\n\n<li >\n\t<a href='?page_no=14583'>Next<\/a>\n\t<\/li>\n\n\n    \n\n<li><a href='?page_no=30473'>Last &rsaquo;&rsaquo;<\/a><\/li>\n\n<\/ul>\n\n\n--><br \/>\n<\/body><\/p>\n","protected":false},"excerpt":{"rendered":"<p>SERVICIO ESPECIAL BAYAHIBE, La Romana, 19 de Octubre.- El cooperatvismo es una actitud social de emprendimiento empresarial solidario que agrupa en el pa\u00eds ya a un mill\u00f3n 300 mil socios, las 586 cooperativas que operan en el pa\u00eds ofrecen empleos directos a m\u00e1s de 59 mil personas, equivalente al 28 por ciento de la poblaci\u00f3n [&hellip;]<\/p>\n","protected":false},"author":3,"featured_media":0,"comment_status":"open","ping_status":"open","sticky":false,"template":"","format":"standard","meta":{"footnotes":""},"categories":[18],"tags":[],"class_list":["post-99089","post","type-post","status-publish","format-standard","hentry","category-economia"],"_links":{"self":[{"href":"https:\/\/diariodominicano.com\/index.php?rest_route=\/wp\/v2\/posts\/99089","targetHints":{"allow":["GET"]}}],"collection":[{"href":"https:\/\/diariodominicano.com\/index.php?rest_route=\/wp\/v2\/posts"}],"about":[{"href":"https:\/\/diariodominicano.com\/index.php?rest_route=\/wp\/v2\/types\/post"}],"author":[{"embeddable":true,"href":"https:\/\/diariodominicano.com\/index.php?rest_route=\/wp\/v2\/users\/3"}],"replies":[{"embeddable":true,"href":"https:\/\/diariodominicano.com\/index.php?rest_route=%2Fwp%2Fv2%2Fcomments&post=99089"}],"version-history":[{"count":0,"href":"https:\/\/diariodominicano.com\/index.php?rest_route=\/wp\/v2\/posts\/99089\/revisions"}],"wp:attachment":[{"href":"https:\/\/diariodominicano.com\/index.php?rest_route=%2Fwp%2Fv2%2Fmedia&parent=99089"}],"wp:term":[{"taxonomy":"category","embeddable":true,"href":"https:\/\/diariodominicano.com\/index.php?rest_route=%2Fwp%2Fv2%2Fcategories&post=99089"},{"taxonomy":"post_tag","embeddable":true,"href":"https:\/\/diariodominicano.com\/index.php?rest_route=%2Fwp%2Fv2%2Ftags&post=99089"}],"curies":[{"name":"wp","href":"https:\/\/api.w.org\/{rel}","templated":true}]}}