{"id":99085,"date":"2013-10-20T12:19:59","date_gmt":"2013-10-20T12:19:59","guid":{"rendered":"http:\/\/diariodominicano.ddns.net\/?p=99085"},"modified":"2013-10-20T12:19:59","modified_gmt":"2013-10-20T12:19:59","slug":"impulsar-sectores-estrategicos-y-superar-escollos-son-clave-para-el-desarrollo-economico-de-rd","status":"publish","type":"post","link":"https:\/\/diariodominicano.com\/?p=99085","title":{"rendered":"Impulsar sectores estrat\u00e9gicos y superar escollos son clave para el desarrollo econ\u00f3mico de RD"},"content":{"rendered":"<p><body><\/p>\n<p><img decoding=\"async\" src=\"img3\/Ligia.jpg\" \/>  <\/p>\n<p><span class=\"text1noticias\">Santo Domingo, RD, 20 de Octubre.-La Asociaci\u00f3n de Industrias de la Rep\u00fablica Dominicana (AIRD) valor\u00f3 como muy positivo el hecho de que el presidente Danilo Medina reafirmara, ante un foro internacional, su decisi\u00f3n de fortalecer una alianza estrat\u00e9gica con el sector empresarial dominicano.<\/span><\/p>\n<p><span class=\"text1noticias\"> <\/span><\/p>\n<p><span class=\"text1noticias\">Ligia Bonetti, presidente de la AIRD, expres\u00f3 que la c\u00fapula industrial puede dar testimonio de esa voluntad de concertaci\u00f3n, al estar participando en conjunto con el Gobierno y otras organizaciones empresariales, en la mesa del di\u00e1logo para viabilizar las conclusiones del Segundo Congreso de la Industria Dominicana. Las conclusiones de este proceso ser\u00e1n dadas a conocer pr\u00f3ximamente e implicar\u00e1n \u00abimportantes medidas que podr\u00edan fortalecer el giro que estamos tratando de dar al modelo econ\u00f3mico vigente\u00bb.<\/span><\/p>\n<p><span class=\"text1noticias\"> <\/span><\/p>\n<p><span class=\"text1noticias\">El presidente Medina dijo en Panam\u00e1 lo siguiente: \u00abEstoy convencido tambi\u00e9n, de que la \u00fanica forma que tienen nuestros pa\u00edses de avanzar hacia el desarrollo, es mediante una fuerte alianza entre los empresarios y los gobiernos, por eso en la Rep\u00fablica Dominicana apostamos por la existencia de un s\u00f3lido sector Empresarial\u00bb.<\/span><\/p>\n<p><span class=\"text1noticias\"> <\/span><\/p>\n<p><span class=\"text1noticias\">Bonetti indic\u00f3 que se trata no s\u00f3lo de superar algunos fuertes escollos que se presentan para un desarrollo sostenible y a los cuales el presidente Medina hizo alusi\u00f3n como son la necesidad de contar con un capital humano mejor preparado, m\u00e1s competitivo, a lo cual se est\u00e1 dando respuesta con m\u00e1s recursos para el sector educativo y con el proceso por un pacto por la educaci\u00f3n, el cual no debe olvidar la dimensi\u00f3n de capacitaci\u00f3n para el trabajo, para el mercado laboral.<\/span><\/p>\n<p><span class=\"text1noticias\"> <\/span><\/p>\n<p><span class=\"text1noticias\">\u00abEs importante superar estos escollos, pero tambi\u00e9n lo es el hecho expresado por el Presidente de que se est\u00e1n impulsando estrat\u00e9gicamente los sectores clave de nuestra econom\u00eda, ampliando sus capacidades y buscando adaptarlos exitosamente a un entorno econ\u00f3mico en constante evoluci\u00f3n\u00bb, afirm\u00f3 Bonetti.<\/span><\/p>\n<p><span class=\"text1noticias\"> <\/span><\/p>\n<p><span class=\"text1noticias\">Tambi\u00e9n est\u00e1 el hecho de que el presidente Medina, por fin, inici\u00f3 el proceso para la reforma del C\u00f3digo Laboral, el cual est\u00e1 llamado a ser un proceso participativo que beneficie a empresas y trabajadores, de modo que el trabajo formal se incremente en el pa\u00eds, con todos los beneficios que conlleva.<\/span><\/p>\n<p><span class=\"text1noticias\"> <\/span><\/p>\n<p><span class=\"text1noticias\">Asimismo, se\u00f1al\u00f3 Bonetti, la AIRD aplaude la visi\u00f3n externada por el mandatario en torno al tema el\u00e9ctrico, pues reconoce que la inversi\u00f3n en plantas de carb\u00f3n es s\u00f3lo un aspecto de la matriz de generaci\u00f3n y que se requerir\u00e1 esfuerzo prolongado pero persistente para dotar al pa\u00eds de energ\u00eda a precios competitivos. \u00abLa industria sabe de esta dificultad, es para muchas de nuestras empresas, uno de los principales escollos\u00bb.(HG)<\/span>.<\/p>\n<\/p>\n<h6> 2013-10-20 12:19:59 <\/h6>\n<p><!--\n<link rel=\"stylesheet\" href=\"css\/bootstrap.min.css\">\n\n\n<ul class=\"pagination\">\n\t    \n\t\n\n<li >\n\t<a href='?page_no=14578'>Previous<\/a>\n\t<\/li>\n\n\n       \n    \n\n<li><a href='?page_no=1'>1<\/a><\/li>\n\n\n\n<li><a href='?page_no=2'>2<\/a><\/li>\n\n\n\n<li><a>...<\/a><\/li>\n\n\n\n<li><a href='?page_no=14577'>14577<\/a><\/li>\n\n\n\n<li><a href='?page_no=14578'>14578<\/a><\/li>\n\n\n\n<li class='active'><a>14579<\/a><\/li>\n\n\n\n<li><a href='?page_no=14580'>14580<\/a><\/li>\n\n\n\n<li><a href='?page_no=14581'>14581<\/a><\/li>\n\n\n\n<li><a>...<\/a><\/li>\n\n\n\n<li><a href='?page_no=30472'>30472<\/a><\/li>\n\n\n\n<li><a href='?page_no=30473'>30473<\/a><\/li>\n\n    \n\t\n\n<li >\n\t<a href='?page_no=14580'>Next<\/a>\n\t<\/li>\n\n\n    \n\n<li><a href='?page_no=30473'>Last &rsaquo;&rsaquo;<\/a><\/li>\n\n<\/ul>\n\n\n--><br \/>\n<\/body><\/p>\n","protected":false},"excerpt":{"rendered":"<p>Santo Domingo, RD, 20 de Octubre.-La Asociaci\u00f3n de Industrias de la Rep\u00fablica Dominicana (AIRD) valor\u00f3 como muy positivo el hecho de que el presidente Danilo Medina reafirmara, ante un foro internacional, su decisi\u00f3n de fortalecer una alianza estrat\u00e9gica con el sector empresarial dominicano. Ligia Bonetti, presidente de la AIRD, expres\u00f3 que la c\u00fapula industrial puede [&hellip;]<\/p>\n","protected":false},"author":3,"featured_media":0,"comment_status":"open","ping_status":"open","sticky":false,"template":"","format":"standard","meta":{"footnotes":""},"categories":[18],"tags":[],"class_list":["post-99085","post","type-post","status-publish","format-standard","hentry","category-economia"],"_links":{"self":[{"href":"https:\/\/diariodominicano.com\/index.php?rest_route=\/wp\/v2\/posts\/99085","targetHints":{"allow":["GET"]}}],"collection":[{"href":"https:\/\/diariodominicano.com\/index.php?rest_route=\/wp\/v2\/posts"}],"about":[{"href":"https:\/\/diariodominicano.com\/index.php?rest_route=\/wp\/v2\/types\/post"}],"author":[{"embeddable":true,"href":"https:\/\/diariodominicano.com\/index.php?rest_route=\/wp\/v2\/users\/3"}],"replies":[{"embeddable":true,"href":"https:\/\/diariodominicano.com\/index.php?rest_route=%2Fwp%2Fv2%2Fcomments&post=99085"}],"version-history":[{"count":0,"href":"https:\/\/diariodominicano.com\/index.php?rest_route=\/wp\/v2\/posts\/99085\/revisions"}],"wp:attachment":[{"href":"https:\/\/diariodominicano.com\/index.php?rest_route=%2Fwp%2Fv2%2Fmedia&parent=99085"}],"wp:term":[{"taxonomy":"category","embeddable":true,"href":"https:\/\/diariodominicano.com\/index.php?rest_route=%2Fwp%2Fv2%2Fcategories&post=99085"},{"taxonomy":"post_tag","embeddable":true,"href":"https:\/\/diariodominicano.com\/index.php?rest_route=%2Fwp%2Fv2%2Ftags&post=99085"}],"curies":[{"name":"wp","href":"https:\/\/api.w.org\/{rel}","templated":true}]}}