{"id":99084,"date":"2013-10-20T12:49:15","date_gmt":"2013-10-20T12:49:15","guid":{"rendered":"http:\/\/diariodominicano.ddns.net\/?p=99084"},"modified":"2013-10-20T12:49:15","modified_gmt":"2013-10-20T12:49:15","slug":"el-proyecto-la-cruz-de-manzanillo-generara-mas-de-2-mil-500-empleos","status":"publish","type":"post","link":"https:\/\/diariodominicano.com\/?p=99084","title":{"rendered":"El proyecto la cruz de manzanillo generar\u00e1 mas de 2 mil 500 empleos&#13;"},"content":{"rendered":"<p><body><\/p>\n<p><img decoding=\"async\" src=\"img3\/manzanillo.jpg\" \/>  <\/p>\n<p><span class=\"text1noticias\">La Cruz de Manzanillo, Montecristi, RD, 20 de Octubre.- El ministro de Agricultura, Luis Ram\u00f3n Rodr\u00edguez  inspeccion\u00f3 aqu\u00ed los trabajos que realiza el Gobierno para la rehabilitaci\u00f3n de este importante proyecto agr\u00edcola, y anunci\u00f3 que dentro de ocho meses la zona bananera, que generar\u00e1 m\u00e1s de 2 mil 500 nuevos empleos de calidad,  exhibir\u00e1 su mayor esplendor productivo.<\/span><\/p>\n<\/p>\n<p><span class=\"text1noticias\">El funcionario hizo el anuncio durante un recorrido para observar el avance de las laboresde reconstrucci\u00f3n y  dijo que es la mayor realizada en los \u00faltimos 25 a\u00f1os.<\/span><\/p>\n<\/p>\n<p><span class=\"text1noticias\">Afirm\u00f3 que luego de la disposici\u00f3n del presidente Danilo Medina para rescatar el proyecto, la regi\u00f3n agr\u00edcola ha cambiado de una manera vertiginosa no solamente en cuanto a la calidad de la producci\u00f3n, sino tambi\u00e9n en la rentabilidad que est\u00e1n teniendo los agricultores.<\/span><\/p>\n<\/p>\n<p><span class=\"text1noticias\">\u00abEso dos factores se han unido para hacer que los productores agropecuarios de la zona est\u00e9n disfrutando de uno de sus mejores momentos en esta \u00e9poca bajo el gobierno del presidente Danilo Medina\u00bb, expres\u00f3.<\/span><\/p>\n<\/p>\n<p><span class=\"text1noticias\">Destac\u00f3el esfuerzo que realiza el administrador del proyecto, Ram\u00f3nFondeur, as\u00ed como el apoyo que le da el director regional de Agricultura, Danilo P\u00e9rez, los cuales dijo poco a poco van transformado una de las zonas agr\u00edcolas m\u00e1s importante del pa\u00eds.<\/span><\/p>\n<\/p>\n<p><span class=\"text1noticias\">Rodr\u00edguez destac\u00f3 que el trabajo coordinado entre los t\u00e9cnicos del proyecto y de Agricultura permitir\u00e1 que se siga avanzando y vaticin\u00f3 que el 2013 terminar\u00e1 como uno de los mejores a\u00f1os en la producci\u00f3n agr\u00edcola de la regi\u00f3n.<\/span><\/p>\n<\/p>\n<p><span class=\"text1noticias\">Afirm\u00f3 que conoce el proyecto hace m\u00e1s de 25 a\u00f1os y que por primera vez encuentra tan mejoradastodas sus infraestructuras. \u00abNo hab\u00eda visto el proyecto tan sembrado como est\u00e1 ahora\u00bb, manifest\u00f3.<\/span><\/p>\n<\/p>\n<p><span class=\"text1noticias\">Expres\u00f3 que cuando los cultivos alcancen los ocho meses de sembrados, elque visite la zona creer\u00e1 que se encuentra en Centro Am\u00e9rica, donde tambi\u00e9n hay excelentes productores de banano.<\/span><\/p>\n<\/p>\n<p><span class=\"text1noticias\">\u00abDesde el proyecto de la Cruz de Manzanillo vamos a lograr el sue\u00f1o del Presidente Medina de crear una plataforma que sirva al desarrollo del sector bananero nacional\u00bb, declar\u00f3.<\/span><\/p>\n<\/p>\n<p><span class=\"text1noticias\">Durante el recorrido de inspecci\u00f3n, el ministro Rodr\u00edguez estuvo acompa\u00f1ado del viceministro Administrativo de la Presidencia, M\u00e1ximo de Soto; el viceministro de Producci\u00f3n, Luis Yanguela Cana\u00e1n; el director regional, Danilo P\u00e9rez, as\u00ed como t\u00e9cnicos y empleados de Agricultura.<\/span><\/p>\n<\/p>\n<p><span class=\"text1noticias\">En tanto, el administrador del proyecto agr\u00edcola la Cruz de Manzanillo destac\u00f3 que cuando se terminen las obras de rehabilitaci\u00f3n, se generar\u00e1n en la zona m\u00e1s de 2 mil 500 nuevos empleos de calidad, lo que sostuvo impactar\u00e1 en la vida de los obreros y las familias de la regi\u00f3n.<\/span><\/p>\n<\/p>\n<p><span class=\"text1noticias\">Dijo que el pa\u00eds se beneficiar\u00e1 con la generaci\u00f3n de divisa conel incremento que habr\u00e1 en la venta de banano en los mercados internacionales.<\/span><\/p>\n<\/p>\n<p><span class=\"text1noticias\">Obras<\/span><\/p>\n<\/p>\n<p><span class=\"text1noticias\">En el proyecto La Cruz de Manzanillo se reconstruyen m\u00e1s decenas de kil\u00f3metros de caminos y carreteras que dan a los bateyes y los campos del proyecto agrario.<\/span><\/p>\n<\/p>\n<p><span class=\"text1noticias\">Otras labores que se realizan son de recuperaci\u00f3n y rehabilitaci\u00f3n dela siembra de diversos rubros, as\u00ed como el mejoramiento del sistema de riego, lo que ha generado un significativo aumento en la producci\u00f3n, en la calidad y volumen de exportaci\u00f3n de banano.<\/span><\/p>\n<\/p>\n<p><span class=\"text1noticias\">La historia del proyecto comenz\u00f3 con el bum de la posguerra. La Grenada Company incorpor\u00f3 grandes extensiones de tierras propicias para la producci\u00f3n agr\u00edcola, pero veinte a\u00f1os despu\u00e9s cerr\u00f3 sus puertas y desde entonces es propiedad estatal.(HG)<\/span>. <\/p>\n<h6> 2013-10-20 12:49:15 <\/h6>\n<p><!--\n<link rel=\"stylesheet\" href=\"css\/bootstrap.min.css\">\n\n\n<ul class=\"pagination\">\n\t    \n\t\n\n<li >\n\t<a href='?page_no=14577'>Previous<\/a>\n\t<\/li>\n\n\n       \n    \n\n<li><a href='?page_no=1'>1<\/a><\/li>\n\n\n\n<li><a href='?page_no=2'>2<\/a><\/li>\n\n\n\n<li><a>...<\/a><\/li>\n\n\n\n<li><a href='?page_no=14576'>14576<\/a><\/li>\n\n\n\n<li><a href='?page_no=14577'>14577<\/a><\/li>\n\n\n\n<li class='active'><a>14578<\/a><\/li>\n\n\n\n<li><a href='?page_no=14579'>14579<\/a><\/li>\n\n\n\n<li><a href='?page_no=14580'>14580<\/a><\/li>\n\n\n\n<li><a>...<\/a><\/li>\n\n\n\n<li><a href='?page_no=30472'>30472<\/a><\/li>\n\n\n\n<li><a href='?page_no=30473'>30473<\/a><\/li>\n\n    \n\t\n\n<li >\n\t<a href='?page_no=14579'>Next<\/a>\n\t<\/li>\n\n\n    \n\n<li><a href='?page_no=30473'>Last &rsaquo;&rsaquo;<\/a><\/li>\n\n<\/ul>\n\n\n--><br \/>\n<\/body><\/p>\n","protected":false},"excerpt":{"rendered":"<p>La Cruz de Manzanillo, Montecristi, RD, 20 de Octubre.- El ministro de Agricultura, Luis Ram\u00f3n Rodr\u00edguez inspeccion\u00f3 aqu\u00ed los trabajos que realiza el Gobierno para la rehabilitaci\u00f3n de este importante proyecto agr\u00edcola, y anunci\u00f3 que dentro de ocho meses la zona bananera, que generar\u00e1 m\u00e1s de 2 mil 500 nuevos empleos de calidad, exhibir\u00e1 su [&hellip;]<\/p>\n","protected":false},"author":3,"featured_media":0,"comment_status":"open","ping_status":"open","sticky":false,"template":"","format":"standard","meta":{"footnotes":""},"categories":[18],"tags":[],"class_list":["post-99084","post","type-post","status-publish","format-standard","hentry","category-economia"],"_links":{"self":[{"href":"https:\/\/diariodominicano.com\/index.php?rest_route=\/wp\/v2\/posts\/99084","targetHints":{"allow":["GET"]}}],"collection":[{"href":"https:\/\/diariodominicano.com\/index.php?rest_route=\/wp\/v2\/posts"}],"about":[{"href":"https:\/\/diariodominicano.com\/index.php?rest_route=\/wp\/v2\/types\/post"}],"author":[{"embeddable":true,"href":"https:\/\/diariodominicano.com\/index.php?rest_route=\/wp\/v2\/users\/3"}],"replies":[{"embeddable":true,"href":"https:\/\/diariodominicano.com\/index.php?rest_route=%2Fwp%2Fv2%2Fcomments&post=99084"}],"version-history":[{"count":0,"href":"https:\/\/diariodominicano.com\/index.php?rest_route=\/wp\/v2\/posts\/99084\/revisions"}],"wp:attachment":[{"href":"https:\/\/diariodominicano.com\/index.php?rest_route=%2Fwp%2Fv2%2Fmedia&parent=99084"}],"wp:term":[{"taxonomy":"category","embeddable":true,"href":"https:\/\/diariodominicano.com\/index.php?rest_route=%2Fwp%2Fv2%2Fcategories&post=99084"},{"taxonomy":"post_tag","embeddable":true,"href":"https:\/\/diariodominicano.com\/index.php?rest_route=%2Fwp%2Fv2%2Ftags&post=99084"}],"curies":[{"name":"wp","href":"https:\/\/api.w.org\/{rel}","templated":true}]}}