{"id":99083,"date":"2013-10-20T12:53:45","date_gmt":"2013-10-20T12:53:45","guid":{"rendered":"http:\/\/diariodominicano.ddns.net\/?p=99083"},"modified":"2013-10-20T12:53:45","modified_gmt":"2013-10-20T12:53:45","slug":"ministro-de-industria-y-comercio-participa-en-encuentro-empresarial-iberoamericano","status":"publish","type":"post","link":"https:\/\/diariodominicano.com\/?p=99083","title":{"rendered":"&#13;Ministro de Industria y Comercio participa en Encuentro Empresarial Iberoamericano"},"content":{"rendered":"<p><body><\/p>\n<p><img decoding=\"async\" src=\"http:\/\/localhost:8080\/economia\/img3\/PANAM%C3%83%C2%81.jpg\" \/>  <\/p>\n<p><span class=\"text1noticias\">Panam\u00e1, Rep\u00fablica de Panam\u00e1. El ministro de Industria y Comercio, Jos\u00e9 Del Castillo Savi\u00f1\u00f3n particip\u00f3 en el IX Encuentro Empresarial Iberoamericano, evento \u00fanico que re\u00fane a los empresarios m\u00e1s destacados, as\u00ed como representantes del sector p\u00fablico de la regi\u00f3n y la pen\u00ednsula Ib\u00e9rica, en el cual el presidente Danilo Medina tuvo una participaci\u00f3n especial.<\/span><\/p>\n<\/p>\n<p><span class=\"text1noticias\">Esta actividad es una iniciativa de la Secretar\u00eda General Iberoamericana (SEGIB) y en esta ocasi\u00f3n fue desarrollada por el Consejo Empresarial de Am\u00e9rica Latina (CEAL) como antesala de la XXIII Cumbre Iberoamericana de Jefes de Estado y de Gobierno, que se realiz\u00f3 los d\u00edas viernes y s\u00e1bado en ese pa\u00eds.<\/span><\/p>\n<\/p>\n<p><span class=\"text1noticias\">El titular del MIC disert\u00f3 en una mesa tem\u00e1tica con el tema: \u00abLa movilidad como elemento clave para la competitividad\u00bb, donde expuso su visi\u00f3n al respecto de c\u00f3mo el impulso de las comunicaciones y servicios m\u00f3viles promueven transformaciones en el espacio iberoamericano, por su elevada penetraci\u00f3n en la sociedad.<\/span><\/p>\n<\/p>\n<p><span class=\"text1noticias\">La actividad inici\u00f3 con los discursos del presidente de Panam\u00e1, Ricardo Martinelli; el secretario general Iberoamericano, Enrique Iglesias y Samuel Urrutia Cantoral, presidente internacional de CEAL. Asimismo, de la participaci\u00f3n especial de Su Alteza Real el Pr\u00edncipe de Asturias que resalt\u00f3 los v\u00ednculos entre Latinoam\u00e9rica y la pen\u00ednsula Ib\u00e9rica.(HG)<\/span>.<\/p>\n<h6> 2013-10-20 12:53:45 <\/h6>\n<p><!--\n<link rel=\"stylesheet\" href=\"css\/bootstrap.min.css\">\n\n\n<ul class=\"pagination\">\n\t    \n\t\n\n<li >\n\t<a href='?page_no=14576'>Previous<\/a>\n\t<\/li>\n\n\n       \n    \n\n<li><a href='?page_no=1'>1<\/a><\/li>\n\n\n\n<li><a href='?page_no=2'>2<\/a><\/li>\n\n\n\n<li><a>...<\/a><\/li>\n\n\n\n<li><a href='?page_no=14575'>14575<\/a><\/li>\n\n\n\n<li><a href='?page_no=14576'>14576<\/a><\/li>\n\n\n\n<li class='active'><a>14577<\/a><\/li>\n\n\n\n<li><a href='?page_no=14578'>14578<\/a><\/li>\n\n\n\n<li><a href='?page_no=14579'>14579<\/a><\/li>\n\n\n\n<li><a>...<\/a><\/li>\n\n\n\n<li><a href='?page_no=30472'>30472<\/a><\/li>\n\n\n\n<li><a href='?page_no=30473'>30473<\/a><\/li>\n\n    \n\t\n\n<li >\n\t<a href='?page_no=14578'>Next<\/a>\n\t<\/li>\n\n\n    \n\n<li><a href='?page_no=30473'>Last &rsaquo;&rsaquo;<\/a><\/li>\n\n<\/ul>\n\n\n--><br \/>\n<\/body><\/p>\n","protected":false},"excerpt":{"rendered":"<p>Panam\u00e1, Rep\u00fablica de Panam\u00e1. El ministro de Industria y Comercio, Jos\u00e9 Del Castillo Savi\u00f1\u00f3n particip\u00f3 en el IX Encuentro Empresarial Iberoamericano, evento \u00fanico que re\u00fane a los empresarios m\u00e1s destacados, as\u00ed como representantes del sector p\u00fablico de la regi\u00f3n y la pen\u00ednsula Ib\u00e9rica, en el cual el presidente Danilo Medina tuvo una participaci\u00f3n especial. Esta [&hellip;]<\/p>\n","protected":false},"author":3,"featured_media":0,"comment_status":"open","ping_status":"open","sticky":false,"template":"","format":"standard","meta":{"footnotes":""},"categories":[18],"tags":[],"class_list":["post-99083","post","type-post","status-publish","format-standard","hentry","category-economia"],"_links":{"self":[{"href":"https:\/\/diariodominicano.com\/index.php?rest_route=\/wp\/v2\/posts\/99083","targetHints":{"allow":["GET"]}}],"collection":[{"href":"https:\/\/diariodominicano.com\/index.php?rest_route=\/wp\/v2\/posts"}],"about":[{"href":"https:\/\/diariodominicano.com\/index.php?rest_route=\/wp\/v2\/types\/post"}],"author":[{"embeddable":true,"href":"https:\/\/diariodominicano.com\/index.php?rest_route=\/wp\/v2\/users\/3"}],"replies":[{"embeddable":true,"href":"https:\/\/diariodominicano.com\/index.php?rest_route=%2Fwp%2Fv2%2Fcomments&post=99083"}],"version-history":[{"count":0,"href":"https:\/\/diariodominicano.com\/index.php?rest_route=\/wp\/v2\/posts\/99083\/revisions"}],"wp:attachment":[{"href":"https:\/\/diariodominicano.com\/index.php?rest_route=%2Fwp%2Fv2%2Fmedia&parent=99083"}],"wp:term":[{"taxonomy":"category","embeddable":true,"href":"https:\/\/diariodominicano.com\/index.php?rest_route=%2Fwp%2Fv2%2Fcategories&post=99083"},{"taxonomy":"post_tag","embeddable":true,"href":"https:\/\/diariodominicano.com\/index.php?rest_route=%2Fwp%2Fv2%2Ftags&post=99083"}],"curies":[{"name":"wp","href":"https:\/\/api.w.org\/{rel}","templated":true}]}}