{"id":99082,"date":"2013-10-20T13:59:58","date_gmt":"2013-10-20T13:59:58","guid":{"rendered":"http:\/\/diariodominicano.ddns.net\/?p=99082"},"modified":"2013-10-20T13:59:58","modified_gmt":"2013-10-20T13:59:58","slug":"el-gobierno-inicia-construccion-segunda-etapa-del-mercado-de-azua","status":"publish","type":"post","link":"https:\/\/diariodominicano.com\/?p=99082","title":{"rendered":"El Gobierno Inicia Construcci\u00f3n Segunda Etapa del Mercado de Azua"},"content":{"rendered":"<p><body><\/p>\n<p><img decoding=\"async\" src=\"img3\/picazo.jpg\" \/>  <\/p>\n<p><span class=\"text1noticias\">Azua, RD, 20 de Octubre.-Con el primer picazo, el Ayuntamiento de esta ciudad inici\u00f3 la construcci\u00f3n de la segunda etapa del Mercado Municipal, con una inversi\u00f3n de 48 millones de pesos, aportados por el Ministerio de Econom\u00eda, Planificaci\u00f3n y Desarrollo.<\/span><\/p>\n<\/p>\n<p><span class=\"text1noticias\">El acto de inicio estuvo encabezado por el Alcalde Rafael Hidalgo Fern\u00e1ndez, el Senador Rafael Calder\u00f3n, la vicealcaldesa Ironelis Mateo de Ram\u00edrez, el Presidente de Concejo de Regidores, Freddy  Alexander Casado, el Diputado Julio Brito, Domingo Garc\u00eda, Director de Programas, Planes y Proyectos de la Alcald\u00eda, Ruddy Ram\u00edrez, Secretario General del Ayuntamiento, Eugenio S\u00e1nchez, Tesorero Municipal y los Regidores Geraldina Pineda, Julio Ram\u00edrez.<\/span><\/p>\n<\/p>\n<p><span class=\"text1noticias\">Hidalgo Fern\u00e1ndez destac\u00f3 el impacto social y econ\u00f3mico que representa la reconstrucci\u00f3n total del y reiter\u00f3 que con la realizaci\u00f3n de esa importante obra se cumple el deseo del Presidente Danilo Mediana, de dotar a Azua de un Moderno Mercado Municipal.<\/span><\/p>\n<\/p>\n<p><span class=\"text1noticias\">Inform\u00f3 que los 48 millones cubren solamente  la construcci\u00f3n del primer nivel del mercado y que inmediatamente sea inaugurado, se proceder\u00e1 con la construcci\u00f3n del  segundo nivel, con otra inversi\u00f3n de unos 60 millones de pesos.<\/span><\/p>\n<\/p>\n<p><span class=\"text1noticias\">De su lado, el Senador Rafael Calder\u00f3n <\/span><\/p>\n<\/p>\n<p><span class=\"text1noticias\">Agradecer a Dios y junto  al presidente Danilo Medina, por la decisi\u00f3n de regalarle a  Azua un mercado digno de una ciudad honesta y trabajadora y destac\u00f3 el primer mandatario est\u00e1 transformando la sociedad azuana, con la construcci\u00f3n de 140 obras en toda la geograf\u00eda de la provincia, invirtiendo m\u00e1s de 30 mil millones de pesos y generando m\u00e1s de 10 mil empleos.<\/span><\/p>\n<\/p>\n<p><span class=\"text1noticias\">Mientras el Gobernador Lu\u00eds Vargas, al ser entrevistado declar\u00f3 que con el inicio de la Segunda Etapa del Merado, el presidente Danilo Medina, cumple con la promesa hecha durante una visita a esta plaza, donde el mandatario qued\u00f3 impactado con las deplorables condiciones de la infraestructura y de las dificultades que tienen los mun\u00edcipes para comprar all\u00ed.<\/span><\/p>\n<p><span class=\"text1noticias\"> <\/span><\/p>\n<p><span class=\"text1noticias\">El 10 de mayo  de 2013, un incendio destruy\u00f3 una parte del marcado p\u00fablico y fue construida e inaugurada por la Comisi\u00f3n Presidencial de Desarrollo Provincial, cumpliendo con una promesa hecha por el presidente Danilo Medina, quien visit\u00f3 la zona afectada inmediatamente se enter\u00f3 del siniestro.<\/span><\/p>\n<p><span class=\"text1noticias\"> <\/span><\/p>\n<p><span class=\"text1noticias\"> El Nuevo Mercado<\/span><\/p>\n<\/p>\n<p><span class=\"text1noticias\">El alcalde Rafael Hidalgo Inform\u00f3 que el primer  nivel del mercado ser\u00e1 construido en hormig\u00f3n armado y est\u00e1 dise\u00f1ado para soportar cualquier sismo o eventualidad y explic\u00f3 que el mismo tendr\u00e1 acceso y estacionamiento, administraci\u00f3n, carnicer\u00eda, pescader\u00eda, tienda,   mercer\u00eda, florister\u00eda, cafeter\u00eda,  cuartos frio, cuarto de m\u00e1quina,  cisterna con tanque elevado, \u00e1rea de carga y descarga, un destacamento policial y otras facilidades.<\/span><\/p>\n<\/p>\n<p><span class=\"text1noticias\">Inform\u00f3 que  el Ayuntamiento Municipal de Azua ser\u00e1 el responsable directo de la supervisi\u00f3n y del seguimiento en cuanto a los plazos contractuales, los criterios t\u00e9cnicos que se vayan aplicando y la erogaci\u00f3n de fondos, previa presentaci\u00f3n de las cubicaciones correspondientes.(HG)<\/span>. <\/p>\n<h6> 2013-10-20 13:59:58 <\/h6>\n<p><!--\n<link rel=\"stylesheet\" href=\"css\/bootstrap.min.css\">\n\n\n<ul class=\"pagination\">\n\t    \n\t\n\n<li >\n\t<a href='?page_no=14575'>Previous<\/a>\n\t<\/li>\n\n\n       \n    \n\n<li><a href='?page_no=1'>1<\/a><\/li>\n\n\n\n<li><a href='?page_no=2'>2<\/a><\/li>\n\n\n\n<li><a>...<\/a><\/li>\n\n\n\n<li><a href='?page_no=14574'>14574<\/a><\/li>\n\n\n\n<li><a href='?page_no=14575'>14575<\/a><\/li>\n\n\n\n<li class='active'><a>14576<\/a><\/li>\n\n\n\n<li><a href='?page_no=14577'>14577<\/a><\/li>\n\n\n\n<li><a href='?page_no=14578'>14578<\/a><\/li>\n\n\n\n<li><a>...<\/a><\/li>\n\n\n\n<li><a href='?page_no=30472'>30472<\/a><\/li>\n\n\n\n<li><a href='?page_no=30473'>30473<\/a><\/li>\n\n    \n\t\n\n<li >\n\t<a href='?page_no=14577'>Next<\/a>\n\t<\/li>\n\n\n    \n\n<li><a href='?page_no=30473'>Last &rsaquo;&rsaquo;<\/a><\/li>\n\n<\/ul>\n\n\n--><br \/>\n<\/body><\/p>\n","protected":false},"excerpt":{"rendered":"<p>Azua, RD, 20 de Octubre.-Con el primer picazo, el Ayuntamiento de esta ciudad inici\u00f3 la construcci\u00f3n de la segunda etapa del Mercado Municipal, con una inversi\u00f3n de 48 millones de pesos, aportados por el Ministerio de Econom\u00eda, Planificaci\u00f3n y Desarrollo. El acto de inicio estuvo encabezado por el Alcalde Rafael Hidalgo Fern\u00e1ndez, el Senador Rafael [&hellip;]<\/p>\n","protected":false},"author":3,"featured_media":0,"comment_status":"open","ping_status":"open","sticky":false,"template":"","format":"standard","meta":{"footnotes":""},"categories":[18],"tags":[],"class_list":["post-99082","post","type-post","status-publish","format-standard","hentry","category-economia"],"_links":{"self":[{"href":"https:\/\/diariodominicano.com\/index.php?rest_route=\/wp\/v2\/posts\/99082","targetHints":{"allow":["GET"]}}],"collection":[{"href":"https:\/\/diariodominicano.com\/index.php?rest_route=\/wp\/v2\/posts"}],"about":[{"href":"https:\/\/diariodominicano.com\/index.php?rest_route=\/wp\/v2\/types\/post"}],"author":[{"embeddable":true,"href":"https:\/\/diariodominicano.com\/index.php?rest_route=\/wp\/v2\/users\/3"}],"replies":[{"embeddable":true,"href":"https:\/\/diariodominicano.com\/index.php?rest_route=%2Fwp%2Fv2%2Fcomments&post=99082"}],"version-history":[{"count":0,"href":"https:\/\/diariodominicano.com\/index.php?rest_route=\/wp\/v2\/posts\/99082\/revisions"}],"wp:attachment":[{"href":"https:\/\/diariodominicano.com\/index.php?rest_route=%2Fwp%2Fv2%2Fmedia&parent=99082"}],"wp:term":[{"taxonomy":"category","embeddable":true,"href":"https:\/\/diariodominicano.com\/index.php?rest_route=%2Fwp%2Fv2%2Fcategories&post=99082"},{"taxonomy":"post_tag","embeddable":true,"href":"https:\/\/diariodominicano.com\/index.php?rest_route=%2Fwp%2Fv2%2Ftags&post=99082"}],"curies":[{"name":"wp","href":"https:\/\/api.w.org\/{rel}","templated":true}]}}