{"id":99081,"date":"2013-10-20T15:19:06","date_gmt":"2013-10-20T15:19:06","guid":{"rendered":"http:\/\/diariodominicano.ddns.net\/?p=99081"},"modified":"2013-10-20T15:19:06","modified_gmt":"2013-10-20T15:19:06","slug":"convencion-financiera-del-cooperativismo-dominicano-pondero-el-potencial-y-las-perspectivas-del-sector","status":"publish","type":"post","link":"https:\/\/diariodominicano.com\/?p=99081","title":{"rendered":"Convenci\u00f3n Financiera del Cooperativismo Dominicano   ponder\u00f3 el potencial y las perspectivas del sector"},"content":{"rendered":"<p><body><\/p>\n<p><img decoding=\"async\" src=\"img3\/cooperativas.jpeg\" \/>  <\/p>\n<p><span class=\"text1noticias\">Bayah\u00edbe, La Romana, RD, 20 de Octubre.-El potencial, proyecci\u00f3n y perspectiva del sector cooperativo y la adopci\u00f3n de medidas que contribuyan con su afianzamiento fueron ponderados en la V Convenci\u00f3n Financiera del Cooperativismo Dominicano, celebrada en este polo tur\u00edstico con el auspicio de la Confederaci\u00f3n Nacional de Cooperativa (CONACOOP).<\/span><\/p>\n<\/p>\n<p><span class=\"text1noticias\">Delegaciones de todo el pa\u00eds y representantes de  empresas cooperativas de Honduras, Costa Rica, El Salvador, Puerto Rico, Cuba, Colombia, Curazao y Espa\u00f1a acudieron al c\u00f3nclave.<\/span><\/p>\n<\/p>\n<p><span class=\"text1noticias\">Al resaltar la importancia del evento, el presidente de CONACOOP, Julito Fulcar Encarnaci\u00f3n, asegur\u00f3 que las conclusiones y recomendaciones que emanaron de los distintos paneles y conferencias en la Quinta Convenci\u00f3n Financiera orientar\u00e1n las acciones e iniciativas del sector cooperativo.<\/span><\/p>\n<\/p>\n<p><span class=\"text1noticias\">Explic\u00f3 que m\u00e1s de un mill\u00f3n 300 mil asociados integran las 586 esparcidas en todo el pa\u00eds, ofreciendo empleos directo a m\u00e1s de 59 mil personas, equivalente al 28 por ciento de la Poblaci\u00f3n Econ\u00f3micamente  Activa.<\/span><\/p>\n<\/p>\n<p><span class=\"text1noticias\">La importancia del evento tambi\u00e9n fue ponderada por el presidente de la Confederaci\u00f3n de Cooperativas del Caribe, Centro y Suram\u00e9rica (CCC-CA), Germ\u00e1n Astul Mej\u00eda, quien afirm\u00f3 que de sus conclusiones y recomendaciones emanar\u00e1n estrategias e iniciativas con miras al fortalecimiento del sector. <\/span><\/p>\n<\/p>\n<p><span class=\"text1noticias\">\u00abEn la CCC-CA y CONACOOP estamos conscientes de la ingente necesidad de preparaci\u00f3n de la dirigencia y gerencia y de ah\u00ed se deriva este importante evento, en que habr\u00e1n de adquirirse los conocimientos para tomar las decisiones m\u00e1s oportunas\u00bb, asever\u00f3. <\/span><\/p>\n<\/p>\n<p><span class=\"text1noticias\">Durante la V Convenci\u00f3n Financiera del Cooperativismo Dominicano  se dictaron las conferencias sobre \u00abPol\u00edtica Social Gubernamental\u00bb, a cargo del encargado t\u00e9cnico de Programas Especiales de la Presidencia de la Rep\u00fablica, Ayacx Mercedes, y otra titulada \u00abLas Cooperativas Crecen y se Desarrollan en Tiempo de Cr\u00edsis\u00bb, dictada por el Gerente General de Medicoop, C\u00e1tulo Vidal.<\/span><\/p>\n<\/p>\n<p><span class=\"text1noticias\">Tambi\u00e9n se efectu\u00f3 en el panel sobre \u00abEmprendimiento Cooperativismo, Desarrollo Local y su Contribuci\u00f3n a la Generaci\u00f3n de Riquezas\u00bb, y la conferencia sobre \u00abAdministraci\u00f3n de Riqueza en los Servicios Cooperativos e Impacto en el Gasto y la Inversi\u00f3n\u00bb. <\/span><\/p>\n<\/p>\n<p><span class=\"text1noticias\">El c\u00f3nclave cooperativo concluy\u00f3 el domingo con el panel titulado \u00abClaves para Generar Riquezas desde la Cooperativa\u00bb, con la participaci\u00f3n de Narciso Vargas; el presidente de Seguros M\u00faltiples de Puerto Rico, Juan Gonz\u00e1lez, y el director ejecutivo de la Federaci\u00f3n de Cooperativas de Ahorro y Cr\u00e9dito de El Salvador, H\u00e9ctor C\u00f3rdova.(HG)<\/span>.<\/p>\n<\/p>\n<h6> 2013-10-20 15:19:06 <\/h6>\n<p><!--\n<link rel=\"stylesheet\" href=\"css\/bootstrap.min.css\">\n\n\n<ul class=\"pagination\">\n\t    \n\t\n\n<li >\n\t<a href='?page_no=14574'>Previous<\/a>\n\t<\/li>\n\n\n       \n    \n\n<li><a href='?page_no=1'>1<\/a><\/li>\n\n\n\n<li><a href='?page_no=2'>2<\/a><\/li>\n\n\n\n<li><a>...<\/a><\/li>\n\n\n\n<li><a href='?page_no=14573'>14573<\/a><\/li>\n\n\n\n<li><a href='?page_no=14574'>14574<\/a><\/li>\n\n\n\n<li class='active'><a>14575<\/a><\/li>\n\n\n\n<li><a href='?page_no=14576'>14576<\/a><\/li>\n\n\n\n<li><a href='?page_no=14577'>14577<\/a><\/li>\n\n\n\n<li><a>...<\/a><\/li>\n\n\n\n<li><a href='?page_no=30472'>30472<\/a><\/li>\n\n\n\n<li><a href='?page_no=30473'>30473<\/a><\/li>\n\n    \n\t\n\n<li >\n\t<a href='?page_no=14576'>Next<\/a>\n\t<\/li>\n\n\n    \n\n<li><a href='?page_no=30473'>Last &rsaquo;&rsaquo;<\/a><\/li>\n\n<\/ul>\n\n\n--><br \/>\n<\/body><\/p>\n","protected":false},"excerpt":{"rendered":"<p>Bayah\u00edbe, La Romana, RD, 20 de Octubre.-El potencial, proyecci\u00f3n y perspectiva del sector cooperativo y la adopci\u00f3n de medidas que contribuyan con su afianzamiento fueron ponderados en la V Convenci\u00f3n Financiera del Cooperativismo Dominicano, celebrada en este polo tur\u00edstico con el auspicio de la Confederaci\u00f3n Nacional de Cooperativa (CONACOOP). Delegaciones de todo el pa\u00eds y [&hellip;]<\/p>\n","protected":false},"author":3,"featured_media":0,"comment_status":"open","ping_status":"open","sticky":false,"template":"","format":"standard","meta":{"footnotes":""},"categories":[18],"tags":[],"class_list":["post-99081","post","type-post","status-publish","format-standard","hentry","category-economia"],"_links":{"self":[{"href":"https:\/\/diariodominicano.com\/index.php?rest_route=\/wp\/v2\/posts\/99081","targetHints":{"allow":["GET"]}}],"collection":[{"href":"https:\/\/diariodominicano.com\/index.php?rest_route=\/wp\/v2\/posts"}],"about":[{"href":"https:\/\/diariodominicano.com\/index.php?rest_route=\/wp\/v2\/types\/post"}],"author":[{"embeddable":true,"href":"https:\/\/diariodominicano.com\/index.php?rest_route=\/wp\/v2\/users\/3"}],"replies":[{"embeddable":true,"href":"https:\/\/diariodominicano.com\/index.php?rest_route=%2Fwp%2Fv2%2Fcomments&post=99081"}],"version-history":[{"count":0,"href":"https:\/\/diariodominicano.com\/index.php?rest_route=\/wp\/v2\/posts\/99081\/revisions"}],"wp:attachment":[{"href":"https:\/\/diariodominicano.com\/index.php?rest_route=%2Fwp%2Fv2%2Fmedia&parent=99081"}],"wp:term":[{"taxonomy":"category","embeddable":true,"href":"https:\/\/diariodominicano.com\/index.php?rest_route=%2Fwp%2Fv2%2Fcategories&post=99081"},{"taxonomy":"post_tag","embeddable":true,"href":"https:\/\/diariodominicano.com\/index.php?rest_route=%2Fwp%2Fv2%2Ftags&post=99081"}],"curies":[{"name":"wp","href":"https:\/\/api.w.org\/{rel}","templated":true}]}}