{"id":99080,"date":"2013-10-20T16:26:31","date_gmt":"2013-10-20T16:26:31","guid":{"rendered":"http:\/\/diariodominicano.ddns.net\/?p=99080"},"modified":"2013-10-20T16:26:31","modified_gmt":"2013-10-20T16:26:31","slug":"rafael-camilo-participara-en-la-xvi-asamblea-de-supervisores-bancarios-de-las-americas-2","status":"publish","type":"post","link":"https:\/\/diariodominicano.com\/?p=99080","title":{"rendered":"Rafael Camilo participar\u00e1 en la XVI Asamblea de Supervisores Bancarios de las Am\u00e9ricas"},"content":{"rendered":"<p><body><\/p>\n<p><span class=\"text1noticias\">Santo Domingo, RD, 20 de Octubre.-El Superintendente de Bancos, Rafael Camilo, participar\u00e1 en la XVI Asamblea Anual y VIII Reuni\u00f3n de Alto Nivel de la Asociaci\u00f3n de Supervisores de las Am\u00e9ricas, con el tema: Fortalecimiento de la Supervisi\u00f3n y Regulaci\u00f3n del Sector Financiero de las Americas, del 22 al 25 de agosto en Santiago de Chile.<\/span><\/p>\n<\/p>\n<p><span class=\"text1noticias\">Felipe Larra\u00edn, ministro de Finanzas de Chile, realizar\u00e1 la presentaci\u00f3n principal de esta cumbre de supervisores financieros, en su condici\u00f3n de funcionario del pa\u00eds anfitri\u00f3n.<\/span><\/p>\n<\/p>\n<p><span class=\"text1noticias\">La primera sesi\u00f3n de trabajo del c\u00f3nclave abordar\u00e1 aspectos como la Implementaci\u00f3n de Basilea III en las Am\u00e9ricas desarrollo y retos; Estrategias y herramientas para evaluar la implementaci\u00f3n efectiva de Basilea III del Comit\u00e9 de Supervisi\u00f3n Bancaria de Basilea.<\/span><\/p>\n<\/p>\n<p><span class=\"text1noticias\">Para la segunda jornada, est\u00e1 prevista la exposici\u00f3n y discusi\u00f3n sobre impactos potenciales de la adopci\u00f3n de la raz\u00f3n de cobertura de liquidez en Am\u00e9rica Latina y el Caribe, as\u00ed como la Implementaci\u00f3n de la Raz\u00f3n de Cobertura de Liquidez.<\/span><\/p>\n<\/p>\n<p><span class=\"text1noticias\">Las dem\u00e1s sesiones, que completar\u00e1n ocho, durante los cuatro d\u00edas de la Asamblea, dilucidar\u00e1n temas como: Divulgaci\u00f3n de la banca, disciplina de mercado e inclusi\u00f3n financiera en la Am\u00e9rica Latina y el Caribe. Asimismo, elementos centrales para un efectivo marco de supervisi\u00f3n, independencia, capacidad, recursos y t\u00e9cnicas.<\/span><\/p>\n<\/p>\n<p><span class=\"text1noticias\">El encuentro ser\u00e1 presidido por Daniel Schydiowsky, presidente en funciones de la Asociaci\u00f3n de Supervisores Bancarios de las Am\u00e9ricas y superintendente de Banca, Seguros y AFPs del Per\u00fa, as\u00ed como por Wayne Byres, secretario general del Comit\u00e9 de Supervisi\u00f3n Bancaria de Basilea.<\/span><\/p>\n<\/p>\n<p><span class=\"text1noticias\">La Asociaci\u00f3n de Supervisores Bancarios de las Am\u00e9ricas desarrolla, disemina y promueve pr\u00e1cticas de supervisi\u00f3n bancaria en el continente en l\u00ednea con est\u00e1ndares internacionales y apoya el desarrollo de competencias y de recursos en esa materia.<\/span><\/p>\n<\/p>\n<p><span class=\"text1noticias\">Los miembros de la ASBA son las instituciones a cargo del seguimiento y supervisi\u00f3n de entidades bancarias en las Am\u00e9ricas.(HG)<\/span>.<\/p>\n<h6> 2013-10-20 16:26:31 <\/h6>\n<p><!--\n<link rel=\"stylesheet\" href=\"css\/bootstrap.min.css\">\n\n\n<ul class=\"pagination\">\n\t    \n\t\n\n<li >\n\t<a href='?page_no=14573'>Previous<\/a>\n\t<\/li>\n\n\n       \n    \n\n<li><a href='?page_no=1'>1<\/a><\/li>\n\n\n\n<li><a href='?page_no=2'>2<\/a><\/li>\n\n\n\n<li><a>...<\/a><\/li>\n\n\n\n<li><a href='?page_no=14572'>14572<\/a><\/li>\n\n\n\n<li><a href='?page_no=14573'>14573<\/a><\/li>\n\n\n\n<li class='active'><a>14574<\/a><\/li>\n\n\n\n<li><a href='?page_no=14575'>14575<\/a><\/li>\n\n\n\n<li><a href='?page_no=14576'>14576<\/a><\/li>\n\n\n\n<li><a>...<\/a><\/li>\n\n\n\n<li><a href='?page_no=30472'>30472<\/a><\/li>\n\n\n\n<li><a href='?page_no=30473'>30473<\/a><\/li>\n\n    \n\t\n\n<li >\n\t<a href='?page_no=14575'>Next<\/a>\n\t<\/li>\n\n\n    \n\n<li><a href='?page_no=30473'>Last &rsaquo;&rsaquo;<\/a><\/li>\n\n<\/ul>\n\n\n--><br \/>\n<\/body><\/p>\n","protected":false},"excerpt":{"rendered":"<p>Santo Domingo, RD, 20 de Octubre.-El Superintendente de Bancos, Rafael Camilo, participar\u00e1 en la XVI Asamblea Anual y VIII Reuni\u00f3n de Alto Nivel de la Asociaci\u00f3n de Supervisores de las Am\u00e9ricas, con el tema: Fortalecimiento de la Supervisi\u00f3n y Regulaci\u00f3n del Sector Financiero de las Americas, del 22 al 25 de agosto en Santiago de [&hellip;]<\/p>\n","protected":false},"author":3,"featured_media":0,"comment_status":"open","ping_status":"open","sticky":false,"template":"","format":"standard","meta":{"footnotes":""},"categories":[18],"tags":[],"class_list":["post-99080","post","type-post","status-publish","format-standard","hentry","category-economia"],"_links":{"self":[{"href":"https:\/\/diariodominicano.com\/index.php?rest_route=\/wp\/v2\/posts\/99080","targetHints":{"allow":["GET"]}}],"collection":[{"href":"https:\/\/diariodominicano.com\/index.php?rest_route=\/wp\/v2\/posts"}],"about":[{"href":"https:\/\/diariodominicano.com\/index.php?rest_route=\/wp\/v2\/types\/post"}],"author":[{"embeddable":true,"href":"https:\/\/diariodominicano.com\/index.php?rest_route=\/wp\/v2\/users\/3"}],"replies":[{"embeddable":true,"href":"https:\/\/diariodominicano.com\/index.php?rest_route=%2Fwp%2Fv2%2Fcomments&post=99080"}],"version-history":[{"count":0,"href":"https:\/\/diariodominicano.com\/index.php?rest_route=\/wp\/v2\/posts\/99080\/revisions"}],"wp:attachment":[{"href":"https:\/\/diariodominicano.com\/index.php?rest_route=%2Fwp%2Fv2%2Fmedia&parent=99080"}],"wp:term":[{"taxonomy":"category","embeddable":true,"href":"https:\/\/diariodominicano.com\/index.php?rest_route=%2Fwp%2Fv2%2Fcategories&post=99080"},{"taxonomy":"post_tag","embeddable":true,"href":"https:\/\/diariodominicano.com\/index.php?rest_route=%2Fwp%2Fv2%2Ftags&post=99080"}],"curies":[{"name":"wp","href":"https:\/\/api.w.org\/{rel}","templated":true}]}}