{"id":99079,"date":"2013-10-20T18:24:17","date_gmt":"2013-10-20T18:24:17","guid":{"rendered":"http:\/\/diariodominicano.ddns.net\/?p=99079"},"modified":"2013-10-20T18:24:17","modified_gmt":"2013-10-20T18:24:17","slug":"montas-dice-aportes-del-comercio-al-pib-son-determinantes-en-economia","status":"publish","type":"post","link":"https:\/\/diariodominicano.com\/?p=99079","title":{"rendered":"Mont\u00e1s dice aportes del comercio al PIB son determinantes en econom\u00eda"},"content":{"rendered":"<p><body><\/p>\n<p><img decoding=\"async\" src=\"img3\/temo000201013.jpg\" \/><br \/><img decoding=\"async\" src=\"img3\/temo0004.jpg\" \/><br \/><img decoding=\"async\" src=\"img3\/temo20101302.jpg\" \/>  <\/p>\n<p><span class=\"text1noticias\">SANTO DOMINGO, RD, 20 de Octubre.- El comercio sigue siendo una de las actividades productivas m\u00e1s importantes en la econom\u00eda dominicana por su participaci\u00f3n en el Producto Interno Bruto (PIB), la generaci\u00f3n de empleos y la captaci\u00f3n de impuestos para financiar el desarrollo nacional, afirm\u00f3 este domingo el ministro de Econom\u00eda, Planificaci\u00f3n y Desarrollo, ingeniero Tem\u00edstocles Mont\u00e1s.<\/span><\/p>\n<\/p>\n<p><span class=\"text1noticias\">\tEn lo relativo a su aporte al PIB, explic\u00f3 Mont\u00e1s, el comercio se ha consolidado en el 9% solo por debajo de la manufactura que en 2012 represent\u00f3 el 21% y las comunicaciones que se situaron en el 16%.<\/span><\/p>\n<\/p>\n<p><span class=\"text1noticias\">\tDurante una conferencia como invitado de honor al acto de juramentaci\u00f3n de la nueva directiva del Consejo Nacional del Comercio de Provisiones (CNCP) en el Hotel Hilton, el ministro Mont\u00e1s destac\u00f3 que en 1991 el peso del comercio en el PIB era de 10%, por lo que al estar en 2012 en 9% representa una consolidaci\u00f3n importante si se toma en cuenta la din\u00e1mica de otros sectores, la introducci\u00f3n del comercio por Internet y los servicios de env\u00edos de mercader\u00edas de puerta a puerta desde el exterior.<\/span><\/p>\n<\/p>\n<p><span class=\"text1noticias\">\t\u00abA pesar de los cambios estructurales que ha registrado la econom\u00eda dominicana a lo largo de los \u00faltimos 20 a\u00f1os -que se plasman en la p\u00e9rdida de peso relativo de la actividad manufacturera y en la enorme ganancia que muestran algunos sectores de servicios, como el de las comunicaciones- el comercio ha logrado mantenerse dentro de las actividades de mayor relevancia dentro de la estructura productiva nacional\u00bb, afirm\u00f3 Mont\u00e1s.<\/span><\/p>\n<\/p>\n<p><span class=\"text1noticias\">\tEn la actividad, celebrada en ocasi\u00f3n de El D\u00eda del Comercio, estuvo representado todo el comercio mayorista y minorista, as\u00ed como las m\u00e1s importantes empresas nacionales y extranjeras establecidas en el pa\u00eds, escenario que sirvi\u00f3 de marco a la instalaci\u00f3n de la nueva directiva del CNCP, encabezada por el se\u00f1or Jorge Jerez. El juramento fue tomado por el Presidente saliente, Manuel Hern\u00e1ndez.<\/span><\/p>\n<\/p>\n<p><span class=\"text1noticias\">\tEn el marco de la actividad y en nombre de todas las asociaciones de comerciantes mayoristas que integran el Consejo otorgaron a Montas un pergamino de reconocimiento por sus aportes desde la funci\u00f3n que ocupa en el gobierno, inform\u00f3 la Unidad de Comunicaciones del Ministerio de Econom\u00eda.<\/span><\/p>\n<p><span class=\"text1noticias\">\tEn cuanto a la alta capacidad recaudatoria del Estado a trav\u00e9s del comercio, Mont\u00e1s resalt\u00f3 que el mayor porcentaje de pago de Itebis se realiza a trav\u00e9s del comercio mayorista y minorista.<\/span><\/p>\n<\/p>\n<p><span class=\"text1noticias\">\tMont\u00e1s cit\u00f3 que durante el a\u00f1o 2012 el comercio realiz\u00f3 operaciones por un valor de  414,738.5 millones de pesos, lo que posibilit\u00f3 un ingreso al gobierno por concepto de Itbis de 66,368.2 millones de pesos, lo que represent\u00f3 el 44.2% del total de las recaudaciones por Itbis.<\/span><\/p>\n<\/p>\n<p><span class=\"text1noticias\">\t\u00abSin dudas el mayor captador de ingresos por el Itbis es el comercio mayorista y minorista, muy por encima de la manufactura, las comunicaciones, el turismo y otras actividades econ\u00f3micas\u00bb, puntualiz\u00f3 Mont\u00e1s.<\/span><\/p>\n<p><span class=\"text1noticias\">\tEl tambi\u00e9n aspirante presidencial del Partido de la Liberaci\u00f3n Dominicana (PLD) para las elecciones de 2016 dijo que se siente comprometido a \u00abmejorar las condiciones de vida del comerciante, su familia y sus trabajadores\u00bb.<\/span><\/p>\n<\/p>\n<p><span class=\"text1noticias\">Agreg\u00f3 que para cumplir con ese objetivo es necesario pactar \u00abun compromiso conjunto con el Estado para propiciar una formalizaci\u00f3n que redunde en beneficios para tener acceso al cr\u00e9dito, a la seguridad social, al financiamiento y la asistencia t\u00e9cnica que permitan que sus negocios crezcan y sean m\u00e1s productivos\u00bb. <\/span><\/p>\n<\/p>\n<p><span class=\"text1noticias\">Mont\u00e1s record\u00f3 que el comercio minorista juega un rol fundamental para facilitar la operatividad de entrega de los subsidios sociales que hace el gobierno a los sectores m\u00e1s vulnerables en los lugares m\u00e1s apartados del pa\u00eds.<\/span><\/p>\n<\/p>\n<p><span class=\"text1noticias\">\tAsimismo, destac\u00f3 que a trav\u00e9s del \u00abfiao\u00bb las familias pueden manejarse cuando est\u00e1n en momentos de estrechez financiera.<\/span><\/p>\n<\/p>\n<\/p>\n<\/p>\n<h6> 2013-10-20 18:24:17 <\/h6>\n<p><!--\n<link rel=\"stylesheet\" href=\"css\/bootstrap.min.css\">\n\n\n<ul class=\"pagination\">\n\t    \n\t\n\n<li >\n\t<a href='?page_no=14572'>Previous<\/a>\n\t<\/li>\n\n\n       \n    \n\n<li><a href='?page_no=1'>1<\/a><\/li>\n\n\n\n<li><a href='?page_no=2'>2<\/a><\/li>\n\n\n\n<li><a>...<\/a><\/li>\n\n\n\n<li><a href='?page_no=14571'>14571<\/a><\/li>\n\n\n\n<li><a href='?page_no=14572'>14572<\/a><\/li>\n\n\n\n<li class='active'><a>14573<\/a><\/li>\n\n\n\n<li><a href='?page_no=14574'>14574<\/a><\/li>\n\n\n\n<li><a href='?page_no=14575'>14575<\/a><\/li>\n\n\n\n<li><a>...<\/a><\/li>\n\n\n\n<li><a href='?page_no=30472'>30472<\/a><\/li>\n\n\n\n<li><a href='?page_no=30473'>30473<\/a><\/li>\n\n    \n\t\n\n<li >\n\t<a href='?page_no=14574'>Next<\/a>\n\t<\/li>\n\n\n    \n\n<li><a href='?page_no=30473'>Last &rsaquo;&rsaquo;<\/a><\/li>\n\n<\/ul>\n\n\n--><br \/>\n<\/body><\/p>\n","protected":false},"excerpt":{"rendered":"<p>SANTO DOMINGO, RD, 20 de Octubre.- El comercio sigue siendo una de las actividades productivas m\u00e1s importantes en la econom\u00eda dominicana por su participaci\u00f3n en el Producto Interno Bruto (PIB), la generaci\u00f3n de empleos y la captaci\u00f3n de impuestos para financiar el desarrollo nacional, afirm\u00f3 este domingo el ministro de Econom\u00eda, Planificaci\u00f3n y Desarrollo, ingeniero [&hellip;]<\/p>\n","protected":false},"author":3,"featured_media":0,"comment_status":"open","ping_status":"open","sticky":false,"template":"","format":"standard","meta":{"footnotes":""},"categories":[18],"tags":[],"class_list":["post-99079","post","type-post","status-publish","format-standard","hentry","category-economia"],"_links":{"self":[{"href":"https:\/\/diariodominicano.com\/index.php?rest_route=\/wp\/v2\/posts\/99079","targetHints":{"allow":["GET"]}}],"collection":[{"href":"https:\/\/diariodominicano.com\/index.php?rest_route=\/wp\/v2\/posts"}],"about":[{"href":"https:\/\/diariodominicano.com\/index.php?rest_route=\/wp\/v2\/types\/post"}],"author":[{"embeddable":true,"href":"https:\/\/diariodominicano.com\/index.php?rest_route=\/wp\/v2\/users\/3"}],"replies":[{"embeddable":true,"href":"https:\/\/diariodominicano.com\/index.php?rest_route=%2Fwp%2Fv2%2Fcomments&post=99079"}],"version-history":[{"count":0,"href":"https:\/\/diariodominicano.com\/index.php?rest_route=\/wp\/v2\/posts\/99079\/revisions"}],"wp:attachment":[{"href":"https:\/\/diariodominicano.com\/index.php?rest_route=%2Fwp%2Fv2%2Fmedia&parent=99079"}],"wp:term":[{"taxonomy":"category","embeddable":true,"href":"https:\/\/diariodominicano.com\/index.php?rest_route=%2Fwp%2Fv2%2Fcategories&post=99079"},{"taxonomy":"post_tag","embeddable":true,"href":"https:\/\/diariodominicano.com\/index.php?rest_route=%2Fwp%2Fv2%2Ftags&post=99079"}],"curies":[{"name":"wp","href":"https:\/\/api.w.org\/{rel}","templated":true}]}}