{"id":99076,"date":"2013-10-21T16:00:40","date_gmt":"2013-10-21T16:00:40","guid":{"rendered":"http:\/\/diariodominicano.ddns.net\/?p=99076"},"modified":"2013-10-21T16:00:40","modified_gmt":"2013-10-21T16:00:40","slug":"dos-aerolineas-cubriran-rutas-dejadas-por-iberia-y-american-eagle","status":"publish","type":"post","link":"https:\/\/diariodominicano.com\/?p=99076","title":{"rendered":"Dos aerol\u00edneas cubrir\u00e1n rutas dejadas por Iberia y American Eagle"},"content":{"rendered":"<p><body><\/p>\n<p><img decoding=\"async\" src=\"img3\/linea 21.jpg\" \/>  <\/p>\n<p>Santo Domingo RD 21 octubre.- Las rutas hacia Puerto Rico y Europa dejadas por las aerol\u00edneas American Eagle e Iberia ser\u00e1n cubiertas por las empresas Seaboard y Avi\u00f3n Express, seg\u00fan informaron hoy sus ejecutivos tras reunirse en el Palacio Nacional con el presidente Danilo Medina.<\/p>\n<\/p>\n<p>Gary Foss, presidente de la aerol\u00ednea americana Seaboard, dijo que esta empresa iniciar\u00eda sus operaciones el pr\u00f3ximo 15 de diciembre, con un vuelo diario desde La Romana hacia San Juan, Puerto Rico. <\/p>\n<\/p>\n<p>Para la ruta utilizar\u00e1n, inicialmente, cuatro aviones. Al referirse al costo de la inversi\u00f3n, Foss solo detall\u00f3 el costo de cada aeronave, de tres millones de pesos, lo que no incluye los gastos por pilotos, azafatas ni personal administrativo. <\/p>\n<\/p>\n<p>De su lado, David Masson y Garear Forber, ejecutivos de la aerol\u00ednea europea Avi\u00f3n Express, informaron que debido a que se encuentran en un periodo de certificaci\u00f3n, en seis meses iniciar\u00edan sus operaciones con vuelos hacia Centroam\u00e9rica y Estados Unidos y posteriormente hacia Europa.<\/p>\n<h6> 2013-10-21 16:00:40 <\/h6>\n<p><!--\n<link rel=\"stylesheet\" href=\"css\/bootstrap.min.css\">\n\n\n<ul class=\"pagination\">\n\t    \n\t\n\n<li >\n\t<a href='?page_no=14569'>Previous<\/a>\n\t<\/li>\n\n\n       \n    \n\n<li><a href='?page_no=1'>1<\/a><\/li>\n\n\n\n<li><a href='?page_no=2'>2<\/a><\/li>\n\n\n\n<li><a>...<\/a><\/li>\n\n\n\n<li><a href='?page_no=14568'>14568<\/a><\/li>\n\n\n\n<li><a href='?page_no=14569'>14569<\/a><\/li>\n\n\n\n<li class='active'><a>14570<\/a><\/li>\n\n\n\n<li><a href='?page_no=14571'>14571<\/a><\/li>\n\n\n\n<li><a href='?page_no=14572'>14572<\/a><\/li>\n\n\n\n<li><a>...<\/a><\/li>\n\n\n\n<li><a href='?page_no=30472'>30472<\/a><\/li>\n\n\n\n<li><a href='?page_no=30473'>30473<\/a><\/li>\n\n    \n\t\n\n<li >\n\t<a href='?page_no=14571'>Next<\/a>\n\t<\/li>\n\n\n    \n\n<li><a href='?page_no=30473'>Last &rsaquo;&rsaquo;<\/a><\/li>\n\n<\/ul>\n\n\n--><br \/>\n<\/body><\/p>\n","protected":false},"excerpt":{"rendered":"<p>Santo Domingo RD 21 octubre.- Las rutas hacia Puerto Rico y Europa dejadas por las aerol\u00edneas American Eagle e Iberia ser\u00e1n cubiertas por las empresas Seaboard y Avi\u00f3n Express, seg\u00fan informaron hoy sus ejecutivos tras reunirse en el Palacio Nacional con el presidente Danilo Medina. Gary Foss, presidente de la aerol\u00ednea americana Seaboard, dijo que [&hellip;]<\/p>\n","protected":false},"author":3,"featured_media":0,"comment_status":"open","ping_status":"open","sticky":false,"template":"","format":"standard","meta":{"footnotes":""},"categories":[18],"tags":[],"class_list":["post-99076","post","type-post","status-publish","format-standard","hentry","category-economia"],"_links":{"self":[{"href":"https:\/\/diariodominicano.com\/index.php?rest_route=\/wp\/v2\/posts\/99076","targetHints":{"allow":["GET"]}}],"collection":[{"href":"https:\/\/diariodominicano.com\/index.php?rest_route=\/wp\/v2\/posts"}],"about":[{"href":"https:\/\/diariodominicano.com\/index.php?rest_route=\/wp\/v2\/types\/post"}],"author":[{"embeddable":true,"href":"https:\/\/diariodominicano.com\/index.php?rest_route=\/wp\/v2\/users\/3"}],"replies":[{"embeddable":true,"href":"https:\/\/diariodominicano.com\/index.php?rest_route=%2Fwp%2Fv2%2Fcomments&post=99076"}],"version-history":[{"count":0,"href":"https:\/\/diariodominicano.com\/index.php?rest_route=\/wp\/v2\/posts\/99076\/revisions"}],"wp:attachment":[{"href":"https:\/\/diariodominicano.com\/index.php?rest_route=%2Fwp%2Fv2%2Fmedia&parent=99076"}],"wp:term":[{"taxonomy":"category","embeddable":true,"href":"https:\/\/diariodominicano.com\/index.php?rest_route=%2Fwp%2Fv2%2Fcategories&post=99076"},{"taxonomy":"post_tag","embeddable":true,"href":"https:\/\/diariodominicano.com\/index.php?rest_route=%2Fwp%2Fv2%2Ftags&post=99076"}],"curies":[{"name":"wp","href":"https:\/\/api.w.org\/{rel}","templated":true}]}}