{"id":99074,"date":"2013-10-21T18:32:36","date_gmt":"2013-10-21T18:32:36","guid":{"rendered":"http:\/\/diariodominicano.ddns.net\/?p=99074"},"modified":"2013-10-21T18:32:36","modified_gmt":"2013-10-21T18:32:36","slug":"dicen-feria-nacional-del-mueble-mostrara-potencial-y-eficiencia-del-sector","status":"publish","type":"post","link":"https:\/\/diariodominicano.com\/?p=99074","title":{"rendered":"&#13;&#13;&#13;&#13;Dicen Feria Nacional del Mueble mostrar\u00e1 potencial y eficiencia del sector &#13;"},"content":{"rendered":"<p><body><\/p>\n<p>Santo Domingo, RD, 21 de octubre.- La vig\u00e9simo segunda versi\u00f3n de la Feria Nacional del Mueble, que arranca este jueves 24 en la Ciudad ganadera, mostrar\u00e1 al pa\u00eds la potencialidad del sector y un eficiente desempe\u00f1o que se expresa en productos de alta calidad y m\u00f3dicos precios, seg\u00fan anunci\u00f3 el presidente de la Asociaci\u00f3n Nacional de Industriales de Muebles y Colchones (ASONAIMCO).<\/p>\n<\/p>\n<p>El licenciado Cristian Nolasco signific\u00f3 que como auspiciadora del evento, la entidad que preside despliega ingentes esfuerzos para que la Feria programada entre el 24 de octubre y el 3 de noviembre responda a las expectativas del p\u00fablico.<\/p>\n<\/p>\n<p>\u00abDesde su inicio hacen ya veintid\u00f3s a\u00f1os, la Feria Nacional del Mueble ha sido una experiencia cada vez m\u00e1s depurada y exitosa, hay una franca identidad del pa\u00eds con nuestro evento y por eso nos empe\u00f1amos en que este nuevo cap\u00edtulo supere a los anteriores\u00bb, a\u00f1adi\u00f3 el presidente de ASONAIMCO.<\/p>\n<\/p>\n<p>Sostuvo que a partir del jueves 24 la poblaci\u00f3n podr\u00e1 disfrutar de muebles y colchones de excelente calidad y tentadores precios, por lo que la XXII Feria Nacional del Mueble tiene el \u00e9xito garantizado.<\/p>\n<\/p>\n<p>En ese escenario, decenas de empresas fabricantes de muebles, colchones, art\u00edculos para el hogar y oficinas dispondr\u00e1n de una variada gama de productos que incluyen muebles de madera, tapizados, en metal, mimbre y ratt\u00e1n. <\/p>\n<\/p>\n<p>Tambi\u00e9n, electrodom\u00e9sticos, l\u00e1mparas, artesan\u00edas, accesorio para el hogar, complementos decorativos y otros art\u00edculos.<\/p>\n<h6> 2013-10-21 18:32:36 <\/h6>\n<p><!--\n<link rel=\"stylesheet\" href=\"css\/bootstrap.min.css\">\n\n\n<ul class=\"pagination\">\n\t    \n\t\n\n<li >\n\t<a href='?page_no=14568'>Previous<\/a>\n\t<\/li>\n\n\n       \n    \n\n<li><a href='?page_no=1'>1<\/a><\/li>\n\n\n\n<li><a href='?page_no=2'>2<\/a><\/li>\n\n\n\n<li><a>...<\/a><\/li>\n\n\n\n<li><a href='?page_no=14567'>14567<\/a><\/li>\n\n\n\n<li><a href='?page_no=14568'>14568<\/a><\/li>\n\n\n\n<li class='active'><a>14569<\/a><\/li>\n\n\n\n<li><a href='?page_no=14570'>14570<\/a><\/li>\n\n\n\n<li><a href='?page_no=14571'>14571<\/a><\/li>\n\n\n\n<li><a>...<\/a><\/li>\n\n\n\n<li><a href='?page_no=30472'>30472<\/a><\/li>\n\n\n\n<li><a href='?page_no=30473'>30473<\/a><\/li>\n\n    \n\t\n\n<li >\n\t<a href='?page_no=14570'>Next<\/a>\n\t<\/li>\n\n\n    \n\n<li><a href='?page_no=30473'>Last &rsaquo;&rsaquo;<\/a><\/li>\n\n<\/ul>\n\n\n--><br \/>\n<\/body><\/p>\n","protected":false},"excerpt":{"rendered":"<p>Santo Domingo, RD, 21 de octubre.- La vig\u00e9simo segunda versi\u00f3n de la Feria Nacional del Mueble, que arranca este jueves 24 en la Ciudad ganadera, mostrar\u00e1 al pa\u00eds la potencialidad del sector y un eficiente desempe\u00f1o que se expresa en productos de alta calidad y m\u00f3dicos precios, seg\u00fan anunci\u00f3 el presidente de la Asociaci\u00f3n Nacional [&hellip;]<\/p>\n","protected":false},"author":3,"featured_media":0,"comment_status":"open","ping_status":"open","sticky":false,"template":"","format":"standard","meta":{"footnotes":""},"categories":[18],"tags":[],"class_list":["post-99074","post","type-post","status-publish","format-standard","hentry","category-economia"],"_links":{"self":[{"href":"https:\/\/diariodominicano.com\/index.php?rest_route=\/wp\/v2\/posts\/99074","targetHints":{"allow":["GET"]}}],"collection":[{"href":"https:\/\/diariodominicano.com\/index.php?rest_route=\/wp\/v2\/posts"}],"about":[{"href":"https:\/\/diariodominicano.com\/index.php?rest_route=\/wp\/v2\/types\/post"}],"author":[{"embeddable":true,"href":"https:\/\/diariodominicano.com\/index.php?rest_route=\/wp\/v2\/users\/3"}],"replies":[{"embeddable":true,"href":"https:\/\/diariodominicano.com\/index.php?rest_route=%2Fwp%2Fv2%2Fcomments&post=99074"}],"version-history":[{"count":0,"href":"https:\/\/diariodominicano.com\/index.php?rest_route=\/wp\/v2\/posts\/99074\/revisions"}],"wp:attachment":[{"href":"https:\/\/diariodominicano.com\/index.php?rest_route=%2Fwp%2Fv2%2Fmedia&parent=99074"}],"wp:term":[{"taxonomy":"category","embeddable":true,"href":"https:\/\/diariodominicano.com\/index.php?rest_route=%2Fwp%2Fv2%2Fcategories&post=99074"},{"taxonomy":"post_tag","embeddable":true,"href":"https:\/\/diariodominicano.com\/index.php?rest_route=%2Fwp%2Fv2%2Ftags&post=99074"}],"curies":[{"name":"wp","href":"https:\/\/api.w.org\/{rel}","templated":true}]}}