{"id":99073,"date":"2013-10-21T18:52:59","date_gmt":"2013-10-21T18:52:59","guid":{"rendered":"http:\/\/diariodominicano.ddns.net\/?p=99073"},"modified":"2013-10-21T18:52:59","modified_gmt":"2013-10-21T18:52:59","slug":"adozona-agradece-reconocimiento-del-presidente-medina-a-los-aportes-del-sector-zonas-francas","status":"publish","type":"post","link":"https:\/\/diariodominicano.com\/?p=99073","title":{"rendered":"&#13;&#13;&#13;&#13;ADOZONA agradece  reconocimiento del presidente Medina a los aportes del sector Zonas Francas"},"content":{"rendered":"<p><body><\/p>\n<\/p>\n<p>Santo Domingo, RD, 21  de octubre.- La Asociaci\u00f3n Dominicana de Zonas Francas (ADOZONA) agradeci\u00f3 al presidente Danilo Medina  el reconocimiento sobre los aportes de ese sector industrial al desarrollo econ\u00f3mico del pa\u00eds  y la reafirmaci\u00f3n del compromiso  de su gobierno de apoyar la inversi\u00f3n local y extranjera para crear empleos, promover la transferencia de tecnolog\u00edas y generar divisas.<\/p>\n<\/p>\n<p>La entidad que agrupa a las empresas de zonas francas  se  refiri\u00f3 a los se\u00f1alamientos que hizo  el presidente Medina durante su intervenci\u00f3n el pasado jueves en  la XXIII Cumbre Iberoamericana de Jefes de Estado y de Gobierno, en  ciudad de Panam\u00e1, donde destac\u00f3 la notable mejor\u00eda que registr\u00f3  el sector en el primer a\u00f1o de su administraci\u00f3n.<\/p>\n<\/p>\n<p>Al valorar la posici\u00f3n del jefe del Estado en relaci\u00f3n con el   sector, el presidente de ADOZONA, Aquiles Berm\u00fadez, dijo que los empresarios de Zonas Francas est\u00e1n plenamente identificados con las iniciativas del Gobierno para mejorar la producci\u00f3n de riquezas, ampliar las oportunidades de empleo  y elevar las condiciones de vida de los dominicanos.<\/p>\n<\/p>\n<p>Creemos que la Rep\u00fablica Dominicana se encuentra en una excelente coyuntura para aprovechar a trav\u00e9s del sector Zonas Francas los cambios que se est\u00e1n presentando en el entorno internacional, especialmente por el encarecimiento de la producci\u00f3n de China Popular, si el Gobierno y el Sector Privado act\u00faan con rapidez y de manera coordinada.<\/p>\n<\/p>\n<p>M\u00e1s de 44 mil nuevos puestos de trabajo<\/p>\n<\/p>\n<p>Al intervenir en la Cumbre de Panam\u00e1, el presidente Medina  manifest\u00f3 que las Zonas Francas   le merecen toda su atenci\u00f3n por lo que representan en la generaci\u00f3n de divisas, transferencia de tecnolog\u00eda y creaci\u00f3n de empleo.<\/p>\n<\/p>\n<p>El mandatario apunto en su discurso que \u00ablos  incentivos que hemos dispuesto han dado como resultado que en el primer a\u00f1o de gobierno se hayan aprobado 64 nuevas empresas, 12 parques industriales y 16 ampliaciones, lo que han supuesto m\u00e1s de 44 mil nuevos puestos de trabajo\u00bb.<\/p>\n<\/p>\n<p>Tambi\u00e9n precis\u00f3 que el Gobierno Dominicano est\u00e1 comprometido a ofrecer a los inversionistas locales y extranjeros un clima favorable para la creaci\u00f3n de negocios, apoyado por una  econom\u00eda en crecimiento y una administraci\u00f3n p\u00fablica transparente y profesionalizada.<\/p>\n<\/p>\n<h6> 2013-10-21 18:52:59 <\/h6>\n<p><!--\n<link rel=\"stylesheet\" href=\"css\/bootstrap.min.css\">\n\n\n<ul class=\"pagination\">\n\t    \n\t\n\n<li >\n\t<a href='?page_no=14567'>Previous<\/a>\n\t<\/li>\n\n\n       \n    \n\n<li><a href='?page_no=1'>1<\/a><\/li>\n\n\n\n<li><a href='?page_no=2'>2<\/a><\/li>\n\n\n\n<li><a>...<\/a><\/li>\n\n\n\n<li><a href='?page_no=14566'>14566<\/a><\/li>\n\n\n\n<li><a href='?page_no=14567'>14567<\/a><\/li>\n\n\n\n<li class='active'><a>14568<\/a><\/li>\n\n\n\n<li><a href='?page_no=14569'>14569<\/a><\/li>\n\n\n\n<li><a href='?page_no=14570'>14570<\/a><\/li>\n\n\n\n<li><a>...<\/a><\/li>\n\n\n\n<li><a href='?page_no=30472'>30472<\/a><\/li>\n\n\n\n<li><a href='?page_no=30473'>30473<\/a><\/li>\n\n    \n\t\n\n<li >\n\t<a href='?page_no=14569'>Next<\/a>\n\t<\/li>\n\n\n    \n\n<li><a href='?page_no=30473'>Last &rsaquo;&rsaquo;<\/a><\/li>\n\n<\/ul>\n\n\n--><br \/>\n<\/body><\/p>\n","protected":false},"excerpt":{"rendered":"<p>Santo Domingo, RD, 21 de octubre.- La Asociaci\u00f3n Dominicana de Zonas Francas (ADOZONA) agradeci\u00f3 al presidente Danilo Medina el reconocimiento sobre los aportes de ese sector industrial al desarrollo econ\u00f3mico del pa\u00eds y la reafirmaci\u00f3n del compromiso de su gobierno de apoyar la inversi\u00f3n local y extranjera para crear empleos, promover la transferencia de tecnolog\u00edas [&hellip;]<\/p>\n","protected":false},"author":3,"featured_media":0,"comment_status":"open","ping_status":"open","sticky":false,"template":"","format":"standard","meta":{"footnotes":""},"categories":[18],"tags":[],"class_list":["post-99073","post","type-post","status-publish","format-standard","hentry","category-economia"],"_links":{"self":[{"href":"https:\/\/diariodominicano.com\/index.php?rest_route=\/wp\/v2\/posts\/99073","targetHints":{"allow":["GET"]}}],"collection":[{"href":"https:\/\/diariodominicano.com\/index.php?rest_route=\/wp\/v2\/posts"}],"about":[{"href":"https:\/\/diariodominicano.com\/index.php?rest_route=\/wp\/v2\/types\/post"}],"author":[{"embeddable":true,"href":"https:\/\/diariodominicano.com\/index.php?rest_route=\/wp\/v2\/users\/3"}],"replies":[{"embeddable":true,"href":"https:\/\/diariodominicano.com\/index.php?rest_route=%2Fwp%2Fv2%2Fcomments&post=99073"}],"version-history":[{"count":0,"href":"https:\/\/diariodominicano.com\/index.php?rest_route=\/wp\/v2\/posts\/99073\/revisions"}],"wp:attachment":[{"href":"https:\/\/diariodominicano.com\/index.php?rest_route=%2Fwp%2Fv2%2Fmedia&parent=99073"}],"wp:term":[{"taxonomy":"category","embeddable":true,"href":"https:\/\/diariodominicano.com\/index.php?rest_route=%2Fwp%2Fv2%2Fcategories&post=99073"},{"taxonomy":"post_tag","embeddable":true,"href":"https:\/\/diariodominicano.com\/index.php?rest_route=%2Fwp%2Fv2%2Ftags&post=99073"}],"curies":[{"name":"wp","href":"https:\/\/api.w.org\/{rel}","templated":true}]}}