{"id":99071,"date":"2013-10-21T20:27:23","date_gmt":"2013-10-21T20:27:23","guid":{"rendered":"http:\/\/diariodominicano.ddns.net\/?p=99071"},"modified":"2013-10-21T20:27:23","modified_gmt":"2013-10-21T20:27:23","slug":"el-gobierno-y-el-banco-mundial-convienen-elevar-competitividad-rd","status":"publish","type":"post","link":"https:\/\/diariodominicano.com\/?p=99071","title":{"rendered":"El Gobierno y el Banco Mundial convienen elevar competitividad RD"},"content":{"rendered":"<p><body><\/p>\n<p><img decoding=\"async\" src=\"img3\/acuerdo.jpg\" \/>  <\/p>\n<p><span class=\"text1noticias\">Santo Domingo, RD, 21 de Octubre.-El Gobierno Dominicano y el Banco Mundial suscribieron este viernes en el Palacio Nacional un convenio cuya ejecuci\u00f3n busca una mejora en los \u00edndices de competitividad del pa\u00eds e impactar la creaci\u00f3n de empleos con una apertura de negocios m\u00e1s r\u00e1pida.<\/span><\/p>\n<\/p>\n<p><span class=\"text1noticias\">Por la parte dominicana suscribi\u00f3 el convenio el ministro de Econom\u00eda, Planificaci\u00f3n y Desarrollo, ingeniero Tem\u00edstocles Mont\u00e1s, y por el Banco Mundial Sophie Sirtaine, directora para el Caribe, acompa\u00f1ada de comisionados del organismo.<\/span><\/p>\n<\/p>\n<p><span class=\"text1noticias\">\tEl viceministro de Competitividad del Ministerio, Juan Reyes, quien acompa\u00f1\u00f3 al ministro Mont\u00e1s en el acto de la firma, inform\u00f3 que el convenio, por US$270 mil, incluye actualizar el Memor\u00e1ndum de Competitividad del Banco Mundial firmado en 2009.<\/span><\/p>\n<\/p>\n<p><span class=\"text1noticias\">\tTras la suscripci\u00f3n del convenio en su despacho, el ministro Mont\u00e1s agradeci\u00f3 la iniciativa del Banco Mundial y manifest\u00f3 la esperanza de que el pa\u00eds incrementar\u00e1 el nivel de empleo, como impacto de la mejora en la competitividad, inform\u00f3 la Unidad de Comunicaciones del Ministerio.<\/span><\/p>\n<\/p>\n<p><span class=\"text1noticias\">\tDe su parte, la directora del Banco Mundial para el Caribe resalt\u00f3 que el convenio es importante en cuanto est\u00e1 alineado con la Ley de Estrategia Nacional de Desarrollo que entre sus objetivos contiene el incremento del empleo en el pa\u00eds.<\/span><\/p>\n<\/p>\n<p><span class=\"text1noticias\">El viceministro Reyes inform\u00f3 que el convenio implica un plan de acci\u00f3n de 21 meses de duraci\u00f3n a ser implementado entre el Banco Mundial y Rep\u00fablica Dominicana.<\/span><\/p>\n<p><span class=\"text1noticias\"> <\/span><\/p>\n<p><span class=\"text1noticias\">Rep\u00fablica Dominicana ocupa la posici\u00f3n 116 entre 185 pa\u00edses en el \u00cdndice de Clima de Negocios (Doing Business) e igual ocupa la posici\u00f3n 105 de 148 pa\u00edses del \u00cdndice de Competitividad Global, inform\u00f3 el Viceministro Juan Reyes.<\/span><\/p>\n<\/p>\n<p><span class=\"text1noticias\">Adem\u00e1s la Rep\u00fablica Dominicana se sit\u00faa en el \u00edndice en la posici\u00f3n 35 en disponibilidad de servicios financieros, el 34 en el relativo a solidez bancaria, el 51 en disponibilidad de tecnolog\u00eda de innovaci\u00f3n y la posici\u00f3n 11 en inversi\u00f3n extranjera directa y transferencia de tecnolog\u00eda.\t<\/span><\/p>\n<\/p>\n<p><span class=\"text1noticias\">\tNo obstante, el viceministro asegur\u00f3 que al t\u00e9rmino de los planes que las partes pondr\u00e1n en marcha, la Rep\u00fablica Dominicana habr\u00e1 de registrar una mejora en costos, tiempos y procesos de duraci\u00f3n para apertura r\u00e1pida y operaci\u00f3n  de negocios.<\/span><\/p>\n<\/p>\n<p><span class=\"text1noticias\">\tEn la rueda de prensa estuvo presente, adem\u00e1s, el representante del Banco Mundial en el pa\u00eds, McDonald Benjam\u00edn y el Viceministro de Planificaci\u00f3n, Juan Monegro.(HG)<\/span>.<\/p>\n<\/p>\n<\/p>\n<h6> 2013-10-21 20:27:23 <\/h6>\n<p><!--\n<link rel=\"stylesheet\" href=\"css\/bootstrap.min.css\">\n\n\n<ul class=\"pagination\">\n\t    \n\t\n\n<li >\n\t<a href='?page_no=14565'>Previous<\/a>\n\t<\/li>\n\n\n       \n    \n\n<li><a href='?page_no=1'>1<\/a><\/li>\n\n\n\n<li><a href='?page_no=2'>2<\/a><\/li>\n\n\n\n<li><a>...<\/a><\/li>\n\n\n\n<li><a href='?page_no=14564'>14564<\/a><\/li>\n\n\n\n<li><a href='?page_no=14565'>14565<\/a><\/li>\n\n\n\n<li class='active'><a>14566<\/a><\/li>\n\n\n\n<li><a href='?page_no=14567'>14567<\/a><\/li>\n\n\n\n<li><a href='?page_no=14568'>14568<\/a><\/li>\n\n\n\n<li><a>...<\/a><\/li>\n\n\n\n<li><a href='?page_no=30472'>30472<\/a><\/li>\n\n\n\n<li><a href='?page_no=30473'>30473<\/a><\/li>\n\n    \n\t\n\n<li >\n\t<a href='?page_no=14567'>Next<\/a>\n\t<\/li>\n\n\n    \n\n<li><a href='?page_no=30473'>Last &rsaquo;&rsaquo;<\/a><\/li>\n\n<\/ul>\n\n\n--><br \/>\n<\/body><\/p>\n","protected":false},"excerpt":{"rendered":"<p>Santo Domingo, RD, 21 de Octubre.-El Gobierno Dominicano y el Banco Mundial suscribieron este viernes en el Palacio Nacional un convenio cuya ejecuci\u00f3n busca una mejora en los \u00edndices de competitividad del pa\u00eds e impactar la creaci\u00f3n de empleos con una apertura de negocios m\u00e1s r\u00e1pida. Por la parte dominicana suscribi\u00f3 el convenio el ministro [&hellip;]<\/p>\n","protected":false},"author":3,"featured_media":0,"comment_status":"open","ping_status":"open","sticky":false,"template":"","format":"standard","meta":{"footnotes":""},"categories":[18],"tags":[],"class_list":["post-99071","post","type-post","status-publish","format-standard","hentry","category-economia"],"_links":{"self":[{"href":"https:\/\/diariodominicano.com\/index.php?rest_route=\/wp\/v2\/posts\/99071","targetHints":{"allow":["GET"]}}],"collection":[{"href":"https:\/\/diariodominicano.com\/index.php?rest_route=\/wp\/v2\/posts"}],"about":[{"href":"https:\/\/diariodominicano.com\/index.php?rest_route=\/wp\/v2\/types\/post"}],"author":[{"embeddable":true,"href":"https:\/\/diariodominicano.com\/index.php?rest_route=\/wp\/v2\/users\/3"}],"replies":[{"embeddable":true,"href":"https:\/\/diariodominicano.com\/index.php?rest_route=%2Fwp%2Fv2%2Fcomments&post=99071"}],"version-history":[{"count":0,"href":"https:\/\/diariodominicano.com\/index.php?rest_route=\/wp\/v2\/posts\/99071\/revisions"}],"wp:attachment":[{"href":"https:\/\/diariodominicano.com\/index.php?rest_route=%2Fwp%2Fv2%2Fmedia&parent=99071"}],"wp:term":[{"taxonomy":"category","embeddable":true,"href":"https:\/\/diariodominicano.com\/index.php?rest_route=%2Fwp%2Fv2%2Fcategories&post=99071"},{"taxonomy":"post_tag","embeddable":true,"href":"https:\/\/diariodominicano.com\/index.php?rest_route=%2Fwp%2Fv2%2Ftags&post=99071"}],"curies":[{"name":"wp","href":"https:\/\/api.w.org\/{rel}","templated":true}]}}