{"id":99068,"date":"2013-10-22T05:13:28","date_gmt":"2013-10-22T05:13:28","guid":{"rendered":"http:\/\/diariodominicano.ddns.net\/?p=99068"},"modified":"2013-10-22T05:13:28","modified_gmt":"2013-10-22T05:13:28","slug":"gobierno-y-pma-combatiran-la-desnutricion-con-proyecto-de-nutricion-y-alimentacion-saludable","status":"publish","type":"post","link":"https:\/\/diariodominicano.com\/?p=99068","title":{"rendered":"Gobierno y PMA  combatir\u00e1n la desnutrici\u00f3n con proyecto de Nutrici\u00f3n y Alimentaci\u00f3n Saludable"},"content":{"rendered":"<p><body><\/p>\n<p><img decoding=\"async\" src=\"img3\/margarita01211013.jpg\" \/><br \/><img decoding=\"async\" src=\"img3\/margo00003.jpg\" \/>  <\/p>\n<\/p>\n<p><span class=\"text1noticias\">SANTO DOMINGO, RD, 22 de Octubre.- La vicepresidenta de la Rep\u00fablica, Margarita Cede\u00f1o de Fern\u00e1ndez, lanz\u00f3 ayer en el Palacio Nacional, el proyecto de Nutrici\u00f3n y Alimentaci\u00f3n Saludable para combatir la desnutrici\u00f3n y proporcionar una alimentaci\u00f3n equilibrada entre los beneficiarios y beneficiarias del programa Progresando con Solidaridad  que se encuentren en situaci\u00f3n de mayor vulnerabilidad.<\/span><\/p>\n<\/p>\n<p><span class=\"text1noticias\">Para la ejecuci\u00f3n del proyecto, que forma parte del Programa Nacional de Seguridad Alimentaria y Nutrici\u00f3n 2013-2016, Cero Hambre, Cede\u00f1o de Fern\u00e1ndez y el representante en el pa\u00eds del Programa Mundial de Alimentos (PMA), Jorge Fanlo, firmaron un acuerdo dirigido a prevenir y controlar la desnutrici\u00f3n aguda en ni\u00f1os y ni\u00f1as de seis a 59 meses, disminuir la deficiencia de micronutrientes en infantes, embarazadas y mujeres en per\u00edodo de lactancia, as\u00ed como suplir alimentaci\u00f3n complementaria a los envejecientes.<\/span><\/p>\n<\/p>\n<p><span class=\"text1noticias\">Durante la presentaci\u00f3n del proyecto, la vicepresidenta Cede\u00f1o de Fern\u00e1ndez dijo que la malnutrici\u00f3n y la carencia de micronutrientes es una limitante para el desarrollo f\u00edsico e intelectual,  para el rendimiento escolar y laboral y un detonante para la anemia cr\u00f3nica, para la desnutrici\u00f3n aguda y cr\u00f3nica y para muertes maternas e infantiles.<\/span><\/p>\n<\/p>\n<p><span class=\"text1noticias\">\u00abComo Vicepresidenta de la Rep\u00fablica y como embajadora extraordinaria ante la FAO, estoy comprometida con la consigna de Cero Hambre, y  por eso trabajamos sin treguas,  junto al presidente Danilo Medina para erradicar la pobreza y su m\u00e1s cruel expresi\u00f3n que es el hambre y la desnutrici\u00f3n, y poner realmente a las personas como centro de nuestras acciones\u00bb.<\/span><\/p>\n<\/p>\n<p><span class=\"text1noticias\">En respuesta a esos males la Vicemandataria inform\u00f3 que en el marco de la Estrategia Nacional Cero Hambre se siente complacida de presentar a la sociedad el proyecto para la ejecuci\u00f3n de acciones precisas y contundentes en el componente Nutrici\u00f3n y Alimentaci\u00f3n Sana del Programa Progresando con Solidaridad.<\/span><\/p>\n<\/p>\n<p><span class=\"text1noticias\">\u00abEl proyecto se implementar\u00e1 a nivel nacional, si Dios quiere, para beneficiar a 115,357 personas, de ellos: 78,882 ni\u00f1os y ni\u00f1as de 0 a 59 meses, que por la edad, no reciben desayuno escolar; 23, 665 mujeres embarazadas o en lactancia  y 8,077 envejecientes. Todos recibir\u00e1n los micronutrientes que necesitan ingerir diariamente de acuerdo a su edad o estado gestacional, a trav\u00e9s  de alimentos fortificados\u00bb, inform\u00f3.  <\/span><\/p>\n<\/p>\n<p><span class=\"text1noticias\">De su lado, el representante en el pa\u00eds del PMA, Jorge Fanlo, felicit\u00f3 a la vicepresidenta Cede\u00f1o por su firme convicci\u00f3n de erradicar el hambre en el pa\u00eds, al reconocer la importancia de desarrollar un programa integral nacional de seguridad alimentaria y nutricional cuyo impacto beneficiar\u00e1 a la poblaci\u00f3n de menos ingreso y que ser\u00e1 referente para el futuro. <\/span><\/p>\n<\/p>\n<p><span class=\"text1noticias\">Acompa\u00f1aron a la vicepresidenta Cede\u00f1o de Fern\u00e1ndez el representante de la FAO en el pa\u00eds, se\u00f1or Gero Vaagt; el viceministro de Salud,  Nelson Rodr\u00edguez; y el reverendo padre Domingo Legua, de la Arquidi\u00f3cesis de Santo Domingo.<\/span><\/p>\n<\/p>\n<p><span class=\"text1noticias\"> <\/span><\/p>\n<\/p>\n<p><strong><span class=\"text1noticias\">Detalles del proyecto<\/span><\/strong><\/p>\n<\/p>\n<p><span class=\"text1noticias\">El presupuesto estipulado para desarrollar el proyecto en los pr\u00f3ximos tres a\u00f1os asciende a RD$66, 362,507.00, con el que se suplir\u00e1 de una alimentaci\u00f3n complementaria a ni\u00f1os, ni\u00f1as y envejecientes pertenecientes al programa Progresando con Solidaridad, quienes recibir\u00e1n Progresina fortificada, mientras que las embarazadas y en estado de lactancia se les proporcionar\u00e1 el suplemento nutricional Chispitas Solidarias.<\/span><\/p>\n<\/p>\n<p><span class=\"text1noticias\">Este proyecto se busca aumentar la tasa de lactancia materna exclusiva hasta el sexto mes y extenderla hasta los dos a\u00f1os, en conjunto con la alimentaci\u00f3n complementaria; capacitar a los integrantes de las distintas comunidades para que consuman alimentos saludables, as\u00ed como mejorar el monitoreo de crecimiento y desarrollo de ni\u00f1os y ni\u00f1as, en una acci\u00f3n combinada entre el Ministerio de Salud P\u00fablica, el PMA y Progresando con Solidaridad.<\/span><\/p>\n<\/p>\n<p><span class=\"text1noticias\">El proyecto de Nutrici\u00f3n y Alimentaci\u00f3n Saludable est\u00e1 enfocado en siete ejes, que incluyen prevenir y controlar las deficiencias de micronutrientes, prevenir y controlar la desnutrici\u00f3n aguda, suministrar alimentos complementarios, suministrar educaci\u00f3n nutricional para cambio de comportamiento alimenticio, y la participaci\u00f3n comunitaria y vigilancia nutricional. <\/span><\/p>\n<\/p>\n<p><span class=\"text1noticias\">Tambi\u00e9n forma parte del proyecto el monitoreo peri\u00f3dico y el fortalecimiento de las capacidades del personal de salud, de  los integrantes de Progresando con Solidaridad y de  l\u00edderes comunitarios.<\/span><\/p>\n<\/p>\n<p><span class=\"text1noticias\">Mediante el involucramiento de la comunidad, a trav\u00e9s de la estructura de Progresando con Solidaridad se formar\u00e1 a los enlaces de familia como consejeros y consejeras en nutrici\u00f3n comunitaria y en vigilancia nutricional, mientras que a trav\u00e9s del eje transversal de educaci\u00f3n nutricional se desarrollar\u00e1 un plan sistem\u00e1tico de capacitaci\u00f3n comunitaria, una estrategia de comunicaci\u00f3n para el cambio de comportamiento en alimentaci\u00f3n y nutrici\u00f3n y se estructurar\u00e1 a nivel nacional la red de consejeros y consejeras para garantizar la participaci\u00f3n de la comunidad. <\/span><\/p>\n<\/p>\n<p><span class=\"text1noticias\">Con la aplicaci\u00f3n de este plan se espera que las familias beneficiarias adquieran alimentos m\u00e1s nutritivos a trav\u00e9s de la transferencia monetaria Comer es Primero, que aprendan a preparar y consumir adecuadamente las Chispitas Solidarias y Progresina, que adopten h\u00e1bitos m\u00e1s saludables de alimentaci\u00f3n, y conozcan la importancia de asistir a la consulta en la Unidad de Atenci\u00f3n Primaria (UNAP).<\/span><\/p>\n<\/p>\n<\/p>\n<h6> 2013-10-22 05:13:28 <\/h6>\n<p><!--\n<link rel=\"stylesheet\" href=\"css\/bootstrap.min.css\">\n\n\n<ul class=\"pagination\">\n\t    \n\t\n\n<li >\n\t<a href='?page_no=14562'>Previous<\/a>\n\t<\/li>\n\n\n       \n    \n\n<li><a href='?page_no=1'>1<\/a><\/li>\n\n\n\n<li><a href='?page_no=2'>2<\/a><\/li>\n\n\n\n<li><a>...<\/a><\/li>\n\n\n\n<li><a href='?page_no=14561'>14561<\/a><\/li>\n\n\n\n<li><a href='?page_no=14562'>14562<\/a><\/li>\n\n\n\n<li class='active'><a>14563<\/a><\/li>\n\n\n\n<li><a href='?page_no=14564'>14564<\/a><\/li>\n\n\n\n<li><a href='?page_no=14565'>14565<\/a><\/li>\n\n\n\n<li><a>...<\/a><\/li>\n\n\n\n<li><a href='?page_no=30472'>30472<\/a><\/li>\n\n\n\n<li><a href='?page_no=30473'>30473<\/a><\/li>\n\n    \n\t\n\n<li >\n\t<a href='?page_no=14564'>Next<\/a>\n\t<\/li>\n\n\n    \n\n<li><a href='?page_no=30473'>Last &rsaquo;&rsaquo;<\/a><\/li>\n\n<\/ul>\n\n\n--><br \/>\n<\/body><\/p>\n","protected":false},"excerpt":{"rendered":"<p>SANTO DOMINGO, RD, 22 de Octubre.- La vicepresidenta de la Rep\u00fablica, Margarita Cede\u00f1o de Fern\u00e1ndez, lanz\u00f3 ayer en el Palacio Nacional, el proyecto de Nutrici\u00f3n y Alimentaci\u00f3n Saludable para combatir la desnutrici\u00f3n y proporcionar una alimentaci\u00f3n equilibrada entre los beneficiarios y beneficiarias del programa Progresando con Solidaridad que se encuentren en situaci\u00f3n de mayor vulnerabilidad. [&hellip;]<\/p>\n","protected":false},"author":3,"featured_media":0,"comment_status":"open","ping_status":"open","sticky":false,"template":"","format":"standard","meta":{"footnotes":""},"categories":[18],"tags":[],"class_list":["post-99068","post","type-post","status-publish","format-standard","hentry","category-economia"],"_links":{"self":[{"href":"https:\/\/diariodominicano.com\/index.php?rest_route=\/wp\/v2\/posts\/99068","targetHints":{"allow":["GET"]}}],"collection":[{"href":"https:\/\/diariodominicano.com\/index.php?rest_route=\/wp\/v2\/posts"}],"about":[{"href":"https:\/\/diariodominicano.com\/index.php?rest_route=\/wp\/v2\/types\/post"}],"author":[{"embeddable":true,"href":"https:\/\/diariodominicano.com\/index.php?rest_route=\/wp\/v2\/users\/3"}],"replies":[{"embeddable":true,"href":"https:\/\/diariodominicano.com\/index.php?rest_route=%2Fwp%2Fv2%2Fcomments&post=99068"}],"version-history":[{"count":0,"href":"https:\/\/diariodominicano.com\/index.php?rest_route=\/wp\/v2\/posts\/99068\/revisions"}],"wp:attachment":[{"href":"https:\/\/diariodominicano.com\/index.php?rest_route=%2Fwp%2Fv2%2Fmedia&parent=99068"}],"wp:term":[{"taxonomy":"category","embeddable":true,"href":"https:\/\/diariodominicano.com\/index.php?rest_route=%2Fwp%2Fv2%2Fcategories&post=99068"},{"taxonomy":"post_tag","embeddable":true,"href":"https:\/\/diariodominicano.com\/index.php?rest_route=%2Fwp%2Fv2%2Ftags&post=99068"}],"curies":[{"name":"wp","href":"https:\/\/api.w.org\/{rel}","templated":true}]}}