{"id":99067,"date":"2013-10-22T15:28:54","date_gmt":"2013-10-22T15:28:54","guid":{"rendered":"http:\/\/diariodominicano.ddns.net\/?p=99067"},"modified":"2013-10-22T15:28:54","modified_gmt":"2013-10-22T15:28:54","slug":"gobierno-y-banco-mundial-lanzan-proyecto-de-rendicion-de-cuentas","status":"publish","type":"post","link":"https:\/\/diariodominicano.com\/?p=99067","title":{"rendered":"Gobierno y Banco Mundial  lanzan proyecto de rendici\u00f3n de cuentas&#13;"},"content":{"rendered":"<p><body><\/p>\n<p><img decoding=\"async\" src=\"img3\/banco 22.jpg\" \/>  <\/p>\n<p>Santo Domingo RD 22 octubre.- El Gobierno Dominicano y el Banco Mundial, con el apoyo de varias agrupaciones de la sociedad civil, anunciaron el lanzamiento de un proyecto de rendici\u00f3n de cuentas y auditor\u00eda social en los sectores de educaci\u00f3n, agricultura, viviendas p\u00fablicas, agua y saneamiento y transparencia fiscal con un financiamiento inicial de US$72,984 (d\u00f3lares).<\/p>\n<\/p>\n<p>El anuncio gubernamental lo hizo en rueda de prensa en las oficinas locales del Banco la directora de la Unidad de An\u00e1lisis Econ\u00f3mico-Social del Ministerio de Econom\u00eda, Planificaci\u00f3n y Desarrollo, Magdalena Lizardo, quien calific\u00f3 el hecho de \u00abgrata oportunidad\u00bb, seg\u00fan inform\u00f3 la Unidad de Comunicaciones del Ministerio.<\/p>\n<\/p>\n<p>El lanzamiento del proyecto de auditor\u00eda social \u00abFomentar cambios en la cultura de participaci\u00f3n ciudadana y la gesti\u00f3n de gobierno orientadas hacia unas pol\u00edticas fiscales m\u00e1s justas, equitativas y participativas\u00bb lo presidi\u00f3 Rosa Ca\u00f1ete, directora ejecutiva de la Fundaci\u00f3n Interm\u00f3n Oxfam.<\/p>\n<\/p>\n<p>Estuvo acompa\u00f1ada del representante del BM en el pa\u00eds, McDonald Benjam\u00edn; de Andrea Gallina, especialista en sociedad civil del organismo internacional, y de representantes de organizaciones campesinas, comunitarias y varias ONG participantes.<\/p>\n<\/p>\n<p>Este proyecto de rendici\u00f3n de cuentas estar\u00e1 dotado de US$727,984 a trav\u00e9s de la Alianza Global para la Auditor\u00eda Social (GPS, siglas al ingl\u00e9s) para crear observatorios de pol\u00edticas p\u00fablicas en educaci\u00f3n, agricultura, viviendas p\u00fablicas, agua y saneamiento y en transparencia fiscal.<\/p>\n<\/p>\n<p>Ca\u00f1ete explic\u00f3 que se busca asegurar mayores niveles de rendici\u00f3n de cuentas y mejor provisi\u00f3n a la ciudadan\u00eda de servicios p\u00fablicos con un enfoque hacia los sectores m\u00e1s empobrecidos.<\/p>\n<\/p>\n<p>La meta del proyecto de tres a\u00f1os de duraci\u00f3n ser\u00e1 coordinar y aumentar los procesos de auditor\u00edas que apunten a la rendici\u00f3n de cuentas de los presupuestos para los sectores seleccionados, en particular los casos comprometidos en la Iniciativa Participativa Anticorrupci\u00f3n (IPAC), en el Foro del Crecimiento del Caribe y en  la Iniciativa Dominicana para una Educaci\u00f3n de Calidad.<\/p>\n<\/p>\n<p>En el sector viviendas la sociedad civil estar\u00e1 representada por Ciudad Alternativa, a trav\u00e9s de su coordinador Ram\u00f3n Batista; Educaci\u00f3n Digna por Mario Berg\u00e9s; Justicia Fiscal por Pavel Isa Contreras para el \u00e1rea fiscal, y la Articulaci\u00f3n Nacional Campesina estuvo representada por Luis Cabrera, Hero P\u00e9rez, Juana Mercedes y Quintino de los Santos.\t<\/p>\n<\/p>\n<p>Lizardo record\u00f3 que el gobierno dominicano fue uno de los primeros pa\u00edses que expres\u00f3 su intenci\u00f3n de formar parte de la Auditor\u00eda Social Global por entender que una mayor participaci\u00f3n ciudadana es clave para la construcci\u00f3n de un estado social y democr\u00e1tico de derecho.<\/p>\n<\/p>\n<p>Tras comentar que la denuncia no basta sino el concurso de todos por un objetivo com\u00fan, dijo que el proyecto es oportuno para educar a la ciudadan\u00eda sobre sus derechos y las restricciones que muchas veces limitan el efectivo ejercicio de los mismos.<\/p>\n<\/p>\n<p>\u00abEsto permitir\u00e1 como sociedad que vayamos entendiendo la necesidad de priorizar y de ir desarrollando una capacidad propositiva para contribuir a la b\u00fasqueda de soluciones a los problemas de pobreza, desigualdad y exclusi\u00f3n en nuestra sociedad\u00bb, agreg\u00f3.<\/p>\n<\/p>\n<p>Record\u00f3 que la propia Ley de Estrategia Nacional de Desarrollo establece en su Art\u00edculo 15 la creaci\u00f3n de espacios y mecanismos institucionales que faciliten la corresponsabilidad ciudadana, la equidad de g\u00e9nero, el acceso a la informaci\u00f3n, la transparencia y la rendici\u00f3n de cuentas, la veedur\u00eda social y la fluidez de las relaciones Estado-Sociedad. <\/p>\n<\/p>\n<p>\u00abTengamos presente por tanto que todos debemos sentirnos responsables de que esta iniciativa resulte de provecho y cumpla con sus objetivos, no s\u00f3lo desde la perspectiva de la sociedad dominicana\u00bb, sino tambi\u00e9n globales, en los 31 pa\u00edses que forman la Alianza GPSD. <\/p>\n<\/p>\n<p>Los representantes de las instituciones sociales definieron el proyecto como una oportunidad para fortalecer los procesos de di\u00e1logo y los v\u00ednculos entre los actores sociales y comunitarios.<\/p>\n<\/p>\n<p>Por su parte, Pavel Isa lo consider\u00f3 importante porque fortalecer\u00e1 esas capacidades de la sociedad para pedir rendici\u00f3n de cuentas y demandar mayor efectividad por ejemplo en el gasto p\u00fablico.<\/p>\n<\/p>\n<p>Al clausura la rueda de prensa el representante del Banco consider\u00f3 que el proyecto contribuir\u00e1 a fomentar la cultura de transparencia y a crear un especio de di\u00e1logo con miras a buscar soluciones a problemas entre el Gobierno y la sociedad civil.<\/p>\n<\/p>\n<h6> 2013-10-22 15:28:54 <\/h6>\n<p><!--\n<link rel=\"stylesheet\" href=\"css\/bootstrap.min.css\">\n\n\n<ul class=\"pagination\">\n\t    \n\t\n\n<li >\n\t<a href='?page_no=14561'>Previous<\/a>\n\t<\/li>\n\n\n       \n    \n\n<li><a href='?page_no=1'>1<\/a><\/li>\n\n\n\n<li><a href='?page_no=2'>2<\/a><\/li>\n\n\n\n<li><a>...<\/a><\/li>\n\n\n\n<li><a href='?page_no=14560'>14560<\/a><\/li>\n\n\n\n<li><a href='?page_no=14561'>14561<\/a><\/li>\n\n\n\n<li class='active'><a>14562<\/a><\/li>\n\n\n\n<li><a href='?page_no=14563'>14563<\/a><\/li>\n\n\n\n<li><a href='?page_no=14564'>14564<\/a><\/li>\n\n\n\n<li><a>...<\/a><\/li>\n\n\n\n<li><a href='?page_no=30472'>30472<\/a><\/li>\n\n\n\n<li><a href='?page_no=30473'>30473<\/a><\/li>\n\n    \n\t\n\n<li >\n\t<a href='?page_no=14563'>Next<\/a>\n\t<\/li>\n\n\n    \n\n<li><a href='?page_no=30473'>Last &rsaquo;&rsaquo;<\/a><\/li>\n\n<\/ul>\n\n\n--><br \/>\n<\/body><\/p>\n","protected":false},"excerpt":{"rendered":"<p>Santo Domingo RD 22 octubre.- El Gobierno Dominicano y el Banco Mundial, con el apoyo de varias agrupaciones de la sociedad civil, anunciaron el lanzamiento de un proyecto de rendici\u00f3n de cuentas y auditor\u00eda social en los sectores de educaci\u00f3n, agricultura, viviendas p\u00fablicas, agua y saneamiento y transparencia fiscal con un financiamiento inicial de US$72,984 [&hellip;]<\/p>\n","protected":false},"author":3,"featured_media":0,"comment_status":"open","ping_status":"open","sticky":false,"template":"","format":"standard","meta":{"footnotes":""},"categories":[18],"tags":[],"class_list":["post-99067","post","type-post","status-publish","format-standard","hentry","category-economia"],"_links":{"self":[{"href":"https:\/\/diariodominicano.com\/index.php?rest_route=\/wp\/v2\/posts\/99067","targetHints":{"allow":["GET"]}}],"collection":[{"href":"https:\/\/diariodominicano.com\/index.php?rest_route=\/wp\/v2\/posts"}],"about":[{"href":"https:\/\/diariodominicano.com\/index.php?rest_route=\/wp\/v2\/types\/post"}],"author":[{"embeddable":true,"href":"https:\/\/diariodominicano.com\/index.php?rest_route=\/wp\/v2\/users\/3"}],"replies":[{"embeddable":true,"href":"https:\/\/diariodominicano.com\/index.php?rest_route=%2Fwp%2Fv2%2Fcomments&post=99067"}],"version-history":[{"count":0,"href":"https:\/\/diariodominicano.com\/index.php?rest_route=\/wp\/v2\/posts\/99067\/revisions"}],"wp:attachment":[{"href":"https:\/\/diariodominicano.com\/index.php?rest_route=%2Fwp%2Fv2%2Fmedia&parent=99067"}],"wp:term":[{"taxonomy":"category","embeddable":true,"href":"https:\/\/diariodominicano.com\/index.php?rest_route=%2Fwp%2Fv2%2Fcategories&post=99067"},{"taxonomy":"post_tag","embeddable":true,"href":"https:\/\/diariodominicano.com\/index.php?rest_route=%2Fwp%2Fv2%2Ftags&post=99067"}],"curies":[{"name":"wp","href":"https:\/\/api.w.org\/{rel}","templated":true}]}}