{"id":99062,"date":"2013-10-22T18:16:06","date_gmt":"2013-10-22T18:16:06","guid":{"rendered":"http:\/\/diariodominicano.ddns.net\/?p=99062"},"modified":"2013-10-22T18:16:06","modified_gmt":"2013-10-22T18:16:06","slug":"ministro-de-industria-y-comercio-asegura-es-tiempo-de-impulsar-turismo-de-salud-en-el-pais","status":"publish","type":"post","link":"https:\/\/diariodominicano.com\/?p=99062","title":{"rendered":"&#13;Ministro de Industria y Comercio asegura es tiempo de impulsar turismo de salud en el pa\u00eds&#13;"},"content":{"rendered":"<p><body><\/p>\n<\/p>\n<p><span class=\"text1noticias\">Santo Domingo, RD, 22 de octubre.- El ministro de Industria y Comercio y presidente del Consejo Nacional de Zonas Francas de Exportaciones (CNZFE), Jos\u00e9 Del Castillo Savi\u00f1\u00f3n, resalt\u00f3 el potencial que tiene la Rep\u00fablica Dominicana para desarrollar el turismo de salud, lo que generar\u00eda m\u00e1s empleos y divisas a la naci\u00f3n.<\/span><\/p>\n<\/p>\n<p><span class=\"text1noticias\">Al hablar en el \u00abPrimer congreso internacional de turismo de salud\u00bb, celebrado en el hotel Hilton, el funcionario manifest\u00f3 que desde el Gobierno existe la firme decisi\u00f3n de impulsar el crecimiento y desarrollo del turismo m\u00e9dico.<\/span><\/p>\n<\/p>\n<p><span class=\"text1noticias\">Consider\u00f3 que el escenario actual es propicio para fomentar el di\u00e1logo sobre las opciones pol\u00edticas que podr\u00edan impulsar el desarrollo del turismo de salud a gran escala, \u00abtomando en cuenta la experiencia t\u00e9cnica y el \u00e9xito del pa\u00eds en materia de turismo y zonas francas\u00bb.<\/span><\/p>\n<\/p>\n<p><span class=\"text1noticias\">\u00abEl turismo de salud, definido como el traslado de personas hacia otros pa\u00edses con el prop\u00f3sito de recibir atenci\u00f3n m\u00e9dica, ha experimentado un crecimiento significativo en d\u00e9cadas recientes, estim\u00e1ndose tasas de crecimiento anual hasta el 35% en el valor global de dicho mercado\u00bb, consider\u00f3 Del Castillo Savi\u00f1\u00f3n.<\/span><\/p>\n<\/p>\n<p><span class=\"text1noticias\">El titular del MIC record\u00f3 que solo el a\u00f1o pasado el pa\u00eds recibi\u00f3 m\u00e1s de 4.5 millones de turistas, convirti\u00e9ndose en el pa\u00eds mayor receptor en la regi\u00f3n de Centroam\u00e9rica y el Caribe, y el sexto m\u00e1s visitado del hemisferio occidental.<\/span><\/p>\n<\/p>\n<p><span class=\"text1noticias\">Manifest\u00f3 que en virtud del potencial de desarrollo econ\u00f3mico que ofrece el turismo de salud, los gobiernos de decenas de pa\u00edses en el mundo han implementado pol\u00edticas de incentivos para fomentar el desarrollo de los servicios m\u00e9dicos a ciudadanos extranjeros.<\/span><\/p>\n<\/p>\n<p><span class=\"text1noticias\">Tras afirmar que la naci\u00f3n caribe\u00f1a re\u00fane todas las condiciones para ofertar y desarrollar el turismo de salud, Castillo Savi\u00f1\u00f3n, dijo que millones de personas buscan esos servicios en diferentes pa\u00edses.<\/span><\/p>\n<\/p>\n<p><span class=\"text1noticias\">Adem\u00e1s, el tambi\u00e9n presidente del CNZFE destac\u00f3 los avances que viene realizando el sector de zonas francas a la econom\u00eda dominicana. En ese sentido, inform\u00f3 que en el pa\u00eds operan un total de 584 de zona franca, dentro de las cuales hay una fuerte tendencia de crecimiento de las unidades productivas dedicadas a la provisi\u00f3n de servicios internacionales.<\/span><\/p>\n<\/p>\n<p><span class=\"text1noticias\">\u00abResulta tambi\u00e9n interesante, el hecho de que en la actualidad, el principal rubro de exportaci\u00f3n del sector de zonas francas, es la manufactura de productos de las llamadas ciencias de la vida, es decir, instrumentos m\u00e9dico-quir\u00fargicos, y productos farmac\u00e9uticos\u00bb, dijo el ministro Castillo Savi\u00f1\u00f3n.<\/span><\/p>\n<\/p>\n<p><span class=\"text1noticias\">De su lado, el empresario Lu\u00eds Manuel Pellerano Amiama entiende que el turismo de salud es un nicho real de mercado que existe mundialmente, al que debe integrarse la Rep\u00fablica Dominicana.<\/span><\/p>\n<\/p>\n<p><span class=\"text1noticias\">\u00abEl turismo de salud es un sector con niveles operativos muy elevados  y que amerita no solamente la observaci\u00f3n, sino tambi\u00e9n an\u00e1lisis  y promoci\u00f3n\u00bb, dijo Pellerano Amiama al dar la bienvenida a los participantes en el evento.<\/span><\/p>\n<\/p>\n<p><span class=\"text1noticias\">Este primer congreso sobre turismo de salud fue organizado por la Asociaci\u00f3n de Zonas Francas de las Am\u00e9ricas (AZFA), la Asociaci\u00f3n Dominicana de Zonas Francas (ADOZONA) y  el Consejo Nacional de Zonas Francas de Exportaci\u00f3n, bajo la direcci\u00f3n de Luisa Fern\u00e1ndez Dur\u00e1n.<\/span><\/p>\n<h6> 2013-10-22 18:16:06 <\/h6>\n<p><!--\n<link rel=\"stylesheet\" href=\"css\/bootstrap.min.css\">\n\n\n<ul class=\"pagination\">\n\t    \n\t\n\n<li >\n\t<a href='?page_no=14557'>Previous<\/a>\n\t<\/li>\n\n\n       \n    \n\n<li><a href='?page_no=1'>1<\/a><\/li>\n\n\n\n<li><a href='?page_no=2'>2<\/a><\/li>\n\n\n\n<li><a>...<\/a><\/li>\n\n\n\n<li><a href='?page_no=14556'>14556<\/a><\/li>\n\n\n\n<li><a href='?page_no=14557'>14557<\/a><\/li>\n\n\n\n<li class='active'><a>14558<\/a><\/li>\n\n\n\n<li><a href='?page_no=14559'>14559<\/a><\/li>\n\n\n\n<li><a href='?page_no=14560'>14560<\/a><\/li>\n\n\n\n<li><a>...<\/a><\/li>\n\n\n\n<li><a href='?page_no=30472'>30472<\/a><\/li>\n\n\n\n<li><a href='?page_no=30473'>30473<\/a><\/li>\n\n    \n\t\n\n<li >\n\t<a href='?page_no=14559'>Next<\/a>\n\t<\/li>\n\n\n    \n\n<li><a href='?page_no=30473'>Last &rsaquo;&rsaquo;<\/a><\/li>\n\n<\/ul>\n\n\n--><br \/>\n<\/body><\/p>\n","protected":false},"excerpt":{"rendered":"<p>Santo Domingo, RD, 22 de octubre.- El ministro de Industria y Comercio y presidente del Consejo Nacional de Zonas Francas de Exportaciones (CNZFE), Jos\u00e9 Del Castillo Savi\u00f1\u00f3n, resalt\u00f3 el potencial que tiene la Rep\u00fablica Dominicana para desarrollar el turismo de salud, lo que generar\u00eda m\u00e1s empleos y divisas a la naci\u00f3n. Al hablar en el [&hellip;]<\/p>\n","protected":false},"author":3,"featured_media":0,"comment_status":"open","ping_status":"open","sticky":false,"template":"","format":"standard","meta":{"footnotes":""},"categories":[18],"tags":[],"class_list":["post-99062","post","type-post","status-publish","format-standard","hentry","category-economia"],"_links":{"self":[{"href":"https:\/\/diariodominicano.com\/index.php?rest_route=\/wp\/v2\/posts\/99062","targetHints":{"allow":["GET"]}}],"collection":[{"href":"https:\/\/diariodominicano.com\/index.php?rest_route=\/wp\/v2\/posts"}],"about":[{"href":"https:\/\/diariodominicano.com\/index.php?rest_route=\/wp\/v2\/types\/post"}],"author":[{"embeddable":true,"href":"https:\/\/diariodominicano.com\/index.php?rest_route=\/wp\/v2\/users\/3"}],"replies":[{"embeddable":true,"href":"https:\/\/diariodominicano.com\/index.php?rest_route=%2Fwp%2Fv2%2Fcomments&post=99062"}],"version-history":[{"count":0,"href":"https:\/\/diariodominicano.com\/index.php?rest_route=\/wp\/v2\/posts\/99062\/revisions"}],"wp:attachment":[{"href":"https:\/\/diariodominicano.com\/index.php?rest_route=%2Fwp%2Fv2%2Fmedia&parent=99062"}],"wp:term":[{"taxonomy":"category","embeddable":true,"href":"https:\/\/diariodominicano.com\/index.php?rest_route=%2Fwp%2Fv2%2Fcategories&post=99062"},{"taxonomy":"post_tag","embeddable":true,"href":"https:\/\/diariodominicano.com\/index.php?rest_route=%2Fwp%2Fv2%2Ftags&post=99062"}],"curies":[{"name":"wp","href":"https:\/\/api.w.org\/{rel}","templated":true}]}}