{"id":99057,"date":"2013-10-22T22:00:23","date_gmt":"2013-10-22T22:00:23","guid":{"rendered":"http:\/\/diariodominicano.ddns.net\/?p=99057"},"modified":"2013-10-22T22:00:23","modified_gmt":"2013-10-22T22:00:23","slug":"para-analizar-las-tarifas-costos-y-matriz-energetica-en-el-pais-y-la-region","status":"publish","type":"post","link":"https:\/\/diariodominicano.com\/?p=99057","title":{"rendered":"Para analizar las tarifas, costos y matriz energ\u00e9tica en el pa\u00eds y la regi\u00f3n"},"content":{"rendered":"<p><body><\/p>\n<p><span class=\"text1noticias\">Santo Domingo, RD, 22 de Octubre.-Las tarifas de electricidad y las matrices energ\u00e9ticas en Am\u00e9rica Latina y el Caribe ser\u00e1n debatidas por expertos de la regi\u00f3n y dominicanos durante el IV Foro Anual del sector organizado por la Asociaci\u00f3n Dominicana de la Industria El\u00e9ctrica (ADIE).<\/span><\/p>\n<p><span class=\"text1noticias\"> <\/span><\/p>\n<p><span class=\"text1noticias\">El evento tiene como objetivo propiciar un espacio de an\u00e1lisis y discusi\u00f3n t\u00e9cnica y objetiva sobre la vinculaci\u00f3n de los precios de la tarifa el\u00e9ctrica al consumidor final y los costos de generaci\u00f3n en funci\u00f3n de la matriz energ\u00e9tica que tengan los pa\u00edses.<\/span><\/p>\n<\/p>\n<p><span class=\"text1noticias\">Ser\u00e1 realizado el mi\u00e9rcoles 30 de octubre, en el Gran Sal\u00f3n del Hotel Hilton a partir de las 8:30 de la ma\u00f1ana hasta la 1:00 de la tarde, los asistentes podr\u00e1n conocer la forma como se estructuran contratos de generaci\u00f3n de electricidad, analizando el caso dominicano respecto a otros modelos internacionales.<\/span><\/p>\n<\/p>\n<p><span class=\"text1noticias\">El IV Foro Anual ADIE tendr\u00e1 a los expositores internacionales Gabriel Salazar Y\u00e9pez, coordinador electricidad, de Organizaci\u00f3n Latinoamericana de Energ\u00eda (OLADE) y V\u00edctor Hugo Ventura, jefe de la Unidad de Energ\u00eda de la Comisi\u00f3n Econ\u00f3mica para Am\u00e9rica Latina y el Caribe (CEPAL).<\/span><\/p>\n<p><span class=\"text1noticias\"> <\/span><\/p>\n<p><span class=\"text1noticias\">Adem\u00e1s Sonia Miranda Vega, directora de Planificaci\u00f3n de Autoridad de Energ\u00eda El\u00e9ctrica (AEE) de  Puerto Rico y Sebasti\u00e1n Mocarquer, director de Systep de Chile, empresa consultora altamente especializada en mercados de energ\u00eda.<\/span><\/p>\n<p><span class=\"text1noticias\"> <\/span><\/p>\n<p><span class=\"text1noticias\"> <\/span><\/p>\n<p><span class=\"text1noticias\">El evento contar\u00e1 con la asistencia y participaci\u00f3n de los principales ejecutivos y directivos del sector p\u00fablico y privado de electricidad nacional, entre estos Jos\u00e9 Ram\u00f3n Acosta, director de regulaci\u00f3n de la Superintendencia de Electricidad (SIE),  Roberto Herrera, gerente general de CESPM, Armando Rodr\u00edguez, gerente general Seaboard, Marco de la Rosa, presidente de AES Dominicana, entre otros.(HG)<\/span>.<\/p>\n<h6> 2013-10-22 22:00:23 <\/h6>\n<p><!--\n<link rel=\"stylesheet\" href=\"css\/bootstrap.min.css\">\n\n\n<ul class=\"pagination\">\n\t    \n\t\n\n<li >\n\t<a href='?page_no=14552'>Previous<\/a>\n\t<\/li>\n\n\n       \n    \n\n<li><a href='?page_no=1'>1<\/a><\/li>\n\n\n\n<li><a href='?page_no=2'>2<\/a><\/li>\n\n\n\n<li><a>...<\/a><\/li>\n\n\n\n<li><a href='?page_no=14551'>14551<\/a><\/li>\n\n\n\n<li><a href='?page_no=14552'>14552<\/a><\/li>\n\n\n\n<li class='active'><a>14553<\/a><\/li>\n\n\n\n<li><a href='?page_no=14554'>14554<\/a><\/li>\n\n\n\n<li><a href='?page_no=14555'>14555<\/a><\/li>\n\n\n\n<li><a>...<\/a><\/li>\n\n\n\n<li><a href='?page_no=30472'>30472<\/a><\/li>\n\n\n\n<li><a href='?page_no=30473'>30473<\/a><\/li>\n\n    \n\t\n\n<li >\n\t<a href='?page_no=14554'>Next<\/a>\n\t<\/li>\n\n\n    \n\n<li><a href='?page_no=30473'>Last &rsaquo;&rsaquo;<\/a><\/li>\n\n<\/ul>\n\n\n--><br \/>\n<\/body><\/p>\n","protected":false},"excerpt":{"rendered":"<p>Santo Domingo, RD, 22 de Octubre.-Las tarifas de electricidad y las matrices energ\u00e9ticas en Am\u00e9rica Latina y el Caribe ser\u00e1n debatidas por expertos de la regi\u00f3n y dominicanos durante el IV Foro Anual del sector organizado por la Asociaci\u00f3n Dominicana de la Industria El\u00e9ctrica (ADIE). El evento tiene como objetivo propiciar un espacio de an\u00e1lisis [&hellip;]<\/p>\n","protected":false},"author":3,"featured_media":0,"comment_status":"open","ping_status":"open","sticky":false,"template":"","format":"standard","meta":{"footnotes":""},"categories":[18],"tags":[],"class_list":["post-99057","post","type-post","status-publish","format-standard","hentry","category-economia"],"_links":{"self":[{"href":"https:\/\/diariodominicano.com\/index.php?rest_route=\/wp\/v2\/posts\/99057","targetHints":{"allow":["GET"]}}],"collection":[{"href":"https:\/\/diariodominicano.com\/index.php?rest_route=\/wp\/v2\/posts"}],"about":[{"href":"https:\/\/diariodominicano.com\/index.php?rest_route=\/wp\/v2\/types\/post"}],"author":[{"embeddable":true,"href":"https:\/\/diariodominicano.com\/index.php?rest_route=\/wp\/v2\/users\/3"}],"replies":[{"embeddable":true,"href":"https:\/\/diariodominicano.com\/index.php?rest_route=%2Fwp%2Fv2%2Fcomments&post=99057"}],"version-history":[{"count":0,"href":"https:\/\/diariodominicano.com\/index.php?rest_route=\/wp\/v2\/posts\/99057\/revisions"}],"wp:attachment":[{"href":"https:\/\/diariodominicano.com\/index.php?rest_route=%2Fwp%2Fv2%2Fmedia&parent=99057"}],"wp:term":[{"taxonomy":"category","embeddable":true,"href":"https:\/\/diariodominicano.com\/index.php?rest_route=%2Fwp%2Fv2%2Fcategories&post=99057"},{"taxonomy":"post_tag","embeddable":true,"href":"https:\/\/diariodominicano.com\/index.php?rest_route=%2Fwp%2Fv2%2Ftags&post=99057"}],"curies":[{"name":"wp","href":"https:\/\/api.w.org\/{rel}","templated":true}]}}