{"id":99054,"date":"2013-10-23T14:42:06","date_gmt":"2013-10-23T14:42:06","guid":{"rendered":"http:\/\/diariodominicano.ddns.net\/?p=99054"},"modified":"2013-10-23T14:42:06","modified_gmt":"2013-10-23T14:42:06","slug":"javier-garcia-dice-trabajan-en-el-exterior-para-que-sentencia-tc-no-repercuta-en-flujo-turistas","status":"publish","type":"post","link":"https:\/\/diariodominicano.com\/?p=99054","title":{"rendered":"Javier Garc\u00eda dice trabajan en el exterior para que sentencia TC no repercuta en flujo turistas&#13;"},"content":{"rendered":"<p><body><\/p>\n<p><img decoding=\"async\" src=\"img3\/jaavier 23.jpg\" \/>  <\/p>\n<p>Santo Domingo RD 23 octubre.- El ministro de Turismo, Francisco Javier Garc\u00eda, inform\u00f3 que todas las oficinas de ese ministerio en el exterior est\u00e1n trabajando activamente para \u00abaclararle\u00bb al mundo sobre la situaci\u00f3n que vive el pa\u00eds, de manera que la problem\u00e1tica generada tras la sentencia del Tribunal Constitucional no repercuta en el flujo de turistas.<\/p>\n<\/p>\n<p>Aunque se abstuvo de dar declaraciones al respecto, el funcionario  exhort\u00f3 a todos los dominicanos a dar la cara para poner sobre la mesa la verdad de los hechos en respuesta a cualquier campa\u00f1a que se quiera hacer en contra de la Rep\u00fablica Dominicana sobre la sentencia del TC.<\/p>\n<\/p>\n<p>Asimismo, dijo que el presidente Danilo Medina habr\u00eda designado una comisi\u00f3n de expertos para analizar la sentencia del Tribunal Constitucional y emitir posteriormente una posici\u00f3n formal de parte del Ejecutivo.<\/p>\n<\/p>\n<p>Garc\u00eda destac\u00f3 que si hay un pa\u00eds que ha tenido identidad con las necesidades de Hait\u00ed ?somos los dominicanos?, y puso como ejemplo la respuesta del pa\u00eds tras el terremoto que azol\u00f3 el vecino pa\u00eds 2010.<\/p>\n<\/p>\n<p>Las declaraciones fueron ofrecidas al concluir el acto de inauguraci\u00f3n del 1er Congreso Internacional de Turismo de Salud.<\/p>\n<\/p>\n<h6> 2013-10-23 14:42:06 <\/h6>\n<p><!--\n<link rel=\"stylesheet\" href=\"css\/bootstrap.min.css\">\n\n\n<ul class=\"pagination\">\n\t    \n\t\n\n<li >\n\t<a href='?page_no=14549'>Previous<\/a>\n\t<\/li>\n\n\n       \n    \n\n<li><a href='?page_no=1'>1<\/a><\/li>\n\n\n\n<li><a href='?page_no=2'>2<\/a><\/li>\n\n\n\n<li><a>...<\/a><\/li>\n\n\n\n<li><a href='?page_no=14548'>14548<\/a><\/li>\n\n\n\n<li><a href='?page_no=14549'>14549<\/a><\/li>\n\n\n\n<li class='active'><a>14550<\/a><\/li>\n\n\n\n<li><a href='?page_no=14551'>14551<\/a><\/li>\n\n\n\n<li><a href='?page_no=14552'>14552<\/a><\/li>\n\n\n\n<li><a>...<\/a><\/li>\n\n\n\n<li><a href='?page_no=30472'>30472<\/a><\/li>\n\n\n\n<li><a href='?page_no=30473'>30473<\/a><\/li>\n\n    \n\t\n\n<li >\n\t<a href='?page_no=14551'>Next<\/a>\n\t<\/li>\n\n\n    \n\n<li><a href='?page_no=30473'>Last &rsaquo;&rsaquo;<\/a><\/li>\n\n<\/ul>\n\n\n--><br \/>\n<\/body><\/p>\n","protected":false},"excerpt":{"rendered":"<p>Santo Domingo RD 23 octubre.- El ministro de Turismo, Francisco Javier Garc\u00eda, inform\u00f3 que todas las oficinas de ese ministerio en el exterior est\u00e1n trabajando activamente para \u00abaclararle\u00bb al mundo sobre la situaci\u00f3n que vive el pa\u00eds, de manera que la problem\u00e1tica generada tras la sentencia del Tribunal Constitucional no repercuta en el flujo de [&hellip;]<\/p>\n","protected":false},"author":3,"featured_media":0,"comment_status":"open","ping_status":"open","sticky":false,"template":"","format":"standard","meta":{"footnotes":""},"categories":[18],"tags":[],"class_list":["post-99054","post","type-post","status-publish","format-standard","hentry","category-economia"],"_links":{"self":[{"href":"https:\/\/diariodominicano.com\/index.php?rest_route=\/wp\/v2\/posts\/99054","targetHints":{"allow":["GET"]}}],"collection":[{"href":"https:\/\/diariodominicano.com\/index.php?rest_route=\/wp\/v2\/posts"}],"about":[{"href":"https:\/\/diariodominicano.com\/index.php?rest_route=\/wp\/v2\/types\/post"}],"author":[{"embeddable":true,"href":"https:\/\/diariodominicano.com\/index.php?rest_route=\/wp\/v2\/users\/3"}],"replies":[{"embeddable":true,"href":"https:\/\/diariodominicano.com\/index.php?rest_route=%2Fwp%2Fv2%2Fcomments&post=99054"}],"version-history":[{"count":0,"href":"https:\/\/diariodominicano.com\/index.php?rest_route=\/wp\/v2\/posts\/99054\/revisions"}],"wp:attachment":[{"href":"https:\/\/diariodominicano.com\/index.php?rest_route=%2Fwp%2Fv2%2Fmedia&parent=99054"}],"wp:term":[{"taxonomy":"category","embeddable":true,"href":"https:\/\/diariodominicano.com\/index.php?rest_route=%2Fwp%2Fv2%2Fcategories&post=99054"},{"taxonomy":"post_tag","embeddable":true,"href":"https:\/\/diariodominicano.com\/index.php?rest_route=%2Fwp%2Fv2%2Ftags&post=99054"}],"curies":[{"name":"wp","href":"https:\/\/api.w.org\/{rel}","templated":true}]}}