{"id":99051,"date":"2013-10-23T18:25:22","date_gmt":"2013-10-23T18:25:22","guid":{"rendered":"http:\/\/diariodominicano.ddns.net\/?p=99051"},"modified":"2013-10-23T18:25:22","modified_gmt":"2013-10-23T18:25:22","slug":"ordenador-de-los-fondos-europeos-ve-el-epa-como-excelente-oportunidad-para-el-sector-privado","status":"publish","type":"post","link":"https:\/\/diariodominicano.com\/?p=99051","title":{"rendered":"Ordenador de los Fondos Europeos ve el EPA como excelente oportunidad para el sector privado"},"content":{"rendered":"<p><body><\/p>\n<p><img decoding=\"async\" src=\"img3\/onfed.jpg\" \/>  <\/p>\n<p><span class=\"text1noticias\">Santo Domingo, RD, 23 de Octubre.-El sector privado de Rep\u00fablica Dominicana y dem\u00e1s pa\u00edses del Caribe, tienen en el Acuerdo de Asociaci\u00f3n Econ\u00f3mica (EPA), una excelente oportunidad para fortalecerse, desarrollarse y situarse en condiciones de competitividad, afirm\u00f3 el ingeniero Antonio Vargas Hern\u00e1ndez, Ordenador Nacional de los Fondos Europeos para el Desarrollo.<\/span><\/p>\n<\/p>\n<p><span class=\"text1noticias\">El Direcci\u00f3n General de Cooperaci\u00f3n Multilateral (DIGECOOM), junto a la delegaci\u00f3n de la Uni\u00f3n Europea, a Dominicana Moda 2013, organizada por Caribbean Export, y dirigida a los dise\u00f1adores Caribe\u00f1os y dominicanos, Vargas Hern\u00e1ndez, destac\u00f3 la significaci\u00f3n desde el punto de vista cultural y comercial del importante evento.<\/span><\/p>\n<\/p>\n<p><span class=\"text1noticias\">      Record\u00f3 que el EPA firmado en 2008 entre los pa\u00edses del Caribe y la Uni\u00f3n Europea, est\u00e1 orientado al desarrollo, a apoyar el proceso de integraci\u00f3n regional, a aumentar la competitividad, a diversificar sus exportaciones y fomentar el desarrollo de mercados regionales y extra regionales.<\/span><\/p>\n<\/p>\n<p><span class=\"text1noticias\">      Este importante acuerdo, a\u00f1adi\u00f3, tiene la finalidad de contribuir a la reducci\u00f3n y eventual erradicaci\u00f3n de la pobreza y la inserci\u00f3n de los pa\u00edses del CARIFORUM en la econom\u00eda mundial.<\/span><\/p>\n<\/p>\n<p><span class=\"text1noticias\">      Afirm\u00f3 que la industria de la moda y el dise\u00f1o y el sector privado cuenta con el apoyo irrestricto del presidente de la Rep\u00fablica, licenciado Danilo Medina S\u00e1nchez, compromiso que asume responsablemente la DIGECOOM y el Despacho del Ordenador Nacional de los Fondos Europeos para el Desarrollo.<\/span><\/p>\n<\/p>\n<p><span class=\"text1noticias\">     \u00abSiempre estaremos en disposici\u00f3n de apoyar las acciones enfocadas en el comercio, la competitividad, la inversi\u00f3n y la promoci\u00f3n de nuestras industrias, de la mano con la agencia regional Caribbean Export y la Uni\u00f3n Europea\u00bb, expres\u00f3 el funcionario.<\/span><\/p>\n<\/p>\n<p><span class=\"text1noticias\">     Defini\u00f3 el mundo de la moda y el dise\u00f1o como un veh\u00edculo distintivo de la identidad Caribe\u00f1a, y en otro orden, abog\u00f3 por que se siga fomentando la interrelaci\u00f3n del sector privado a los fines de lograr incrementar el comercio entre los pa\u00edses y desarrollar alianzas estrat\u00e9gicas en beneficio de la Regi\u00f3n.(HG)<\/span>.<\/p>\n<h6> 2013-10-23 18:25:22 <\/h6>\n<p><!--\n<link rel=\"stylesheet\" href=\"css\/bootstrap.min.css\">\n\n\n<ul class=\"pagination\">\n\t    \n\t\n\n<li >\n\t<a href='?page_no=14547'>Previous<\/a>\n\t<\/li>\n\n\n       \n    \n\n<li><a href='?page_no=1'>1<\/a><\/li>\n\n\n\n<li><a href='?page_no=2'>2<\/a><\/li>\n\n\n\n<li><a>...<\/a><\/li>\n\n\n\n<li><a href='?page_no=14546'>14546<\/a><\/li>\n\n\n\n<li><a href='?page_no=14547'>14547<\/a><\/li>\n\n\n\n<li class='active'><a>14548<\/a><\/li>\n\n\n\n<li><a href='?page_no=14549'>14549<\/a><\/li>\n\n\n\n<li><a href='?page_no=14550'>14550<\/a><\/li>\n\n\n\n<li><a>...<\/a><\/li>\n\n\n\n<li><a href='?page_no=30472'>30472<\/a><\/li>\n\n\n\n<li><a href='?page_no=30473'>30473<\/a><\/li>\n\n    \n\t\n\n<li >\n\t<a href='?page_no=14549'>Next<\/a>\n\t<\/li>\n\n\n    \n\n<li><a href='?page_no=30473'>Last &rsaquo;&rsaquo;<\/a><\/li>\n\n<\/ul>\n\n\n--><br \/>\n<\/body><\/p>\n","protected":false},"excerpt":{"rendered":"<p>Santo Domingo, RD, 23 de Octubre.-El sector privado de Rep\u00fablica Dominicana y dem\u00e1s pa\u00edses del Caribe, tienen en el Acuerdo de Asociaci\u00f3n Econ\u00f3mica (EPA), una excelente oportunidad para fortalecerse, desarrollarse y situarse en condiciones de competitividad, afirm\u00f3 el ingeniero Antonio Vargas Hern\u00e1ndez, Ordenador Nacional de los Fondos Europeos para el Desarrollo. El Direcci\u00f3n General de [&hellip;]<\/p>\n","protected":false},"author":3,"featured_media":0,"comment_status":"open","ping_status":"open","sticky":false,"template":"","format":"standard","meta":{"footnotes":""},"categories":[18],"tags":[],"class_list":["post-99051","post","type-post","status-publish","format-standard","hentry","category-economia"],"_links":{"self":[{"href":"https:\/\/diariodominicano.com\/index.php?rest_route=\/wp\/v2\/posts\/99051","targetHints":{"allow":["GET"]}}],"collection":[{"href":"https:\/\/diariodominicano.com\/index.php?rest_route=\/wp\/v2\/posts"}],"about":[{"href":"https:\/\/diariodominicano.com\/index.php?rest_route=\/wp\/v2\/types\/post"}],"author":[{"embeddable":true,"href":"https:\/\/diariodominicano.com\/index.php?rest_route=\/wp\/v2\/users\/3"}],"replies":[{"embeddable":true,"href":"https:\/\/diariodominicano.com\/index.php?rest_route=%2Fwp%2Fv2%2Fcomments&post=99051"}],"version-history":[{"count":0,"href":"https:\/\/diariodominicano.com\/index.php?rest_route=\/wp\/v2\/posts\/99051\/revisions"}],"wp:attachment":[{"href":"https:\/\/diariodominicano.com\/index.php?rest_route=%2Fwp%2Fv2%2Fmedia&parent=99051"}],"wp:term":[{"taxonomy":"category","embeddable":true,"href":"https:\/\/diariodominicano.com\/index.php?rest_route=%2Fwp%2Fv2%2Fcategories&post=99051"},{"taxonomy":"post_tag","embeddable":true,"href":"https:\/\/diariodominicano.com\/index.php?rest_route=%2Fwp%2Fv2%2Ftags&post=99051"}],"curies":[{"name":"wp","href":"https:\/\/api.w.org\/{rel}","templated":true}]}}