{"id":99049,"date":"2013-10-23T18:52:35","date_gmt":"2013-10-23T18:52:35","guid":{"rendered":"http:\/\/diariodominicano.ddns.net\/?p=99049"},"modified":"2013-10-23T18:52:35","modified_gmt":"2013-10-23T18:52:35","slug":"dominicana-impulsa-ganaderia-en-zona-fronteriza-con-haiti","status":"publish","type":"post","link":"https:\/\/diariodominicano.com\/?p=99049","title":{"rendered":"Dominicana impulsa ganader\u00eda en zona fronteriza con Hait\u00ed"},"content":{"rendered":"<p><body><\/p>\n<p><span class=\"text1noticias\">Santo Domingo, RD, 23 oct (PL) El Gobierno dominicano impulsa un programa de crianza de ganado en parte de la zona fronteriza con Hait\u00ed en aras de enfrentar la pobreza.<\/span><\/p>\n<\/p>\n<p><span class=\"text1noticias\">La iniciativa, llevada adelante por el Fondo Especial para el Desarrollo Agropecuario, beneficia a peque\u00f1os y medianos productores de la provincia de El\u00edas Pi\u00f1a.<\/span><\/p>\n<\/p>\n<p><span class=\"text1noticias\">Seg\u00fan sus creadores, el proyecto contribuir\u00e1 tambi\u00e9n con el mejoramiento de la alimentaci\u00f3n de las personas de escasos recursos financieros al recibir leche y queso.<\/span><\/p>\n<\/p>\n<p><span class=\"text1noticias\">En una primera etapa los productores recibieron un pr\u00e9stamo del Gobierno para comprar 200 novillas.<\/span><\/p>\n<\/p>\n<p><span class=\"text1noticias\">Dominicana y Hait\u00ed comparten la caribe\u00f1a isla de La Espa\u00f1ola y su frontera tiene unos 300 kil\u00f3metros.<\/span><\/p>\n<h6> 2013-10-23 18:52:35 <\/h6>\n<p><!--\n<link rel=\"stylesheet\" href=\"css\/bootstrap.min.css\">\n\n\n<ul class=\"pagination\">\n\t    \n\t\n\n<li >\n\t<a href='?page_no=14545'>Previous<\/a>\n\t<\/li>\n\n\n       \n    \n\n<li><a href='?page_no=1'>1<\/a><\/li>\n\n\n\n<li><a href='?page_no=2'>2<\/a><\/li>\n\n\n\n<li><a>...<\/a><\/li>\n\n\n\n<li><a href='?page_no=14544'>14544<\/a><\/li>\n\n\n\n<li><a href='?page_no=14545'>14545<\/a><\/li>\n\n\n\n<li class='active'><a>14546<\/a><\/li>\n\n\n\n<li><a href='?page_no=14547'>14547<\/a><\/li>\n\n\n\n<li><a href='?page_no=14548'>14548<\/a><\/li>\n\n\n\n<li><a>...<\/a><\/li>\n\n\n\n<li><a href='?page_no=30472'>30472<\/a><\/li>\n\n\n\n<li><a href='?page_no=30473'>30473<\/a><\/li>\n\n    \n\t\n\n<li >\n\t<a href='?page_no=14547'>Next<\/a>\n\t<\/li>\n\n\n    \n\n<li><a href='?page_no=30473'>Last &rsaquo;&rsaquo;<\/a><\/li>\n\n<\/ul>\n\n\n--><br \/>\n<\/body><\/p>\n","protected":false},"excerpt":{"rendered":"<p>Santo Domingo, RD, 23 oct (PL) El Gobierno dominicano impulsa un programa de crianza de ganado en parte de la zona fronteriza con Hait\u00ed en aras de enfrentar la pobreza. La iniciativa, llevada adelante por el Fondo Especial para el Desarrollo Agropecuario, beneficia a peque\u00f1os y medianos productores de la provincia de El\u00edas Pi\u00f1a. Seg\u00fan [&hellip;]<\/p>\n","protected":false},"author":3,"featured_media":0,"comment_status":"open","ping_status":"open","sticky":false,"template":"","format":"standard","meta":{"footnotes":""},"categories":[18],"tags":[],"class_list":["post-99049","post","type-post","status-publish","format-standard","hentry","category-economia"],"_links":{"self":[{"href":"https:\/\/diariodominicano.com\/index.php?rest_route=\/wp\/v2\/posts\/99049","targetHints":{"allow":["GET"]}}],"collection":[{"href":"https:\/\/diariodominicano.com\/index.php?rest_route=\/wp\/v2\/posts"}],"about":[{"href":"https:\/\/diariodominicano.com\/index.php?rest_route=\/wp\/v2\/types\/post"}],"author":[{"embeddable":true,"href":"https:\/\/diariodominicano.com\/index.php?rest_route=\/wp\/v2\/users\/3"}],"replies":[{"embeddable":true,"href":"https:\/\/diariodominicano.com\/index.php?rest_route=%2Fwp%2Fv2%2Fcomments&post=99049"}],"version-history":[{"count":0,"href":"https:\/\/diariodominicano.com\/index.php?rest_route=\/wp\/v2\/posts\/99049\/revisions"}],"wp:attachment":[{"href":"https:\/\/diariodominicano.com\/index.php?rest_route=%2Fwp%2Fv2%2Fmedia&parent=99049"}],"wp:term":[{"taxonomy":"category","embeddable":true,"href":"https:\/\/diariodominicano.com\/index.php?rest_route=%2Fwp%2Fv2%2Fcategories&post=99049"},{"taxonomy":"post_tag","embeddable":true,"href":"https:\/\/diariodominicano.com\/index.php?rest_route=%2Fwp%2Fv2%2Ftags&post=99049"}],"curies":[{"name":"wp","href":"https:\/\/api.w.org\/{rel}","templated":true}]}}