{"id":99048,"date":"2013-10-23T19:20:58","date_gmt":"2013-10-23T19:20:58","guid":{"rendered":"http:\/\/diariodominicano.ddns.net\/?p=99048"},"modified":"2013-10-23T19:20:58","modified_gmt":"2013-10-23T19:20:58","slug":"valdez-albizu-afirma-economia-dominicana-cerrara-el-ano-en-torno-al-3-0-con-una-inflacion-cercana-al-5","status":"publish","type":"post","link":"https:\/\/diariodominicano.com\/?p=99048","title":{"rendered":"Valdez Albizu afirma economia dominicana cerrar\u00e1 el a\u00f1o en torno al 3.0% con una inflaci\u00f3n cercana al 5%"},"content":{"rendered":"<p><body><\/p>\n<p><img decoding=\"async\" src=\"img3\/Gobernador.jpg\" \/>  <\/p>\n<p><span class=\"text1noticias\">Santo Domingo, RD, 23 de Octubre.-El  Gobernador del Banco Central, Lic. H\u00e9ctor Valdez Albizu, inform\u00f3 que en el trimestre julio-septiembre de 2013 la econom\u00eda dominicana registr\u00f3 un significativo crecimiento de 5.5%, continuando la senda de recuperaci\u00f3n iniciada en abril-junio, cuando la econom\u00eda creci\u00f3 2.8%.<\/span><\/p>\n<\/p>\n<p><span class=\"text1noticias\">Valdez Albizu indic\u00f3 que la notable recuperaci\u00f3n en este trimestre est\u00e1 explicada mayormente por el dinamismo que exhiben sectores claves, como son agropecuario 8.3%, construcci\u00f3n 8.6% y otros como hoteles, bares y restaurantes e intermediaci\u00f3n financiera y seguros, que reportan cifras de dos d\u00edgitos.<\/span><\/p>\n<\/p>\n<p><span class=\"text1noticias\">Record\u00f3 que esta recuperaci\u00f3n ocurre despu\u00e9s de que la econom\u00eda creciera en apenas 0.3% en enero-marzo 2013, para un crecimiento acumulado de 1.6% en el primer semestre del a\u00f1o.<\/span><\/p>\n<\/p>\n<p><span class=\"text1noticias\">En su discurso con motivo del 66 aniversario del Banco Central, pronunciado este 23 de octubre en el auditorio de esa instituci\u00f3n, el Gobernador enfatiz\u00f3 que, gracias a la coordinaci\u00f3n entre las pol\u00edticas fiscal y monetaria y a la capacidad de respuesta del sector privado, el crecimiento acumulado enero-septiembre 2013 fue de 2.9%, explicado fundamentalmente por actividades como la agropecuaria, miner\u00eda, hoteles, bares y restaurantes, intermediaci\u00f3n financiera, salud, y otros servicios que incluyen a las PYMES. <\/span><\/p>\n<\/p>\n<p><span class=\"text1noticias\">Resalt\u00f3 que este crecimiento se ha registrado en un ambiente de estabilidad de precios, como lo revela una inflaci\u00f3n acumulada de 3.57% en los primeros nueve meses del a\u00f1o, ubic\u00e1ndose la inflaci\u00f3n anualizada, medida de septiembre 2012 a septiembre 2013,  en 5.13%, lo cual fue destacado por el FMI en su reciente Informe de seguimiento al pa\u00eds.<\/span><\/p>\n<\/p>\n<p><span class=\"text1noticias\">Valdez Albizu explic\u00f3 el conjunto de disposiciones que adoptaron las autoridades fiscales y monetarias para reactivar la econom\u00eda, como fueron varias acciones del Gobierno encaminadas a dinamizar la inversi\u00f3n p\u00fablica, la producci\u00f3n agropecuaria y el financiamiento dirigido a las PyMEs, as\u00ed como las medidas de pol\u00edtica monetaria de mayo 2013, que incluyeron la liberaci\u00f3n de RD$20 mil millones de los recursos de encaje legal para canalizarse a los sectores productivos a una tasa fija de 9.0% por 6 a\u00f1os; flexibilizaci\u00f3n de los requerimientos para mejorar el acceso al cr\u00e9dito por parte de los menores deudores; y la reducci\u00f3n en 75 puntos b\u00e1sicos de la Tasa de Pol\u00edtica Monetaria (TPM), al pasar de 5.0% a 4.25 por ciento.<\/span><\/p>\n<\/p>\n<p><span class=\"text1noticias\">Al abordar las perspectivas econ\u00f3micas, indic\u00f3 que en el \u00e1mbito internacional los pron\u00f3sticos para el a\u00f1o 2014 son m\u00e1s auspiciosos que los este a\u00f1o, resaltando que las proyecciones del Banco Central se\u00f1alan que el cr\u00e9dito al sector privado en moneda nacional continuar\u00e1 creciendo  entre 10% y 12% en el presente a\u00f1o, contribuyendo a concretizar los planes de inversi\u00f3n y consumo de las empresas y las familias.<\/span><\/p>\n<\/p>\n<p><span class=\"text1noticias\">\u00abEstamos convencidos de que esta dinamizaci\u00f3n del cr\u00e9dito, conjuntamente con la inversi\u00f3n puntual del gobierno, permitir\u00e1n alcanzar un crecimiento econ\u00f3mico en torno al 3.0% para 2013, con una inflaci\u00f3n cercana al centro del rango-meta de 5% \u00b1 1% establecido en el Programa Monetario y contenido en el Marco Macroecon\u00f3mico consensuado por los ministerios de Econom\u00eda, Hacienda y el Banco Central\u00bb, dijo el Gobernador. <\/span><\/p>\n<p><span class=\"text1noticias\"> <\/span><\/p>\n<p><span class=\"text1noticias\">Crecimiento del cr\u00e9dito<\/span><\/p>\n<\/p>\n<p><span class=\"text1noticias\">En su discurso por el 66 aniversario del Banco Central,  al que asistieron Miembros de la Honorable Junta Monetaria, el Gobernador Valdez Albizu present\u00f3 cifras que muestran que el flujo crediticio se est\u00e1 moviendo en sinton\u00eda con la reactivaci\u00f3n de las actividades productivas, indicando que entre mayo y septiembre se canaliz\u00f3 un 80% del monto total a liberar, unos RD$16,175 millones, beneficiando a m\u00e1s de 10,200 usuarios, recibiendo la industria manufacturera unos RD$4,600 millones, el sector vivienda unos RD$3,675 millones, comercio y MIPYMES unos RD$3,200 millones, la agropecuaria tambi\u00e9n unos RD$3,200 millones y Consumo en torno a RD$1,500 millones, produci\u00e9ndose un efecto derrame. <\/span><\/p>\n<\/p>\n<p><span class=\"text1noticias\">Puntualiz\u00f3 que el cr\u00e9dito al sector privado en moneda nacional en lo que va de a\u00f1o se ha incrementado en aproximadamente RD$42,500 millones, el equivalente a m\u00e1s de 22 veces la variaci\u00f3n experimentada en igual periodo del a\u00f1o pasado, mientras que en el periodo septiembre 2012-septiembre 2013, se verifica un crecimiento en m\u00e1s de 15%, un aumento de RD$61,500 millones, monto casi 5 veces mayor que el total colocado un a\u00f1o antes. <\/span><\/p>\n<\/p>\n<p><span class=\"text1noticias\"> Asegur\u00f3 que en el transcurso del a\u00f1o, la liquidez del sistema financiero se ha mantenido creciendo conforme lo previsto en el Programa Monetario, creciendo los billetes y monedas emitidos y el medio circulante (M1) t\u00e9rminos interanuales alrededor de 10% y 8.0%, respectivamente, tasas consistentes con el comportamiento esperado del PIB nominal para 2013. <\/span><\/p>\n<\/p>\n<p><span class=\"text1noticias\">Al referirse al cambio de direcci\u00f3n de la pol\u00edtica monetaria, desde una posici\u00f3n m\u00e1s flexible en mayo pasado a otra m\u00e1s neutral a finales de agosto, explic\u00f3 que ello estuvo fundamentado principalmente en detener las expectativas devaluatorias de los agentes econ\u00f3micos que estaban sobre-reaccionando a un entorno internacional que luc\u00eda incierto y cambiante, caracterizado en la regi\u00f3n la reversi\u00f3n de los flujos de capitales desde las econom\u00edas emergentes hacia los Estados Unidos de Am\u00e9rica, y a factores internos asociados a una merma en el flujo de divisas y  al menor rendimiento de los ahorros en pesos, todo lo cual pon\u00eda en riesgo las metas de inflaci\u00f3n. <\/span><\/p>\n<\/p>\n<p><span class=\"text1noticias\">Signific\u00f3 que fue en el marco de ese escenario descrito, que el Banco Central decidi\u00f3 aumentar en 200 puntos b\u00e1sicos su Tasa de Pol\u00edtica Monetaria en el mes de agosto, pasando de 4.25% a 6.25%, estrechando adem\u00e1s en 50 puntos b\u00e1sicos el corredor de sus tasas de inter\u00e9s. De igual modo se produjeron intervenciones en el mercado cambiario, como lo hicieron otros bancos centrales de la regi\u00f3n, con el fin de frenar la tendencia alcista del tipo de cambio y de este modo evitar poner en riesgo la meta de inflaci\u00f3n, adem\u00e1s de incidir en las expectativas de los agentes econ\u00f3micos y del p\u00fablico en general.<\/span><\/p>\n<p><span class=\"text1noticias\">Destac\u00f3 que hoy en d\u00eda el precio del d\u00f3lar con respecto a la moneda nacional ha bajado en m\u00e1s de 70 puntos, manteni\u00e9ndose su estabilidad relativa y comenzando a normalizarse los flujos de d\u00f3lares, momentos en que las reservas internacionales brutas se sit\u00faan en US$3,547.2 millones y las netas, en US$3,232.1 millones, niveles superiores a los mostrados al cierre del 2012.<\/span><\/p>\n<\/p>\n<p><span class=\"text1noticias\">El Gobernador del Banco Central present\u00f3  las cifras preliminares del sector externo en los primeros nueve meses del a\u00f1o, mostr\u00e1ndose un menor d\u00e9ficit en cuenta corriente en US$1,196.3 millones, debido principalmente al aumento de las exportaciones totales de bienes y servicios, las cuales crecieron 8.0% con respecto al a\u00f1o 2012, as\u00ed como a la disminuci\u00f3n de 6.6% de las importaciones con relaci\u00f3n a igual per\u00edodo del a\u00f1o anterior, incluyendo una menor factura petrolera en unos US$345.4 millones con relaci\u00f3n a igual per\u00edodo del 2012, dada su elevada ponderaci\u00f3n de alrededor de un 27% de dicho rubro.<\/span><\/p>\n<\/p>\n<p><span class=\"text1noticias\">Indic\u00f3 que en cuanto al sector turismo, durante enero-septiembre se verifica que a pesar de la dif\u00edcil situaci\u00f3n internacional, aumentaron en unos 56,918 los viajeros adicionales respecto a igual periodo del a\u00f1o 2012, proyect\u00e1ndose que el 2013 cerrar\u00eda con unos 4.0 millones de visitantes extranjeros no residentes, que aportar\u00edan a la econom\u00eda unos US$4,800 millones. Durante los primeros nueve meses del a\u00f1o, se comprob\u00f3 un incremento de US$240.1 millones, para un crecimiento de 6.6%  con respecto a enero-septiembre del a\u00f1o anterior.<\/span><\/p>\n<\/p>\n<p><span class=\"text1noticias\">Anunci\u00f3 que las remesas ascendieron a US$2,280.3 millones, un aumento de 0.8%, unos US$18.5 millones, superando a M\u00e9xico (-7.6%), uno de los principales receptores en la regi\u00f3n, y similar al de El Salvador (1.3%); y que la inversi\u00f3n extranjera directa alcanz\u00f3 US$1,507.6 millones en el per\u00edodo enero-septiembre. <\/span><\/p>\n<\/p>\n<p><span class=\"text1noticias\">Por otra parte, destac\u00f3 los importantes avances en materia de regulaci\u00f3n financiera, incluyendo la promoci\u00f3n de la bancarizaci\u00f3n, a trav\u00e9s de la figura del subagente bancario; adem\u00e1s de propiciar una mayor inclusi\u00f3n y educaci\u00f3n financiera, refiri\u00e9ndose al buen desempe\u00f1o del sector financiero en su conjunto y al fortalecimiento del Sistema de Pagos,  resaltando que en el caso espec\u00edfico de los cheques, es una realidad la disminuci\u00f3n a un d\u00eda del tiempo de acreditaci\u00f3n de los fondos.<\/span><\/p>\n<p><span class=\"text1noticias\">En cuanto a la tasa de cambio, el Gobernador del Banco Central proyect\u00f3 una senda de estabilidad relativa, tomando en cuenta que para el \u00faltimo trimestre de este a\u00f1o se espera una mayor afluencia de divisas al pa\u00eds por concepto de la colocaci\u00f3n de los bonos soberanos, los desembolsos pendientes con organismos financieros multilaterales, el acuerdo con la Barrick y la tradicional llegada de dominicanos ausentes y turistas, todo lo cual redundar\u00e1 en un fortalecimiento de las reservas internacionales netas del Banco Central. <\/span><\/p>\n<\/p>\n<\/p>\n<p><span class=\"text1noticias\">Al expresar sus reflexiones finales, el Lic. H\u00e9ctor Valdez Albizu, se\u00f1al\u00f3 que ante el actual panorama internacional, econom\u00edas peque\u00f1as y abiertas como la nuestra, deben seguir fortaleciendo los fundamentos de la estabilidad macroecon\u00f3mica y del crecimiento sostenido, adem\u00e1s de propiciar reformas estructurales y un clima de negocios que permita la generaci\u00f3n de empleos, en un ambiente de seguridad jur\u00eddica, confianza y paz social.<\/span><\/p>\n<p><span class=\"text1noticias\">Afirm\u00f3 que resulta medular la combinaci\u00f3n adecuada de pol\u00edticas econ\u00f3micas, correspondiendo fundamentalmente al Banco Central mantener el control de la inflaci\u00f3n y la estabilidad relativa de la tasa de cambio, en aras del buen desempe\u00f1o de los distintos sectores econ\u00f3micos y de sustentar la evoluci\u00f3n adecuada del poder adquisitivo de la poblaci\u00f3n.<\/span><\/p>\n<p><span class=\"text1noticias\">Expres\u00f3 que, a su juicio, nuestro pa\u00eds tiene grandes potencialidades, una tierra bendecida, una posici\u00f3n geogr\u00e1fica privilegiada y unas autoridades comprometidas en promover un desarrollo econ\u00f3mico m\u00e1s humano, incluyente y sostenible. Se declar\u00f3 un abanderado del optimismo, el cual deber\u00eda ser visto como la fe que conduce al logro de nuestras metas, ya que nada puede realizarse sin esperanza; pues \u00abnunca una noche ha vencido el amanecer y nunca un problema ha vencido la esperanza\u00bb.<\/span><\/p>\n<p><span class=\"text1noticias\">Finaliz\u00f3, como de costumbre, exhortando a que apostemos al futuro, con fe en Dios y  optimismo en un mejor porvenir.<\/span><\/p>\n<p><span class=\"text1noticias\">Previo al discurso del Gobernador, y como parte del acto conmemorativo del 66 aniversario del Banco Central, se celebr\u00f3 una misa de Acci\u00f3n de Gracias a la que asisti\u00f3 la Primera Dama de la Rep\u00fablica, Lic. C\u00e1ndida Montilla de Medina, autoridades y funcionarios de la instituci\u00f3n, ministros y representantes de distintos ministerios relacionados con econom\u00eda y finanzas, y empleados del Banco Central.<\/span><\/p>\n<h6> 2013-10-23 19:20:58 <\/h6>\n<p><!--\n<link rel=\"stylesheet\" href=\"css\/bootstrap.min.css\">\n\n\n<ul class=\"pagination\">\n\t    \n\t\n\n<li >\n\t<a href='?page_no=14544'>Previous<\/a>\n\t<\/li>\n\n\n       \n    \n\n<li><a href='?page_no=1'>1<\/a><\/li>\n\n\n\n<li><a href='?page_no=2'>2<\/a><\/li>\n\n\n\n<li><a>...<\/a><\/li>\n\n\n\n<li><a href='?page_no=14543'>14543<\/a><\/li>\n\n\n\n<li><a href='?page_no=14544'>14544<\/a><\/li>\n\n\n\n<li class='active'><a>14545<\/a><\/li>\n\n\n\n<li><a href='?page_no=14546'>14546<\/a><\/li>\n\n\n\n<li><a href='?page_no=14547'>14547<\/a><\/li>\n\n\n\n<li><a>...<\/a><\/li>\n\n\n\n<li><a href='?page_no=30472'>30472<\/a><\/li>\n\n\n\n<li><a href='?page_no=30473'>30473<\/a><\/li>\n\n    \n\t\n\n<li >\n\t<a href='?page_no=14546'>Next<\/a>\n\t<\/li>\n\n\n    \n\n<li><a href='?page_no=30473'>Last &rsaquo;&rsaquo;<\/a><\/li>\n\n<\/ul>\n\n\n--><br \/>\n<\/body><\/p>\n","protected":false},"excerpt":{"rendered":"<p>Santo Domingo, RD, 23 de Octubre.-El Gobernador del Banco Central, Lic. H\u00e9ctor Valdez Albizu, inform\u00f3 que en el trimestre julio-septiembre de 2013 la econom\u00eda dominicana registr\u00f3 un significativo crecimiento de 5.5%, continuando la senda de recuperaci\u00f3n iniciada en abril-junio, cuando la econom\u00eda creci\u00f3 2.8%. Valdez Albizu indic\u00f3 que la notable recuperaci\u00f3n en este trimestre est\u00e1 [&hellip;]<\/p>\n","protected":false},"author":3,"featured_media":0,"comment_status":"open","ping_status":"open","sticky":false,"template":"","format":"standard","meta":{"footnotes":""},"categories":[18],"tags":[],"class_list":["post-99048","post","type-post","status-publish","format-standard","hentry","category-economia"],"_links":{"self":[{"href":"https:\/\/diariodominicano.com\/index.php?rest_route=\/wp\/v2\/posts\/99048","targetHints":{"allow":["GET"]}}],"collection":[{"href":"https:\/\/diariodominicano.com\/index.php?rest_route=\/wp\/v2\/posts"}],"about":[{"href":"https:\/\/diariodominicano.com\/index.php?rest_route=\/wp\/v2\/types\/post"}],"author":[{"embeddable":true,"href":"https:\/\/diariodominicano.com\/index.php?rest_route=\/wp\/v2\/users\/3"}],"replies":[{"embeddable":true,"href":"https:\/\/diariodominicano.com\/index.php?rest_route=%2Fwp%2Fv2%2Fcomments&post=99048"}],"version-history":[{"count":0,"href":"https:\/\/diariodominicano.com\/index.php?rest_route=\/wp\/v2\/posts\/99048\/revisions"}],"wp:attachment":[{"href":"https:\/\/diariodominicano.com\/index.php?rest_route=%2Fwp%2Fv2%2Fmedia&parent=99048"}],"wp:term":[{"taxonomy":"category","embeddable":true,"href":"https:\/\/diariodominicano.com\/index.php?rest_route=%2Fwp%2Fv2%2Fcategories&post=99048"},{"taxonomy":"post_tag","embeddable":true,"href":"https:\/\/diariodominicano.com\/index.php?rest_route=%2Fwp%2Fv2%2Ftags&post=99048"}],"curies":[{"name":"wp","href":"https:\/\/api.w.org\/{rel}","templated":true}]}}