{"id":99047,"date":"2013-10-23T20:07:13","date_gmt":"2013-10-23T20:07:13","guid":{"rendered":"http:\/\/diariodominicano.ddns.net\/?p=99047"},"modified":"2013-10-23T20:07:13","modified_gmt":"2013-10-23T20:07:13","slug":"vicepresidente-crees-revela-informalidad-tributaria-en-el-pais-ronda-el-60-por-ciento","status":"publish","type":"post","link":"https:\/\/diariodominicano.com\/?p=99047","title":{"rendered":"Vicepresidente CREES revela  informalidad tributaria en el pa\u00eds ronda el 60 por ciento"},"content":{"rendered":"<p><body><\/p>\n<p><img decoding=\"async\" src=\"img3\/crees.jpg\" \/>  <\/p>\n<p><span class=\"text1noticias\">Santo Domingo, RD, 23 de Octubre.-El vicepresidente ejecutivo del Centro Regional de Estrategias Econ\u00f3micas Sostenibles (CREES) revel\u00f3 este mi\u00e9rcoles que la informalidad tributaria en el pa\u00eds ronda el 60 por ciento, mientras que el restante 40 por ciento que cumple con el pago de impuestos al fisco tienen una carga tributaria de un 40 a un 42 por ciento, presi\u00f3n muy elevada que cae sobre el que paga.<\/span><\/p>\n<\/p>\n<p><span class=\"text1noticias\">Ernesto Selma manifest\u00f3 que las constantes modificaciones al C\u00f3digo Tributario (7 reformas desde el a\u00f1o 2000) han provocado incremento de impuestos y eso a su vez promueve las actividades fuera del sistema tributario.<\/span><\/p>\n<\/p>\n<p><span class=\"text1noticias\">Hablando para el programa Diario del 4 que se transmite por CERTV, el tambi\u00e9n economista indic\u00f3 que independientemente de que los ingresos del Estado se han multiplicado del a\u00f1o 2000 a la fecha, pero problema tributario afecta el sistema.<\/span><\/p>\n<\/p>\n<p><span class=\"text1noticias\">En otro aspecto, critic\u00f3 la carga que representa para el Estado el pago de subsidio al sector el\u00e9ctrico, monto que alcanza los mil 250 millones de d\u00f3lares al a\u00f1o, y porque representa un servicio deficiente y caro.<\/span><\/p>\n<\/p>\n<p><span class=\"text1noticias\">\u00abEstamos pagando una electricidad cara, tenemos pagar subsidios para poder recibir esa energ\u00eda que no es eficiente y como no es eficiente tenemos que autogenerar, lo que implica que tenemos un estructura de costos todos los dominicanos directa o indirectamente\u00bb, precis\u00f3.<\/span><\/p>\n<\/p>\n<p><span class=\"text1noticias\">Ernesto Selma dijo que el sector energ\u00e9tico est\u00e1 imponiendo un alto costo no solo para vivir, sino para los procesos productivos que hacen a las empresas menos competitivas en el plano internacional.(HG)<\/span>.<\/p>\n<h6> 2013-10-23 20:07:13 <\/h6>\n<p><!--\n<link rel=\"stylesheet\" href=\"css\/bootstrap.min.css\">\n\n\n<ul class=\"pagination\">\n\t    \n\t\n\n<li >\n\t<a href='?page_no=14543'>Previous<\/a>\n\t<\/li>\n\n\n       \n    \n\n<li><a href='?page_no=1'>1<\/a><\/li>\n\n\n\n<li><a href='?page_no=2'>2<\/a><\/li>\n\n\n\n<li><a>...<\/a><\/li>\n\n\n\n<li><a href='?page_no=14542'>14542<\/a><\/li>\n\n\n\n<li><a href='?page_no=14543'>14543<\/a><\/li>\n\n\n\n<li class='active'><a>14544<\/a><\/li>\n\n\n\n<li><a href='?page_no=14545'>14545<\/a><\/li>\n\n\n\n<li><a href='?page_no=14546'>14546<\/a><\/li>\n\n\n\n<li><a>...<\/a><\/li>\n\n\n\n<li><a href='?page_no=30472'>30472<\/a><\/li>\n\n\n\n<li><a href='?page_no=30473'>30473<\/a><\/li>\n\n    \n\t\n\n<li >\n\t<a href='?page_no=14545'>Next<\/a>\n\t<\/li>\n\n\n    \n\n<li><a href='?page_no=30473'>Last &rsaquo;&rsaquo;<\/a><\/li>\n\n<\/ul>\n\n\n--><br \/>\n<\/body><\/p>\n","protected":false},"excerpt":{"rendered":"<p>Santo Domingo, RD, 23 de Octubre.-El vicepresidente ejecutivo del Centro Regional de Estrategias Econ\u00f3micas Sostenibles (CREES) revel\u00f3 este mi\u00e9rcoles que la informalidad tributaria en el pa\u00eds ronda el 60 por ciento, mientras que el restante 40 por ciento que cumple con el pago de impuestos al fisco tienen una carga tributaria de un 40 a [&hellip;]<\/p>\n","protected":false},"author":3,"featured_media":0,"comment_status":"open","ping_status":"open","sticky":false,"template":"","format":"standard","meta":{"footnotes":""},"categories":[18],"tags":[],"class_list":["post-99047","post","type-post","status-publish","format-standard","hentry","category-economia"],"_links":{"self":[{"href":"https:\/\/diariodominicano.com\/index.php?rest_route=\/wp\/v2\/posts\/99047","targetHints":{"allow":["GET"]}}],"collection":[{"href":"https:\/\/diariodominicano.com\/index.php?rest_route=\/wp\/v2\/posts"}],"about":[{"href":"https:\/\/diariodominicano.com\/index.php?rest_route=\/wp\/v2\/types\/post"}],"author":[{"embeddable":true,"href":"https:\/\/diariodominicano.com\/index.php?rest_route=\/wp\/v2\/users\/3"}],"replies":[{"embeddable":true,"href":"https:\/\/diariodominicano.com\/index.php?rest_route=%2Fwp%2Fv2%2Fcomments&post=99047"}],"version-history":[{"count":0,"href":"https:\/\/diariodominicano.com\/index.php?rest_route=\/wp\/v2\/posts\/99047\/revisions"}],"wp:attachment":[{"href":"https:\/\/diariodominicano.com\/index.php?rest_route=%2Fwp%2Fv2%2Fmedia&parent=99047"}],"wp:term":[{"taxonomy":"category","embeddable":true,"href":"https:\/\/diariodominicano.com\/index.php?rest_route=%2Fwp%2Fv2%2Fcategories&post=99047"},{"taxonomy":"post_tag","embeddable":true,"href":"https:\/\/diariodominicano.com\/index.php?rest_route=%2Fwp%2Fv2%2Ftags&post=99047"}],"curies":[{"name":"wp","href":"https:\/\/api.w.org\/{rel}","templated":true}]}}