{"id":99046,"date":"2013-10-23T20:15:50","date_gmt":"2013-10-23T20:15:50","guid":{"rendered":"http:\/\/diariodominicano.ddns.net\/?p=99046"},"modified":"2013-10-23T20:15:50","modified_gmt":"2013-10-23T20:15:50","slug":"presentan-primer-informe-aplicacion-end-2030","status":"publish","type":"post","link":"https:\/\/diariodominicano.com\/?p=99046","title":{"rendered":"Presentan primer informe aplicaci\u00f3n END-2030"},"content":{"rendered":"<p><body><\/p>\n<p><img decoding=\"async\" src=\"img3\/informe.jpg\" \/>  <\/p>\n<p><span class=\"text1noticias\">Santo Domingo, RD, 23 de Octubre.-El Ministerio de Econom\u00eda, Planificaci\u00f3n y Desarrollo (MEPyD) dio a conocer al pa\u00eds este mi\u00e9rcoles el primer informe anual sobre la ejecuci\u00f3n de la Ley Org\u00e1nica de Estrategia Nacional de  Desarrollo (END), en una sesi\u00f3n del Consejo Econ\u00f3mico y Social (CES).<\/span><\/p>\n<\/p>\n<p><span class=\"text1noticias\"> La presentaci\u00f3n del \u00abPrimer Informe sobre el estado de avance de la END 2030 ante el Consejo Econ\u00f3mico y Social\u00bb tuvo lugar en la sede de este \u00f3rgano en la Pontificia Universidad Cat\u00f3lica Madre y Maestra.<\/span><\/p>\n<\/p>\n<p><span class=\"text1noticias\">La sesi\u00f3n la encabezaron el ministro Tem\u00edstocles Mont\u00e1s y el presidente del CES, monse\u00f1or Agripino N\u00fa\u00f1ez Collado, inform\u00f3 la Unidad de Comunicaciones del Ministerio de Econom\u00eda.<\/span><\/p>\n<\/p>\n<p><span class=\"text1noticias\">La directora de la Unidad de An\u00e1lisis Econ\u00f3mico y Social, Magdalena Lizardo, y el viceministro de Planificaci\u00f3n del MEPyD, Juan Monegro, presentaron el informe.<\/span><\/p>\n<\/p>\n<p><span class=\"text1noticias\">Con 282 p\u00e1ginas, en el resumen del reporte se indica que en el caso del Poder Ejecutivo se recogen las ejecutorias de la gesti\u00f3n en el periodo del presidente Leonel Fern\u00e1ndez y las de Danilo Medina (2012-2016). <\/span><\/p>\n<\/p>\n<p><span class=\"text1noticias\">Destaca el informe que \u00abel imperio de la ley y la seguridad ciudadana\u00bb fue de entre los cuatro ejes de la Ley el que capt\u00f3 el mayor despliegue de iniciativas de pol\u00edticas p\u00fablicas por eje durante 2012 con el 54.9%.<\/span><\/p>\n<\/p>\n<p><span class=\"text1noticias\">Le siguen el tercer eje \u00abestructura productiva sectorial y territorialmente articulada, integrada competitivamente a la econom\u00eda global y que aprovecha las oportunidades del mercado local\u00bb con 47.6 %.<\/span><\/p>\n<p><span class=\"text1noticias\">Luego el segundo el eje \u00abeducaci\u00f3n de calidad para todos y todas\u00bb con el 45.1% y la menor proporci\u00f3n de iniciativas de pol\u00edticas p\u00fablicas el cuarto eje, \u00abadecuada adaptaci\u00f3n al cambio clim\u00e1tico\u00bb con 38.6%.<\/span><\/p>\n<\/p>\n<p><span class=\"text1noticias\">Los redactores recuerdan que el primer a\u00f1o los esfuerzos se dirigieron a reglamentar la Ley y a desarrollar algunas de las 460 l\u00edneas de acci\u00f3n articuladas a las pol\u00edticas p\u00fablicas y a los ejes con sus objetivos y l\u00edneas de acci\u00f3n que definen el modelo de desarrollo sostenible a que aspira la Rep\u00fablica Dominicana. <\/span><\/p>\n<\/p>\n<p><span class=\"text1noticias\">De las 460 l\u00edneas de acci\u00f3n, el 46.7% se vincul\u00f3 a las pol\u00edticas p\u00fablicas implementadas o en implementaci\u00f3n durante 2012 y se tomaron medidas asociadas para lograr el objetivo general de tener una \u00abadministraci\u00f3n p\u00fablica eficiente, transparente y orientada a resultados\u00bb.<\/span><\/p>\n<\/p>\n<p><span class=\"text1noticias\">El objetivo espec\u00edfico que registr\u00f3 m\u00e1s iniciativas fue administraci\u00f3n p\u00fablica; un menor \u00e9nfasis el de impulsar el desarrollo local y, por \u00faltimo, el de democracia participativa y ciudadan\u00eda responsable. <\/span><\/p>\n<\/p>\n<p><span class=\"text1noticias\">La \u00abEducaci\u00f3n de calidad para todos y todas\u00bb como objetivo general del segundo eje fue el que contuvo la mayor proporci\u00f3n de l\u00edneas de acci\u00f3n con iniciativas de pol\u00edticas p\u00fablicas en desarrollo (70 %).<\/span><\/p>\n<p><span class=\"text1noticias\">Siguen en importancia \u00abCultura e identidad nacional en un mundo global\u00bb (60 %) y \u00abDeporte y recreaci\u00f3n f\u00edsica para el desarrollo humano\u00bb (60 %).<\/span><\/p>\n<\/p>\n<p><span class=\"text1noticias\">Indica que se han desplegado medidas asociadas a una alta proporci\u00f3n de las l\u00edneas de acci\u00f3n vinculadas a lograr \u00abelevar el capital humano y social y las oportunidades de la poblaci\u00f3n en condici\u00f3n de pobreza\u00bb con 75 % y el de \u00abproteger a los ni\u00f1os, ni\u00f1as y adolescentes desde la primera infancia\u00bb con el 53%.<\/span><\/p>\n<\/p>\n<p><span class=\"text1noticias\">Los autores del informe comentan que, por lo general, la proporci\u00f3n de l\u00edneas de acci\u00f3n en implementaci\u00f3n es relativamente menor en objetivos como \u00abigualdad de derechos y oportunidades\u00bb, \u00absalud y seguridad social integral\u00bb, \u00abcohesi\u00f3n territorial\u00bb y \u00abvivienda digna en entornos saludables\u00bb. <\/span><\/p>\n<\/p>\n<p><span class=\"text1noticias\">La mayor proporci\u00f3n de l\u00edneas de acci\u00f3n en implementaci\u00f3n en el tercer eje es hacia los objetivos \u00abestructura productiva sectorial y territorialmente articulada&#8230;\u00bb, \u00abcompetitividad e innovaci\u00f3n en un ambiente favorable a la cooperaci\u00f3n y la responsabilidad social\u00bb con 52.5 % y 51.8 %, respectivamente.<\/span><\/p>\n<\/p>\n<p><span class=\"text1noticias\">Mientras que el objetivo \u00abempleos suficientes y dignos\u00bb con la menor proporci\u00f3n de l\u00edneas de acci\u00f3n en desarrollo (36 %), en tanto el an\u00e1lisis a nivel de objetivos espec\u00edficos muestra que los con mayor porcentaje de l\u00edneas de acci\u00f3n en implementaci\u00f3n son \u00abdesarrollar un entorno regulador que asegure el funcionamiento ordenado de los mercados y un clima de inversi\u00f3n y negocios pro competitivo en un marco de responsabilidad social\u00bb con 100%.<\/span><\/p>\n<\/p>\n<p><span class=\"text1noticias\">En cuanto a la asignaci\u00f3n de recursos de inversi\u00f3n el tercer eje, \u00abestructura productiva sectorial y territorialmente articulada&#8230;\u00bb capt\u00f3 el 74.16% del total, concentraci\u00f3n atribuida a los proyectos de inversi\u00f3n ejecutados en los objetivos generales \u00abcompetitividad e innovaci\u00f3n&#8230;\u00bb y \u00abenerg\u00eda confiable, eficiente y ambientalmente sostenible\u00bb. El primero capt\u00f3 el 87.71% y el segundo proyecto el 10.15%.<\/span><\/p>\n<p><span class=\"text1noticias\">La segunda posici\u00f3n en recursos de inversi\u00f3n captados la ocup\u00f3 el segundo eje con 21.28% del total y, dentro del mismo, la proporci\u00f3n mayor \u00abvivienda digna en entornos saludables\u00bb que absorbi\u00f3 el 39.57% de la inversi\u00f3n en el eje.<\/span><\/p>\n<\/p>\n<p><span class=\"text1noticias\">Sigue \u00abeducaci\u00f3n de calidad para todos y todas\u00bb con 27.84% de la inversi\u00f3n en el eje; \u00abuniversalizar el aseguramiento en salud\u00bb capt\u00f3 el 22.49% y los dem\u00e1s objetivos generales no alcanzaron a absorber porciones significativas en la inversi\u00f3n en el segundo eje.<\/span><\/p>\n<\/p>\n<p><span class=\"text1noticias\">La tercera posici\u00f3n en captaci\u00f3n de recursos de inversi\u00f3n correspondi\u00f3 al cuarto eje con 3.45% del total y, dentro del eje, \u00abgestionar el recurso agua de manera eficiente y sostenible\u00bb fue el que capt\u00f3 la casi totalidad de las inversiones con el 89.31% del total del eje.<\/span><\/p>\n<\/p>\n<p><span class=\"text1noticias\">El informe muestra m\u00e1s adelante la evaluaci\u00f3n de los indicadores de la Estrategia Nacional de Desarrollo en torno a lo que se\u00f1ala que durante el primer a\u00f1o de implementaci\u00f3n de 93 indicadores en La Ley el 28% de los mismos muestra una tendencia de avance promisorio hacia la meta de 2015.<\/span><\/p>\n<\/p>\n<p><span class=\"text1noticias\">En cuanto cooperaci\u00f3n internacional no reembolsable el reporte revela que el monto desembolsado en el periodo ascendi\u00f3 a US$119.4 millones, unos RD$4,762 mil millones, la mayor parte de la cooperaci\u00f3n multilateral (81.2%) y, por fuentes, Uni\u00f3n Europea (54.0%), Naciones Unidas (16.6%), Fondo Global (8.2%), Taiw\u00e1n (6.6%), Estados Unidos (5.4%) y Espa\u00f1a (4.4%).(HG)<\/span>.  <\/p>\n<h6> 2013-10-23 20:15:50 <\/h6>\n<p><!--\n<link rel=\"stylesheet\" href=\"css\/bootstrap.min.css\">\n\n\n<ul class=\"pagination\">\n\t    \n\t\n\n<li >\n\t<a href='?page_no=14542'>Previous<\/a>\n\t<\/li>\n\n\n       \n    \n\n<li><a href='?page_no=1'>1<\/a><\/li>\n\n\n\n<li><a href='?page_no=2'>2<\/a><\/li>\n\n\n\n<li><a>...<\/a><\/li>\n\n\n\n<li><a href='?page_no=14541'>14541<\/a><\/li>\n\n\n\n<li><a href='?page_no=14542'>14542<\/a><\/li>\n\n\n\n<li class='active'><a>14543<\/a><\/li>\n\n\n\n<li><a href='?page_no=14544'>14544<\/a><\/li>\n\n\n\n<li><a href='?page_no=14545'>14545<\/a><\/li>\n\n\n\n<li><a>...<\/a><\/li>\n\n\n\n<li><a href='?page_no=30472'>30472<\/a><\/li>\n\n\n\n<li><a href='?page_no=30473'>30473<\/a><\/li>\n\n    \n\t\n\n<li >\n\t<a href='?page_no=14544'>Next<\/a>\n\t<\/li>\n\n\n    \n\n<li><a href='?page_no=30473'>Last &rsaquo;&rsaquo;<\/a><\/li>\n\n<\/ul>\n\n\n--><br \/>\n<\/body><\/p>\n","protected":false},"excerpt":{"rendered":"<p>Santo Domingo, RD, 23 de Octubre.-El Ministerio de Econom\u00eda, Planificaci\u00f3n y Desarrollo (MEPyD) dio a conocer al pa\u00eds este mi\u00e9rcoles el primer informe anual sobre la ejecuci\u00f3n de la Ley Org\u00e1nica de Estrategia Nacional de Desarrollo (END), en una sesi\u00f3n del Consejo Econ\u00f3mico y Social (CES). La presentaci\u00f3n del \u00abPrimer Informe sobre el estado de [&hellip;]<\/p>\n","protected":false},"author":3,"featured_media":0,"comment_status":"open","ping_status":"open","sticky":false,"template":"","format":"standard","meta":{"footnotes":""},"categories":[18],"tags":[],"class_list":["post-99046","post","type-post","status-publish","format-standard","hentry","category-economia"],"_links":{"self":[{"href":"https:\/\/diariodominicano.com\/index.php?rest_route=\/wp\/v2\/posts\/99046","targetHints":{"allow":["GET"]}}],"collection":[{"href":"https:\/\/diariodominicano.com\/index.php?rest_route=\/wp\/v2\/posts"}],"about":[{"href":"https:\/\/diariodominicano.com\/index.php?rest_route=\/wp\/v2\/types\/post"}],"author":[{"embeddable":true,"href":"https:\/\/diariodominicano.com\/index.php?rest_route=\/wp\/v2\/users\/3"}],"replies":[{"embeddable":true,"href":"https:\/\/diariodominicano.com\/index.php?rest_route=%2Fwp%2Fv2%2Fcomments&post=99046"}],"version-history":[{"count":0,"href":"https:\/\/diariodominicano.com\/index.php?rest_route=\/wp\/v2\/posts\/99046\/revisions"}],"wp:attachment":[{"href":"https:\/\/diariodominicano.com\/index.php?rest_route=%2Fwp%2Fv2%2Fmedia&parent=99046"}],"wp:term":[{"taxonomy":"category","embeddable":true,"href":"https:\/\/diariodominicano.com\/index.php?rest_route=%2Fwp%2Fv2%2Fcategories&post=99046"},{"taxonomy":"post_tag","embeddable":true,"href":"https:\/\/diariodominicano.com\/index.php?rest_route=%2Fwp%2Fv2%2Ftags&post=99046"}],"curies":[{"name":"wp","href":"https:\/\/api.w.org\/{rel}","templated":true}]}}