{"id":99043,"date":"2013-10-24T14:24:43","date_gmt":"2013-10-24T14:24:43","guid":{"rendered":"http:\/\/diariodominicano.ddns.net\/?p=99043"},"modified":"2013-10-24T14:24:43","modified_gmt":"2013-10-24T14:24:43","slug":"sur-futuro-y-codocafe-reafirman-compromiso-para-posicionar-marca-de-certificaci%c2%a2n-cafe-monte-bonito","status":"publish","type":"post","link":"https:\/\/diariodominicano.com\/?p=99043","title":{"rendered":"Sur Futuro y CODOCAFE reafirman compromiso para posicionar marca de certificaci\u00a2n \u00abCaf\u00e9 Monte Bonito\u00bb"},"content":{"rendered":"<p><body><\/p>\n<p><img decoding=\"async\" src=\"img3\/sur 24.jpg\" \/>  <\/p>\n<p>Santo Domingo, RD 24 octubre.- La Fundaci\u00f3n Sur Futuro y el Consejo Dominicano del Caf\u00e9 (CODOCAFE) firmaron un acuerdo en donde ambas entidades buscan aunar esfuerzos para el fomento y renovaci\u00f3n del caf\u00e9 como medio de producci\u00f3n, reforestaci\u00f3n y conservaci\u00f3n de suelos, as\u00ed como al mejoramiento de la calidad y  la comercializaci\u00f3n del caf\u00e9 en la regi\u00f3n Sur del pa\u00eds a trav\u00e9s de la realizaci\u00f3n de proyectos conjuntos.<\/p>\n<\/p>\n<p>El convenio fue suscrito por el  Director Ejecutivo de CODOCAFE,  el ingeniero  Jos\u00e9 Ferm\u00edn N\u00fa\u00f1ez y la presidenta de Sur Futuro, la se\u00f1ora Melba Segura de Grull\u00f3n, quienes acordaron ejecutar y cofinanciar el Programa de Mejoramiento de la Producci\u00f3n y la Comercializaci\u00f3n del Caf\u00e9 mediante la agregaci\u00f3n de valor bajo la Marca \u00abCaf\u00e9 Monte Bonito\u00bb. <\/p>\n<\/p>\n<p>Las instituciones se comprometen, a su vez a coordinar y apoyar a las asociaciones de productores bajo la marca de certificaci\u00f3n \u00abCaf\u00e9 Monte Bonito\u00bb en la exploraci\u00f3n de financiamiento para la adquisici\u00f3n de maquinarias y construcci\u00f3n de infraestructuras para el beneficiado del caf\u00e9.<\/p>\n<\/p>\n<p>Durante la vigencia del convenio, previsto para tres a\u00f1os, ambas instituciones acordaron apoyarse mutuamente en la exploraci\u00f3n de fuentes de agua, para mejorar la accesibilidad de la misma por parte de los productores con el prop\u00f3sito de eficienciar el beneficiado h\u00famedo del caf\u00e9 y reducir la contaminaci\u00f3n de los r\u00edos y arroyos.<\/p>\n<\/p>\n<p>En abril de 2011, la Fundaci\u00f3n Sur Futuro present\u00f3 a nivel nacional e internacional a \u00abCaf\u00e9 Monte Bonito\u00bb como una marca con vocaci\u00f3n social y la primera de certificaci\u00f3n de la Rep\u00fablica Dominicana. Fue desarrollada por la Fundaci\u00f3n Sur Futuro, que cont\u00f3 con el acompa\u00f1amiento del Consejo Dominicano del Caf\u00e9 (CODOCAFE).<\/p>\n<\/p>\n<p>Al adquirir el \u00abCaf\u00e9 Monte Bonito\u00bb, adem\u00e1s de disfrutar de un arom\u00e1tico producto de alta calidad certificada, se ayuda las familias campesinas a incrementar sus ingresos econ\u00f3micos, y a la vez, contribuir\u00e1 a preservar los servicios ambientales del bosque cafetalero dominicano, tanto a trav\u00e9s de su aporte al ciclo h\u00eddrico como la mitigaci\u00f3n al cambio clim\u00e1tico mediante la captura y fijaci\u00f3n de gases de efecto invernadero.<\/p>\n<\/p>\n<p>\u00abCaf\u00e9 Monte Bonito\u00bb tiene como objetivo principal, mejorar la calidad de vida de los caficultores de la regi\u00f3n Sur, especialmente en las localidades donde se produce el fruto y exportar un producto de calidad en el mercado internacional. Este caf\u00e9 proviene de las localidades de Monte Bonito, Las Yayas de Viajama, Padre Las Casas, Sabana Yegua y Peralta de la provincia de Azua, as\u00ed como del municipio de Bohech\u00edo en San Juan de la Maguana. Estos predios est\u00e1n ubicados a altitudes superiores a los 500 metros sobre el nivel del mar.<\/p>\n<\/p>\n<h6> 2013-10-24 14:24:43 <\/h6>\n<p><!--\n<link rel=\"stylesheet\" href=\"css\/bootstrap.min.css\">\n\n\n<ul class=\"pagination\">\n\t    \n\t\n\n<li >\n\t<a href='?page_no=14539'>Previous<\/a>\n\t<\/li>\n\n\n       \n    \n\n<li><a href='?page_no=1'>1<\/a><\/li>\n\n\n\n<li><a href='?page_no=2'>2<\/a><\/li>\n\n\n\n<li><a>...<\/a><\/li>\n\n\n\n<li><a href='?page_no=14538'>14538<\/a><\/li>\n\n\n\n<li><a href='?page_no=14539'>14539<\/a><\/li>\n\n\n\n<li class='active'><a>14540<\/a><\/li>\n\n\n\n<li><a href='?page_no=14541'>14541<\/a><\/li>\n\n\n\n<li><a href='?page_no=14542'>14542<\/a><\/li>\n\n\n\n<li><a>...<\/a><\/li>\n\n\n\n<li><a href='?page_no=30472'>30472<\/a><\/li>\n\n\n\n<li><a href='?page_no=30473'>30473<\/a><\/li>\n\n    \n\t\n\n<li >\n\t<a href='?page_no=14541'>Next<\/a>\n\t<\/li>\n\n\n    \n\n<li><a href='?page_no=30473'>Last &rsaquo;&rsaquo;<\/a><\/li>\n\n<\/ul>\n\n\n--><br \/>\n<\/body><\/p>\n","protected":false},"excerpt":{"rendered":"<p>Santo Domingo, RD 24 octubre.- La Fundaci\u00f3n Sur Futuro y el Consejo Dominicano del Caf\u00e9 (CODOCAFE) firmaron un acuerdo en donde ambas entidades buscan aunar esfuerzos para el fomento y renovaci\u00f3n del caf\u00e9 como medio de producci\u00f3n, reforestaci\u00f3n y conservaci\u00f3n de suelos, as\u00ed como al mejoramiento de la calidad y la comercializaci\u00f3n del caf\u00e9 en [&hellip;]<\/p>\n","protected":false},"author":3,"featured_media":0,"comment_status":"open","ping_status":"open","sticky":false,"template":"","format":"standard","meta":{"footnotes":""},"categories":[18],"tags":[],"class_list":["post-99043","post","type-post","status-publish","format-standard","hentry","category-economia"],"_links":{"self":[{"href":"https:\/\/diariodominicano.com\/index.php?rest_route=\/wp\/v2\/posts\/99043","targetHints":{"allow":["GET"]}}],"collection":[{"href":"https:\/\/diariodominicano.com\/index.php?rest_route=\/wp\/v2\/posts"}],"about":[{"href":"https:\/\/diariodominicano.com\/index.php?rest_route=\/wp\/v2\/types\/post"}],"author":[{"embeddable":true,"href":"https:\/\/diariodominicano.com\/index.php?rest_route=\/wp\/v2\/users\/3"}],"replies":[{"embeddable":true,"href":"https:\/\/diariodominicano.com\/index.php?rest_route=%2Fwp%2Fv2%2Fcomments&post=99043"}],"version-history":[{"count":0,"href":"https:\/\/diariodominicano.com\/index.php?rest_route=\/wp\/v2\/posts\/99043\/revisions"}],"wp:attachment":[{"href":"https:\/\/diariodominicano.com\/index.php?rest_route=%2Fwp%2Fv2%2Fmedia&parent=99043"}],"wp:term":[{"taxonomy":"category","embeddable":true,"href":"https:\/\/diariodominicano.com\/index.php?rest_route=%2Fwp%2Fv2%2Fcategories&post=99043"},{"taxonomy":"post_tag","embeddable":true,"href":"https:\/\/diariodominicano.com\/index.php?rest_route=%2Fwp%2Fv2%2Ftags&post=99043"}],"curies":[{"name":"wp","href":"https:\/\/api.w.org\/{rel}","templated":true}]}}