{"id":99041,"date":"2013-10-24T15:30:45","date_gmt":"2013-10-24T15:30:45","guid":{"rendered":"http:\/\/diariodominicano.ddns.net\/?p=99041"},"modified":"2013-10-24T15:30:45","modified_gmt":"2013-10-24T15:30:45","slug":"cei-rd-y-senado-promueven-inversiones-en-republica-dominicana","status":"publish","type":"post","link":"https:\/\/diariodominicano.com\/?p=99041","title":{"rendered":"CEI-RD y Senado promueven inversiones en Rep\u00fablica Dominicana"},"content":{"rendered":"<p><body><\/p>\n<p><img decoding=\"async\" src=\"img3\/cei-dr 24.jpg\" \/>  <\/p>\n<p>Roma, Italia 24 octubre.-  Una delegaci\u00f3n integrada por los m\u00e1s altos representantes de la C\u00e1mara Alta del poder legislativo dominicano y el Centro de Exportaci\u00f3n e Inversi\u00f3n de la Rep\u00fablica Dominicana (CEI-RD), en una acci\u00f3n de sinerg\u00eda conjunta, desarrollaron en Milano, Italia, una conferencia magistral en la cual presentaron a importantes empresas las oportunidades de Inversi\u00f3n y Comercio en la Rep\u00fablica Dominicana en los sectores de: Turismo, Energ\u00eda y Construcci\u00f3n, la cual fue introducida por el Presidente del Senado, Dr. Reynado Pared P\u00e9rez, y desarrollada por el Director del CEI-RD, Dr. Jean Alain Rodr\u00edguez, con la presencia de m\u00e1s de 100 representantes de las m\u00e1s importantes empresas italianas.<\/p>\n<\/p>\n<p>La citada conferencia fue realizada en el marco de una misi\u00f3n, organizada por la Asociaci\u00f3n Parlamentaria Italia-Rep\u00fablica Dominicana que se desarrolla del 20 al 27 de octubre 2013 en la que participan el Presidente del Senado Dominicano, Reinaldo Pared P\u00e9rez, el Director Ejecutivo del CEI-RD, Jean Alain Rodr\u00edguez y los senadores: Charlie Mariotti, Presidente de la Asociaci\u00f3n Parlamentaria Italia-Rep\u00fablica Dominicana; Euclides S\u00e1nchez; Luis Ren\u00e9 Cana\u00e1n; Tomy Gal\u00e1n y Antonio Cruz, quienes se encuentran todos desarrollando una amplia agenda de trabajo con el objetivo com\u00fan de promover oportunidades en nuestro pa\u00eds y generar empleos.<\/p>\n<\/p>\n<p> El Director del Centro de Exportaci\u00f3n e Inversi\u00f3n (CEI-RD), Dr. Jean Alain Rodr\u00edguez, destac\u00f3 durante la conferencia que: \u00abEn adici\u00f3n a los atractivos y reales oportunidades de nuestro pa\u00eds que les hemos presentado, la participaci\u00f3n activa e inter\u00e9s del Presidente del Senado, Dr. Reinaldo Pared y de 5 notables senadores promoviendo nuestro pa\u00eds en este importante foro de inversi\u00f3n, no s\u00f3lo le confirma a ustedes una integraci\u00f3n y colaboraci\u00f3n interinstitucional de un gobierno que protege y valora la inversi\u00f3n extranjera, sino que cuentan con un apoyo incondicional de todos los actores de un pa\u00eds y eso es \u00a1hacer lo que nunca se ha hecho!\u00bb.<\/p>\n<\/p>\n<p> En el marco de esta misi\u00f3n, compuesta por primera vez de manera conjunta por miembros del poder ejecutivo y legislativo para promover inversiones y exportaciones, se sostuvieron tambi\u00e9n diversas reuniones puntuales con importantes potenciales inversionistas de los sectores de energ\u00eda, turismo y transporte, entre otros, sosteniendo tambi\u00e9n una reuni\u00f3n de trabajo con los representantes de Expo Milano 2015 coordinada por el CEI-RD con miras a participar en dicho evento, sumando lo anterior a otras reuniones de trabajo dentro de la agenda legislativa.<\/p>\n<\/p>\n<p> De parte de la Asociaci\u00f3n Parlamentaria Italia-Rep\u00fablica Dominicana, participaron su presidente, el Senador Lucio Malan, Viviana Soppeno, Gerente General; Nicol\u00e1s Vargas, Director de Relaciones Institucionales de Asociaci\u00f3n Parlamentaria Italia &#8211; Rep\u00fablica Dominicana; y por la C\u00e1mara de Comercio Italia-Rep\u00fablica Dominicana, Giuliano Gaiola, Vicepresidente.<\/p>\n<\/p>\n<h6> 2013-10-24 15:30:45 <\/h6>\n<p><!--\n<link rel=\"stylesheet\" href=\"css\/bootstrap.min.css\">\n\n\n<ul class=\"pagination\">\n\t    \n\t\n\n<li >\n\t<a href='?page_no=14538'>Previous<\/a>\n\t<\/li>\n\n\n       \n    \n\n<li><a href='?page_no=1'>1<\/a><\/li>\n\n\n\n<li><a href='?page_no=2'>2<\/a><\/li>\n\n\n\n<li><a>...<\/a><\/li>\n\n\n\n<li><a href='?page_no=14537'>14537<\/a><\/li>\n\n\n\n<li><a href='?page_no=14538'>14538<\/a><\/li>\n\n\n\n<li class='active'><a>14539<\/a><\/li>\n\n\n\n<li><a href='?page_no=14540'>14540<\/a><\/li>\n\n\n\n<li><a href='?page_no=14541'>14541<\/a><\/li>\n\n\n\n<li><a>...<\/a><\/li>\n\n\n\n<li><a href='?page_no=30472'>30472<\/a><\/li>\n\n\n\n<li><a href='?page_no=30473'>30473<\/a><\/li>\n\n    \n\t\n\n<li >\n\t<a href='?page_no=14540'>Next<\/a>\n\t<\/li>\n\n\n    \n\n<li><a href='?page_no=30473'>Last &rsaquo;&rsaquo;<\/a><\/li>\n\n<\/ul>\n\n\n--><br \/>\n<\/body><\/p>\n","protected":false},"excerpt":{"rendered":"<p>Roma, Italia 24 octubre.- Una delegaci\u00f3n integrada por los m\u00e1s altos representantes de la C\u00e1mara Alta del poder legislativo dominicano y el Centro de Exportaci\u00f3n e Inversi\u00f3n de la Rep\u00fablica Dominicana (CEI-RD), en una acci\u00f3n de sinerg\u00eda conjunta, desarrollaron en Milano, Italia, una conferencia magistral en la cual presentaron a importantes empresas las oportunidades de [&hellip;]<\/p>\n","protected":false},"author":3,"featured_media":0,"comment_status":"open","ping_status":"open","sticky":false,"template":"","format":"standard","meta":{"footnotes":""},"categories":[18],"tags":[],"class_list":["post-99041","post","type-post","status-publish","format-standard","hentry","category-economia"],"_links":{"self":[{"href":"https:\/\/diariodominicano.com\/index.php?rest_route=\/wp\/v2\/posts\/99041","targetHints":{"allow":["GET"]}}],"collection":[{"href":"https:\/\/diariodominicano.com\/index.php?rest_route=\/wp\/v2\/posts"}],"about":[{"href":"https:\/\/diariodominicano.com\/index.php?rest_route=\/wp\/v2\/types\/post"}],"author":[{"embeddable":true,"href":"https:\/\/diariodominicano.com\/index.php?rest_route=\/wp\/v2\/users\/3"}],"replies":[{"embeddable":true,"href":"https:\/\/diariodominicano.com\/index.php?rest_route=%2Fwp%2Fv2%2Fcomments&post=99041"}],"version-history":[{"count":0,"href":"https:\/\/diariodominicano.com\/index.php?rest_route=\/wp\/v2\/posts\/99041\/revisions"}],"wp:attachment":[{"href":"https:\/\/diariodominicano.com\/index.php?rest_route=%2Fwp%2Fv2%2Fmedia&parent=99041"}],"wp:term":[{"taxonomy":"category","embeddable":true,"href":"https:\/\/diariodominicano.com\/index.php?rest_route=%2Fwp%2Fv2%2Fcategories&post=99041"},{"taxonomy":"post_tag","embeddable":true,"href":"https:\/\/diariodominicano.com\/index.php?rest_route=%2Fwp%2Fv2%2Ftags&post=99041"}],"curies":[{"name":"wp","href":"https:\/\/api.w.org\/{rel}","templated":true}]}}