{"id":99040,"date":"2013-10-24T15:49:59","date_gmt":"2013-10-24T15:49:59","guid":{"rendered":"http:\/\/diariodominicano.ddns.net\/?p=99040"},"modified":"2013-10-24T15:49:59","modified_gmt":"2013-10-24T15:49:59","slug":"ofid-aprueba-prestamo-de-us60-millones-para-desarrollo-electrico-en-rd","status":"publish","type":"post","link":"https:\/\/diariodominicano.com\/?p=99040","title":{"rendered":"OFID aprueba pr\u00e9stamo de US$60 millones para desarrollo el\u00e9ctrico en RD"},"content":{"rendered":"<p><body><\/p>\n<p><img decoding=\"async\" src=\"img3\/luz 24.jpg\" \/>  <\/p>\n<p>Santo Domingo RD 24 octubre.- \u00abLa Junta Directiva del Fondo de la OPEP para el Desarrollo Internacional (OFID), reunida en su 144 \u00aa sesi\u00f3n aprob\u00f3 un pr\u00e9stamo de 60 millones de d\u00f3lares para cofinanciar el Programa de Reducci\u00f3n de P\u00e9rdidas y Rehabilitaci\u00f3n de Distribuci\u00f3n El\u00e9ctrica en Rep\u00fablica Dominicana, a fin de mejorar sustancialmente el suministro de electricidad en el pa\u00eds caribe\u00f1o.<\/p>\n<\/p>\n<p>\u00abEl acceso adecuado a servicios de energ\u00eda confiables y asequibles es un requisito indispensable para fortalecer las capacidades productivas y el desarrollo sostenible\u00bb, destac\u00f3 Suleiman J. Al-Herbish, Director General del OFID, quien adem\u00e1s forma parte del Grupo de Asesores de Alto Nivel de la Iniciativa Global \u00abEnerg\u00eda Sostenible para Todos\u00bb promovida por la ONU.<\/p>\n<\/p>\n<p>El proyecto permitir\u00e1 mejorar alrededor de 60 redes de distribuci\u00f3n con lo cual se ofrecer\u00e1 un suministro confiable de energ\u00eda para m\u00e1s de 620 mil personas pertenecientes a comunidades pobres y rurales. El costo total de la obra ha sido estimado en 493 millones de d\u00f3lares. El resto ser\u00e1 financiado por el gobierno nacional, el Banco Internacional de Reconstrucci\u00f3n y Desarrollo y el Banco Interamericano de Desarrollo.<\/p>\n<\/p>\n<p>Desde el 2007 OFID ha llevado a la palestra internacional el tema del alivio de la pobreza energ\u00e9tica, al cual ha denominado \u00abel faltante de los Objetivos de Desarrollo del Milenio\u00bb establecidos por la ONU. Desde entonces, ha puesto en pr\u00e1ctica la iniciativa \u00abEnerg\u00eda para los Pobres\u00bb afianzada en junio del a\u00f1o pasado con la Declaraci\u00f3n del Consejo de Ministros del OFID, en la cual se comprometi\u00f3 un fondo m\u00ednimo rotatorio de 1.000 millones de d\u00f3lares para continuar con el financiamiento de la iniciativa. La Declaraci\u00f3n fue anunciada por OFID en Rio+20.<\/p>\n<\/p>\n<p>Hasta diciembre de 2012 las operaciones financiadas por el OFID para el sector de la energ\u00eda representaban casi 2.900 millones de d\u00f3lares y solamente en ese a\u00f1o OFID aprob\u00f3 m\u00e1s de 380 millones de d\u00f3lares-que representan casi 30% del total de los compromisos de 2012- para un total de 27 proyectos energ\u00e9ticos, de los cuales siete son de energ\u00eda renovable.<\/p>\n<\/p>\n<p>Acerca de OFID<\/p>\n<\/p>\n<p>OFID son las siglas en ingl\u00e9s del Fondo OPEP para el Desarrollo Internacional. OFID es una instituci\u00f3n financiera de desarrollo establecida en 1976 por los Estados Miembros de la Organizaci\u00f3n de Pa\u00edses Exportadores de Petr\u00f3leo (OPEP). El objetivo del OFID es contribuir con el progreso social y econ\u00f3mico de los pa\u00edses en desarrollo. Todos los pa\u00edses en desarrollo, con la excepci\u00f3n de los pa\u00edses miembros de la OPEP, pueden optar por la asistencia del OFID. No obstante, se otorga la m\u00e1xima prioridad a los pa\u00edses menos desarrollados. Hoy, 134 pa\u00edses situados en \u00c1frica, Asia, Am\u00e9rica Latina, el Caribe, el Medio Oriente y Europa, se han beneficiado de la asistencia del OFID.<\/p>\n<\/p>\n<p>Para mas informaci\u00f3n por favor visite http:\/\/www.ofid.org\u00bb  <\/p>\n<\/p>\n<p>AGENCIA EFE S.A. no se hace responsable de la informaci\u00f3n que contiene este mensaje y no asume responsabilidad alguna frente a terceros sobre su \u00edntegro contenido, quedando igualmente exonerada de la responsabilidad de la entidad autora del mismo.<\/p>\n<\/p>\n<h6> 2013-10-24 15:49:59 <\/h6>\n<p><!--\n<link rel=\"stylesheet\" href=\"css\/bootstrap.min.css\">\n\n\n<ul class=\"pagination\">\n\t    \n\t\n\n<li >\n\t<a href='?page_no=14537'>Previous<\/a>\n\t<\/li>\n\n\n       \n    \n\n<li><a href='?page_no=1'>1<\/a><\/li>\n\n\n\n<li><a href='?page_no=2'>2<\/a><\/li>\n\n\n\n<li><a>...<\/a><\/li>\n\n\n\n<li><a href='?page_no=14536'>14536<\/a><\/li>\n\n\n\n<li><a href='?page_no=14537'>14537<\/a><\/li>\n\n\n\n<li class='active'><a>14538<\/a><\/li>\n\n\n\n<li><a href='?page_no=14539'>14539<\/a><\/li>\n\n\n\n<li><a href='?page_no=14540'>14540<\/a><\/li>\n\n\n\n<li><a>...<\/a><\/li>\n\n\n\n<li><a href='?page_no=30472'>30472<\/a><\/li>\n\n\n\n<li><a href='?page_no=30473'>30473<\/a><\/li>\n\n    \n\t\n\n<li >\n\t<a href='?page_no=14539'>Next<\/a>\n\t<\/li>\n\n\n    \n\n<li><a href='?page_no=30473'>Last &rsaquo;&rsaquo;<\/a><\/li>\n\n<\/ul>\n\n\n--><br \/>\n<\/body><\/p>\n","protected":false},"excerpt":{"rendered":"<p>Santo Domingo RD 24 octubre.- \u00abLa Junta Directiva del Fondo de la OPEP para el Desarrollo Internacional (OFID), reunida en su 144 \u00aa sesi\u00f3n aprob\u00f3 un pr\u00e9stamo de 60 millones de d\u00f3lares para cofinanciar el Programa de Reducci\u00f3n de P\u00e9rdidas y Rehabilitaci\u00f3n de Distribuci\u00f3n El\u00e9ctrica en Rep\u00fablica Dominicana, a fin de mejorar sustancialmente el suministro [&hellip;]<\/p>\n","protected":false},"author":3,"featured_media":0,"comment_status":"open","ping_status":"open","sticky":false,"template":"","format":"standard","meta":{"footnotes":""},"categories":[18],"tags":[],"class_list":["post-99040","post","type-post","status-publish","format-standard","hentry","category-economia"],"_links":{"self":[{"href":"https:\/\/diariodominicano.com\/index.php?rest_route=\/wp\/v2\/posts\/99040","targetHints":{"allow":["GET"]}}],"collection":[{"href":"https:\/\/diariodominicano.com\/index.php?rest_route=\/wp\/v2\/posts"}],"about":[{"href":"https:\/\/diariodominicano.com\/index.php?rest_route=\/wp\/v2\/types\/post"}],"author":[{"embeddable":true,"href":"https:\/\/diariodominicano.com\/index.php?rest_route=\/wp\/v2\/users\/3"}],"replies":[{"embeddable":true,"href":"https:\/\/diariodominicano.com\/index.php?rest_route=%2Fwp%2Fv2%2Fcomments&post=99040"}],"version-history":[{"count":0,"href":"https:\/\/diariodominicano.com\/index.php?rest_route=\/wp\/v2\/posts\/99040\/revisions"}],"wp:attachment":[{"href":"https:\/\/diariodominicano.com\/index.php?rest_route=%2Fwp%2Fv2%2Fmedia&parent=99040"}],"wp:term":[{"taxonomy":"category","embeddable":true,"href":"https:\/\/diariodominicano.com\/index.php?rest_route=%2Fwp%2Fv2%2Fcategories&post=99040"},{"taxonomy":"post_tag","embeddable":true,"href":"https:\/\/diariodominicano.com\/index.php?rest_route=%2Fwp%2Fv2%2Ftags&post=99040"}],"curies":[{"name":"wp","href":"https:\/\/api.w.org\/{rel}","templated":true}]}}