{"id":99039,"date":"2013-10-24T15:56:10","date_gmt":"2013-10-24T15:56:10","guid":{"rendered":"http:\/\/diariodominicano.ddns.net\/?p=99039"},"modified":"2013-10-24T15:56:10","modified_gmt":"2013-10-24T15:56:10","slug":"copardom-modificacion-al-codigo-laboral-no-resuelve-problemas-economicos-del-pais","status":"publish","type":"post","link":"https:\/\/diariodominicano.com\/?p=99039","title":{"rendered":"&#13;Copardom: modificaci\u00f3n al c\u00f3digo laboral no resuelve problemas econ\u00f3micos del pa\u00eds"},"content":{"rendered":"<p><body><\/p>\n<p><img decoding=\"async\" src=\"img3\/copardom 24.JPG\" \/>  <\/p>\n<p>Santo Domingo RD 24 octubre.- El presidente de la Confederaci\u00f3n Patronal de la Rep\u00fablica Dominicana (Copardom), consider\u00f3 este jueves que la \u00abpanacea\u00bb para responder los problemas econ\u00f3micos del pa\u00eds no es la modificaci\u00f3n al C\u00f3digo de Trabajo, el cual dijo que est\u00e1n \u00abmuy conscientes de eso\u00bb. <\/p>\n<\/p>\n<p>\u00abDa pena que empresas, de repente, peque\u00f1as empresas que tienen empleados y porque tengan una litis con dos empleado de repente esa empresa quiebre. Afecta a los ocho empleados, afecta al propio emprendedor que arriesg\u00f3 todo y lo perdi\u00f3 por una  litis con procedimientos que existen dentro del c\u00f3digo laboral que afectan fuertemente al empleador\u00bb, explic\u00f3 Jaime Gonz\u00e1lez al ser entrevistado en el programa \u00abEnfoque Matinal\u00bb, que se transmite por NCDN, canal 37.<\/p>\n<\/p>\n<p>Inform\u00f3 que los trabajos para la modificaci\u00f3n del c\u00f3digo laboral est\u00e1n avanzados y que la semana pasada se produjo \u00abuna reuni\u00f3n de conocimiento\u00bb donde el Gobierno explic\u00f3 la metodolog\u00eda que pretende, el cual ratific\u00f3 que no le interesa que los derechos adquiridos por los trabajadores sean vulnerados.<\/p>\n<\/p>\n<p>\u00abLa idea es que se tangan reuniones peri\u00f3dicas cercanas, porque el Presidente quiere que dentro de cuatro meses, osea, en enero o febrero ya el tema del c\u00f3digo laboral sea bastante debatido\u00bb, indic\u00f3 Gonz\u00e1lez.<\/p>\n<\/p>\n<p>Dijo que la comisi\u00f3n est\u00e1 en las peque\u00f1as empresas del pa\u00eds, de las cuales cerca del 80 por ciento son micro y peque\u00f1a, se han dado cuenta que \u00abel pastel del empresariado\u00bb lo abarca un sector que est\u00e1 muy desprotegido.<\/p>\n<\/p>\n<p>Sobre los niveles de salarios<\/p>\n<\/p>\n<p>\u00abEn el esquema existente no ha podido funcionar correctamente de que una peque\u00f1a empresa tenga una diferencia salarial con una grande\u00bb, sostuvo el presidente de Copardom y agreg\u00f3 que es.<\/p>\n<\/p>\n<p>Explic\u00f3 que dentro del Comit\u00e9 Nacional de Salarios cuando se produce un aumento salarial, el esquema que utilizan para aplicarlo es que el capital de la empresa sea de 4 millones de pesos, lo que afecta a la peque\u00f1a empresa porque tiene \u00abque irse a un nivel salarial de la grande\u00bb.<\/p>\n<\/p>\n<\/p>\n<h6> 2013-10-24 15:56:10 <\/h6>\n<p><!--\n<link rel=\"stylesheet\" href=\"css\/bootstrap.min.css\">\n\n\n<ul class=\"pagination\">\n\t    \n\t\n\n<li >\n\t<a href='?page_no=14536'>Previous<\/a>\n\t<\/li>\n\n\n       \n    \n\n<li><a href='?page_no=1'>1<\/a><\/li>\n\n\n\n<li><a href='?page_no=2'>2<\/a><\/li>\n\n\n\n<li><a>...<\/a><\/li>\n\n\n\n<li><a href='?page_no=14535'>14535<\/a><\/li>\n\n\n\n<li><a href='?page_no=14536'>14536<\/a><\/li>\n\n\n\n<li class='active'><a>14537<\/a><\/li>\n\n\n\n<li><a href='?page_no=14538'>14538<\/a><\/li>\n\n\n\n<li><a href='?page_no=14539'>14539<\/a><\/li>\n\n\n\n<li><a>...<\/a><\/li>\n\n\n\n<li><a href='?page_no=30472'>30472<\/a><\/li>\n\n\n\n<li><a href='?page_no=30473'>30473<\/a><\/li>\n\n    \n\t\n\n<li >\n\t<a href='?page_no=14538'>Next<\/a>\n\t<\/li>\n\n\n    \n\n<li><a href='?page_no=30473'>Last &rsaquo;&rsaquo;<\/a><\/li>\n\n<\/ul>\n\n\n--><br \/>\n<\/body><\/p>\n","protected":false},"excerpt":{"rendered":"<p>Santo Domingo RD 24 octubre.- El presidente de la Confederaci\u00f3n Patronal de la Rep\u00fablica Dominicana (Copardom), consider\u00f3 este jueves que la \u00abpanacea\u00bb para responder los problemas econ\u00f3micos del pa\u00eds no es la modificaci\u00f3n al C\u00f3digo de Trabajo, el cual dijo que est\u00e1n \u00abmuy conscientes de eso\u00bb. \u00abDa pena que empresas, de repente, peque\u00f1as empresas que [&hellip;]<\/p>\n","protected":false},"author":3,"featured_media":0,"comment_status":"open","ping_status":"open","sticky":false,"template":"","format":"standard","meta":{"footnotes":""},"categories":[18],"tags":[],"class_list":["post-99039","post","type-post","status-publish","format-standard","hentry","category-economia"],"_links":{"self":[{"href":"https:\/\/diariodominicano.com\/index.php?rest_route=\/wp\/v2\/posts\/99039","targetHints":{"allow":["GET"]}}],"collection":[{"href":"https:\/\/diariodominicano.com\/index.php?rest_route=\/wp\/v2\/posts"}],"about":[{"href":"https:\/\/diariodominicano.com\/index.php?rest_route=\/wp\/v2\/types\/post"}],"author":[{"embeddable":true,"href":"https:\/\/diariodominicano.com\/index.php?rest_route=\/wp\/v2\/users\/3"}],"replies":[{"embeddable":true,"href":"https:\/\/diariodominicano.com\/index.php?rest_route=%2Fwp%2Fv2%2Fcomments&post=99039"}],"version-history":[{"count":0,"href":"https:\/\/diariodominicano.com\/index.php?rest_route=\/wp\/v2\/posts\/99039\/revisions"}],"wp:attachment":[{"href":"https:\/\/diariodominicano.com\/index.php?rest_route=%2Fwp%2Fv2%2Fmedia&parent=99039"}],"wp:term":[{"taxonomy":"category","embeddable":true,"href":"https:\/\/diariodominicano.com\/index.php?rest_route=%2Fwp%2Fv2%2Fcategories&post=99039"},{"taxonomy":"post_tag","embeddable":true,"href":"https:\/\/diariodominicano.com\/index.php?rest_route=%2Fwp%2Fv2%2Ftags&post=99039"}],"curies":[{"name":"wp","href":"https:\/\/api.w.org\/{rel}","templated":true}]}}