{"id":99037,"date":"2013-10-24T19:05:03","date_gmt":"2013-10-24T19:05:03","guid":{"rendered":"http:\/\/diariodominicano.ddns.net\/?p=99037"},"modified":"2013-10-24T19:05:03","modified_gmt":"2013-10-24T19:05:03","slug":"director-feda-anuncia-que-saldra-el-primer-furgon-de-aguacates-desde-esta-comunidad-hacia-ee-uu","status":"publish","type":"post","link":"https:\/\/diariodominicano.com\/?p=99037","title":{"rendered":"Director FEDA anuncia que saldr\u00e1 el primer furg\u00f3n de aguacates desde esta comunidad hacia EE.UU"},"content":{"rendered":"<p><body><\/p>\n<p><img decoding=\"async\" src=\"img3\/feda.jpg\" \/>  <\/p>\n<p><span class=\"text1noticias\">Cambita, San Crist\u00f3bal, RD, 24 de Octubre.-El director ejecutivo del Fondo Especial para el Desarrollo Agropecuario (FEDA), Antonio L\u00f3pez, anunci\u00f3 que esta semana saldr\u00e1 el primer furg\u00f3n de aguacates desde esta comunidad hacia Estados Unidos.<\/span><\/p>\n<p><span class=\"text1noticias\"> <\/span><\/p>\n<p><span class=\"text1noticias\">El funcionario valor\u00f3 el apoyo dado por el presidente Danilo Medina para que los productores de Cambita incrementaran la producci\u00f3n de aguacates.<\/span><\/p>\n<p><span class=\"text1noticias\"> <\/span><\/p>\n<p><span class=\"text1noticias\">Resultado del cumplimiento de una promesa hecha por el Presidente de la Rep\u00fablica el 24 de febrero de este a\u00f1o, de agenciarle financiamiento a los productores para aumentar la producci\u00f3n de aguacates.<\/span><\/p>\n<p><span class=\"text1noticias\"> <\/span><\/p>\n<p><span class=\"text1noticias\">El apoyo gubernamental fue de 32 millones de pesos.<\/span><\/p>\n<p><span class=\"text1noticias\"> <\/span><\/p>\n<p><span class=\"text1noticias\">Durante una visita de supervisi\u00f3n al Cl\u00faster del Aguacate Dominicano en Cambita, L\u00f3pez explic\u00f3 que estos productos ir\u00e1n al mercado de New York y que la intenci\u00f3n es enviar dos contenedores semanales a esta ciudad. Un contenedor lleva 1,800 cajas.<\/span><\/p>\n<p><span class=\"text1noticias\"> <\/span><\/p>\n<p><span class=\"text1noticias\">Apoyo del Presidente mejora condiciones de vida de productores<\/span><\/p>\n<p><span class=\"text1noticias\">Precis\u00f3 que con el apoyo financiero del Presidente a los productores de aguacates, a trav\u00e9s del FEDA, \u00e9stos han mejorado sus condiciones de vida y de la comunidad en su conjunto, ya que se han integrado a trabajar.<\/span><\/p>\n<p><span class=\"text1noticias\"> <\/span><\/p>\n<p><span class=\"text1noticias\">\u00abEsta es una pol\u00edtica del Gobierno para proteger y crear empleos y llevar prosperidad a los peque\u00f1os y medianos productores y dinamizar la econom\u00eda rural\u00bb, indic\u00f3 el funcionario.<\/span><\/p>\n<p><span class=\"text1noticias\"> <\/span><\/p>\n<p><span class=\"text1noticias\">En la visita del funcionario a este municipio estuvieron presentes, el presidente del Cl\u00faster del Aguacate Dominicano en Cambita, Jos\u00e9 Rosa, los productores de aguacate y miembros del cl\u00faster, Jos\u00e9 F. Montas, Ram\u00f3n Brito, Freddy Encarnaci\u00f3n y Troy Lorenzo.<\/span><\/p>\n<p><span class=\"text1noticias\"> <\/span><\/p>\n<p><span class=\"text1noticias\">Medina, comprometido con los productores agr\u00edcolas<\/span><\/p>\n<p><span class=\"text1noticias\">\u00abEl Presidente est\u00e1 comprometido con los productores del campo, porque dice que este pa\u00eds que vive de la econom\u00eda agropecuaria, y si no hay un desarrollo en la econom\u00eda agropecuaria no puede haber un desarrollo en sentido general\u00bb, expres\u00f3 L\u00f3pez.<\/span><\/p>\n<\/p>\n<p><span class=\"text1noticias\">Del mismo modo, L\u00f3pez tambi\u00e9n inform\u00f3 que saldr\u00e1 a los Estados Unidos un contenedor de \u00f1ame, financiado por el FEDA, a trav\u00e9s de la Presidencia de la Rep\u00fablica.<\/span><\/p>\n<p><span class=\"text1noticias\"> <\/span><\/p>\n<p><span class=\"text1noticias\">Dijo que los productores de \u00f1ame, nunca hab\u00edan calificado para un pr\u00e9stamo, pero que ahora con los cr\u00e9ditos solidarios, ellos est\u00e1n exportando sus productos a los mercados de Estados Unidos y Europa.<\/span><\/p>\n<p><span class=\"text1noticias\"> <\/span><\/p>\n<p><span class=\"text1noticias\">\u00abAhora tienen garant\u00eda de que sus productos est\u00e9n asegurados con un precio razonable con el que no van a perder; lo que significa que su mejora econ\u00f3mica va a ser sustancial\u00bb, sostuvo L\u00f3pez.(HG)<\/span>.<\/p>\n<\/p>\n<h6> 2013-10-24 19:05:03 <\/h6>\n<p><!--\n<link rel=\"stylesheet\" href=\"css\/bootstrap.min.css\">\n\n\n<ul class=\"pagination\">\n\t    \n\t\n\n<li >\n\t<a href='?page_no=14534'>Previous<\/a>\n\t<\/li>\n\n\n       \n    \n\n<li><a href='?page_no=1'>1<\/a><\/li>\n\n\n\n<li><a href='?page_no=2'>2<\/a><\/li>\n\n\n\n<li><a>...<\/a><\/li>\n\n\n\n<li><a href='?page_no=14533'>14533<\/a><\/li>\n\n\n\n<li><a href='?page_no=14534'>14534<\/a><\/li>\n\n\n\n<li class='active'><a>14535<\/a><\/li>\n\n\n\n<li><a href='?page_no=14536'>14536<\/a><\/li>\n\n\n\n<li><a href='?page_no=14537'>14537<\/a><\/li>\n\n\n\n<li><a>...<\/a><\/li>\n\n\n\n<li><a href='?page_no=30472'>30472<\/a><\/li>\n\n\n\n<li><a href='?page_no=30473'>30473<\/a><\/li>\n\n    \n\t\n\n<li >\n\t<a href='?page_no=14536'>Next<\/a>\n\t<\/li>\n\n\n    \n\n<li><a href='?page_no=30473'>Last &rsaquo;&rsaquo;<\/a><\/li>\n\n<\/ul>\n\n\n--><br \/>\n<\/body><\/p>\n","protected":false},"excerpt":{"rendered":"<p>Cambita, San Crist\u00f3bal, RD, 24 de Octubre.-El director ejecutivo del Fondo Especial para el Desarrollo Agropecuario (FEDA), Antonio L\u00f3pez, anunci\u00f3 que esta semana saldr\u00e1 el primer furg\u00f3n de aguacates desde esta comunidad hacia Estados Unidos. El funcionario valor\u00f3 el apoyo dado por el presidente Danilo Medina para que los productores de Cambita incrementaran la producci\u00f3n [&hellip;]<\/p>\n","protected":false},"author":3,"featured_media":0,"comment_status":"open","ping_status":"open","sticky":false,"template":"","format":"standard","meta":{"footnotes":""},"categories":[18],"tags":[],"class_list":["post-99037","post","type-post","status-publish","format-standard","hentry","category-economia"],"_links":{"self":[{"href":"https:\/\/diariodominicano.com\/index.php?rest_route=\/wp\/v2\/posts\/99037","targetHints":{"allow":["GET"]}}],"collection":[{"href":"https:\/\/diariodominicano.com\/index.php?rest_route=\/wp\/v2\/posts"}],"about":[{"href":"https:\/\/diariodominicano.com\/index.php?rest_route=\/wp\/v2\/types\/post"}],"author":[{"embeddable":true,"href":"https:\/\/diariodominicano.com\/index.php?rest_route=\/wp\/v2\/users\/3"}],"replies":[{"embeddable":true,"href":"https:\/\/diariodominicano.com\/index.php?rest_route=%2Fwp%2Fv2%2Fcomments&post=99037"}],"version-history":[{"count":0,"href":"https:\/\/diariodominicano.com\/index.php?rest_route=\/wp\/v2\/posts\/99037\/revisions"}],"wp:attachment":[{"href":"https:\/\/diariodominicano.com\/index.php?rest_route=%2Fwp%2Fv2%2Fmedia&parent=99037"}],"wp:term":[{"taxonomy":"category","embeddable":true,"href":"https:\/\/diariodominicano.com\/index.php?rest_route=%2Fwp%2Fv2%2Fcategories&post=99037"},{"taxonomy":"post_tag","embeddable":true,"href":"https:\/\/diariodominicano.com\/index.php?rest_route=%2Fwp%2Fv2%2Ftags&post=99037"}],"curies":[{"name":"wp","href":"https:\/\/api.w.org\/{rel}","templated":true}]}}