{"id":99036,"date":"2013-10-24T19:09:25","date_gmt":"2013-10-24T19:09:25","guid":{"rendered":"http:\/\/diariodominicano.ddns.net\/?p=99036"},"modified":"2013-10-24T19:09:25","modified_gmt":"2013-10-24T19:09:25","slug":"montas-anuncia-gobierno-busca-mejora-en-logistica-rd","status":"publish","type":"post","link":"https:\/\/diariodominicano.com\/?p=99036","title":{"rendered":"Mont\u00e1s anuncia gobierno busca mejora en log\u00edstica RD"},"content":{"rendered":"<p><body><\/p>\n<p><img decoding=\"async\" src=\"img3\/taller.jpg\" \/>  <\/p>\n<p><span class=\"text1noticias\">Santo Domingo, RD, 24 de Octubre.-El ministro de Econom\u00eda, Planificaci\u00f3n y Desarrollo (MEPyD) abri\u00f3 este jueves en esta capital un taller sobre log\u00edstica y transporte auspiciado por el Banco Interamericano de Desarrollo (BID) y con la participaci\u00f3n de representantes de los sectores p\u00fablico y privado.<\/span><\/p>\n<\/p>\n<p><span class=\"text1noticias\">\tEl ingeniero Tem\u00edstocles Mont\u00e1s declar\u00f3 que con el taller el gobierno persigue  posicionar mejor y aun m\u00e1s el pa\u00eds en este mundo globalizado de hoy, en el que tambi\u00e9n trata de lograr una mejora en el desempe\u00f1o econ\u00f3mico y la competitividad en el corto y en el mediano plazo.<\/span><\/p>\n<\/p>\n<p><span class=\"text1noticias\">\tEl \u00abTaller Nacional de Servicios Log\u00edsticos y Transporte\u00bb, que concluir\u00e1 este viernes en el hotel Santo Domingo, debatir\u00e1 los resultados de un estudio regional que incluye a Rep\u00fablica Dominicana, sobre la log\u00edstica de carga y el comercio en Mesoam\u00e9rica y la pol\u00edtica de carga, lo cual es consistente con la Estrategia Nacional de Desarrollo.<\/span><\/p>\n<\/p>\n<p><span class=\"text1noticias\">\t\u00abDesde el gobierno lanzamos esta iniciativa acompa\u00f1ados del oportuno apoyo del BID y sus consultores, convencidos de que trazar los lineamientos y elaborar un Plan Estrat\u00e9gico en Log\u00edstica y Transporte Multimodal es un paso de avance hacia un mejor desempe\u00f1o de la econom\u00eda y la competitividad\u00bb, dijo Mont\u00e1s, en nota de la Unidad de Comunicaciones del Ministerio.<\/span><\/p>\n<\/p>\n<p><span class=\"text1noticias\">\tEn la mesa directiva estuvieron junto al ministro Mont\u00e1s, la representante del BID, Flora Montenegro, el director de Log\u00edstica del MEPyD, V\u00edctor Ventura, y los viceministros de Competitividad, Juan Reyes, y de Cooperaci\u00f3n Internacional, Inocencio Garc\u00eda. El ingeniero Enrique Liet, viceministro de supervisi\u00f3n y fiscalizaci\u00f3n de obras del Ministerio de Obras P\u00fablicas, y Morelia Mart\u00ednez, consultora del proyecto del BID.<\/span><\/p>\n<\/p>\n<p><span class=\"text1noticias\">\tPor su parte, Montealegre, la representante del BID, reconoci\u00f3 que la Rep\u00fablica Dominicana tiene un enorme potencial de desarrollo y expansi\u00f3n hacia nuevos mercados internacionales y cit\u00f3 entre otros ejemplo el DR-Cafta.<\/span><\/p>\n<\/p>\n<p><span class=\"text1noticias\">Empero sugiri\u00f3 complementar esa apertura con pol\u00edticas y con acciones que mejoren la competitividad de las medianas y de las peque\u00f1as empresas en particular, para que estas logren insertarse y permanecer en mercados globales altamente competitivos.<\/span><\/p>\n<p><span class=\"text1noticias\">\t<\/span><\/p>\n<p><span class=\"text1noticias\">Record\u00f3 que el comercio internacional se ha duplicado cada doce a\u00f1os entre 1971 y 2010, al crecer en promedio anual 6%, mientras que el PIB global lo ha hecho en aproximadamente 3.4% anual.  \u00abComo resultado, el comercio internacional, como porcentaje del producto interno bruto creci\u00f3 de un 20% en 1971 a un 51% en 2010\u00bb, indic\u00f3.<\/span><\/p>\n<\/p>\n<p><span class=\"text1noticias\">Dijo que el taller marca el inicio de un proceso que ayudar\u00e1 a la Rep\u00fablica Dominicana a encontrar las eficiencias que necesita, integrando en un mismo di\u00e1logo al sector p\u00fablico y al privado, lo que facilita los consensos y ayuda a superar disentimientos.<\/span><\/p>\n<\/p>\n<p><span class=\"text1noticias\">En el Plan Mesoam\u00e9rica participan adem\u00e1s Belice, Colombia, Costa Rica, El Salvador, Guatemala, Honduras, M\u00e9xico, Nicaragua y Panam\u00e1 bajo una estrategia que tiene entre sus objetivos facilitar el dise\u00f1o, la financiaci\u00f3n y la ejecuci\u00f3n de proyectos de integraci\u00f3n regional en infraestructura, conectividad, comercio y desarrollo social.<\/span><\/p>\n<\/p>\n<p><span class=\"text1noticias\">Luego la consultora del BID en materia de log\u00edstica en el pa\u00eds, Morelia Mart\u00ednez, explic\u00f3 a los participantes del sector p\u00fablico y privado el proceso, los objetivos y resultados esperados del taller.(HG)<\/span>. <\/p>\n<h6> 2013-10-24 19:09:25 <\/h6>\n<p><!--\n<link rel=\"stylesheet\" href=\"css\/bootstrap.min.css\">\n\n\n<ul class=\"pagination\">\n\t    \n\t\n\n<li >\n\t<a href='?page_no=14533'>Previous<\/a>\n\t<\/li>\n\n\n       \n    \n\n<li><a href='?page_no=1'>1<\/a><\/li>\n\n\n\n<li><a href='?page_no=2'>2<\/a><\/li>\n\n\n\n<li><a>...<\/a><\/li>\n\n\n\n<li><a href='?page_no=14532'>14532<\/a><\/li>\n\n\n\n<li><a href='?page_no=14533'>14533<\/a><\/li>\n\n\n\n<li class='active'><a>14534<\/a><\/li>\n\n\n\n<li><a href='?page_no=14535'>14535<\/a><\/li>\n\n\n\n<li><a href='?page_no=14536'>14536<\/a><\/li>\n\n\n\n<li><a>...<\/a><\/li>\n\n\n\n<li><a href='?page_no=30472'>30472<\/a><\/li>\n\n\n\n<li><a href='?page_no=30473'>30473<\/a><\/li>\n\n    \n\t\n\n<li >\n\t<a href='?page_no=14535'>Next<\/a>\n\t<\/li>\n\n\n    \n\n<li><a href='?page_no=30473'>Last &rsaquo;&rsaquo;<\/a><\/li>\n\n<\/ul>\n\n\n--><br \/>\n<\/body><\/p>\n","protected":false},"excerpt":{"rendered":"<p>Santo Domingo, RD, 24 de Octubre.-El ministro de Econom\u00eda, Planificaci\u00f3n y Desarrollo (MEPyD) abri\u00f3 este jueves en esta capital un taller sobre log\u00edstica y transporte auspiciado por el Banco Interamericano de Desarrollo (BID) y con la participaci\u00f3n de representantes de los sectores p\u00fablico y privado. El ingeniero Tem\u00edstocles Mont\u00e1s declar\u00f3 que con el taller el [&hellip;]<\/p>\n","protected":false},"author":3,"featured_media":0,"comment_status":"open","ping_status":"open","sticky":false,"template":"","format":"standard","meta":{"footnotes":""},"categories":[18],"tags":[],"class_list":["post-99036","post","type-post","status-publish","format-standard","hentry","category-economia"],"_links":{"self":[{"href":"https:\/\/diariodominicano.com\/index.php?rest_route=\/wp\/v2\/posts\/99036","targetHints":{"allow":["GET"]}}],"collection":[{"href":"https:\/\/diariodominicano.com\/index.php?rest_route=\/wp\/v2\/posts"}],"about":[{"href":"https:\/\/diariodominicano.com\/index.php?rest_route=\/wp\/v2\/types\/post"}],"author":[{"embeddable":true,"href":"https:\/\/diariodominicano.com\/index.php?rest_route=\/wp\/v2\/users\/3"}],"replies":[{"embeddable":true,"href":"https:\/\/diariodominicano.com\/index.php?rest_route=%2Fwp%2Fv2%2Fcomments&post=99036"}],"version-history":[{"count":0,"href":"https:\/\/diariodominicano.com\/index.php?rest_route=\/wp\/v2\/posts\/99036\/revisions"}],"wp:attachment":[{"href":"https:\/\/diariodominicano.com\/index.php?rest_route=%2Fwp%2Fv2%2Fmedia&parent=99036"}],"wp:term":[{"taxonomy":"category","embeddable":true,"href":"https:\/\/diariodominicano.com\/index.php?rest_route=%2Fwp%2Fv2%2Fcategories&post=99036"},{"taxonomy":"post_tag","embeddable":true,"href":"https:\/\/diariodominicano.com\/index.php?rest_route=%2Fwp%2Fv2%2Ftags&post=99036"}],"curies":[{"name":"wp","href":"https:\/\/api.w.org\/{rel}","templated":true}]}}