{"id":99035,"date":"2013-10-24T19:50:45","date_gmt":"2013-10-24T19:50:45","guid":{"rendered":"http:\/\/diariodominicano.ddns.net\/?p=99035"},"modified":"2013-10-24T19:50:45","modified_gmt":"2013-10-24T19:50:45","slug":"rd-ha-experimentado-un-notable-crecimiento-con-mas-de-700-cooperativas","status":"publish","type":"post","link":"https:\/\/diariodominicano.com\/?p=99035","title":{"rendered":"RD ha experimentado un notable crecimiento con m\u00e1s de 700  cooperativas"},"content":{"rendered":"<p><body><\/p>\n<p><img decoding=\"async\" src=\"img3\/cooperativismo.jpg\" \/>  <\/p>\n<p><span class=\"text1noticias\">Santo Domingo, RD, 24 de Octubre.-El movimiento cooperativo en Rep\u00fablica Dominicana ha experimentado un notable crecimiento con m\u00e1s de 700  cooperativas en operaci\u00f3n normal y con m\u00e1s de 800 en formaci\u00f3n, contando con un activo de m\u00e1s de 69 mil millones de pesos al a\u00f1o. <\/span><\/p>\n<\/p>\n<p><span class=\"text1noticias\">Asi lo afirm\u00f3, Williams R. Medrano, asesor del presidente de la Rep\u00fablica en materia de cooperativas, quien destac\u00f3 adem\u00e1s  que el sector cooperativo cuenta con una membresia de 1 mill\u00f3n 305 mil 632 socios, aportando tambi\u00e9n 59 mil  empleos a nivel nacional.  <\/span><\/p>\n<\/p>\n<p><span class=\"text1noticias\">\u00abEl cooperativismo puede detener y hasta revertir el deterioro actual en el poder adquisitivo de la poblaci\u00f3n, mejorando las condiciones de vida de la comunidad y contribuyendo al crecimiento aut\u00f3nomo y la sinerg\u00eda de la actividad empresarial cooperativa y de las micro, peque\u00f1as y medianas empresas\u00bb sostuvo el funcionario.<\/span><\/p>\n<\/p>\n<p><span class=\"text1noticias\">Asimimo, Medrano, felicit\u00f3 al sector cooperativo al celebrase este 25 de octubre el D\u00eda Nacional del Cooperativimo,  lo que coincide con los 50 a\u00f1os  de la  fundaci\u00f3n del Instituto de Desarrollo y Cr\u00e9dito Cooperativo(IDECOOP).<\/span><\/p>\n<\/p>\n<p><span class=\"text1noticias\">En ese sentido agreg\u00f3, que el gobierno dominicano se une al j\u00fabilo de los cooperativistas y reitera su colaboraci\u00f3n con el sector para la concienciaci\u00f3n especial  respecto a la apremiante necesidad de erradicar la pobreza, poniendo \u00e9nfasis en las contribuci\u00f3nes de las cooperativas(HG)<\/span>. <\/p>\n<h6> 2013-10-24 19:50:45 <\/h6>\n<p><!--\n<link rel=\"stylesheet\" href=\"css\/bootstrap.min.css\">\n\n\n<ul class=\"pagination\">\n\t    \n\t\n\n<li >\n\t<a href='?page_no=14532'>Previous<\/a>\n\t<\/li>\n\n\n       \n    \n\n<li><a href='?page_no=1'>1<\/a><\/li>\n\n\n\n<li><a href='?page_no=2'>2<\/a><\/li>\n\n\n\n<li><a>...<\/a><\/li>\n\n\n\n<li><a href='?page_no=14531'>14531<\/a><\/li>\n\n\n\n<li><a href='?page_no=14532'>14532<\/a><\/li>\n\n\n\n<li class='active'><a>14533<\/a><\/li>\n\n\n\n<li><a href='?page_no=14534'>14534<\/a><\/li>\n\n\n\n<li><a href='?page_no=14535'>14535<\/a><\/li>\n\n\n\n<li><a>...<\/a><\/li>\n\n\n\n<li><a href='?page_no=30472'>30472<\/a><\/li>\n\n\n\n<li><a href='?page_no=30473'>30473<\/a><\/li>\n\n    \n\t\n\n<li >\n\t<a href='?page_no=14534'>Next<\/a>\n\t<\/li>\n\n\n    \n\n<li><a href='?page_no=30473'>Last &rsaquo;&rsaquo;<\/a><\/li>\n\n<\/ul>\n\n\n--><br \/>\n<\/body><\/p>\n","protected":false},"excerpt":{"rendered":"<p>Santo Domingo, RD, 24 de Octubre.-El movimiento cooperativo en Rep\u00fablica Dominicana ha experimentado un notable crecimiento con m\u00e1s de 700 cooperativas en operaci\u00f3n normal y con m\u00e1s de 800 en formaci\u00f3n, contando con un activo de m\u00e1s de 69 mil millones de pesos al a\u00f1o. Asi lo afirm\u00f3, Williams R. Medrano, asesor del presidente de [&hellip;]<\/p>\n","protected":false},"author":3,"featured_media":0,"comment_status":"open","ping_status":"open","sticky":false,"template":"","format":"standard","meta":{"footnotes":""},"categories":[18],"tags":[],"class_list":["post-99035","post","type-post","status-publish","format-standard","hentry","category-economia"],"_links":{"self":[{"href":"https:\/\/diariodominicano.com\/index.php?rest_route=\/wp\/v2\/posts\/99035","targetHints":{"allow":["GET"]}}],"collection":[{"href":"https:\/\/diariodominicano.com\/index.php?rest_route=\/wp\/v2\/posts"}],"about":[{"href":"https:\/\/diariodominicano.com\/index.php?rest_route=\/wp\/v2\/types\/post"}],"author":[{"embeddable":true,"href":"https:\/\/diariodominicano.com\/index.php?rest_route=\/wp\/v2\/users\/3"}],"replies":[{"embeddable":true,"href":"https:\/\/diariodominicano.com\/index.php?rest_route=%2Fwp%2Fv2%2Fcomments&post=99035"}],"version-history":[{"count":0,"href":"https:\/\/diariodominicano.com\/index.php?rest_route=\/wp\/v2\/posts\/99035\/revisions"}],"wp:attachment":[{"href":"https:\/\/diariodominicano.com\/index.php?rest_route=%2Fwp%2Fv2%2Fmedia&parent=99035"}],"wp:term":[{"taxonomy":"category","embeddable":true,"href":"https:\/\/diariodominicano.com\/index.php?rest_route=%2Fwp%2Fv2%2Fcategories&post=99035"},{"taxonomy":"post_tag","embeddable":true,"href":"https:\/\/diariodominicano.com\/index.php?rest_route=%2Fwp%2Fv2%2Ftags&post=99035"}],"curies":[{"name":"wp","href":"https:\/\/api.w.org\/{rel}","templated":true}]}}