{"id":99034,"date":"2013-10-24T20:07:19","date_gmt":"2013-10-24T20:07:19","guid":{"rendered":"http:\/\/diariodominicano.ddns.net\/?p=99034"},"modified":"2013-10-24T20:07:19","modified_gmt":"2013-10-24T20:07:19","slug":"dos-senadores-peledeistas-impulsaran-modificaciones-a-la-ley-de-la-camara-de-cuentas","status":"publish","type":"post","link":"https:\/\/diariodominicano.com\/?p=99034","title":{"rendered":"Dos senadores peledeistas impulsar\u00e1n modificaciones a la ley de la C\u00e1mara de Cuentas"},"content":{"rendered":"<p><body><\/p>\n<p><span class=\"text1noticias\">Santo Domingo, RD, 24 de Octubre.-Charlie Mariotti, senador de la Rep\u00fablica por Monte Plata, dijo que la pr\u00f3xima tarea ser\u00e1 la de modificar la ley de la C\u00e1mara de Cuentas.<\/span><\/p>\n<p><span class=\"text1noticias\"> <\/span><\/p>\n<p><span class=\"text1noticias\">La propuesta de Mariotti fue secundada por el de San Crist\u00f3bal, Tommy Gal\u00e1n Grull\u00f3n.<\/span><\/p>\n<p><span class=\"text1noticias\"> <\/span><\/p>\n<p><span class=\"text1noticias\">\u00abTe acompa\u00f1o colega en esa iniciativa\u00bb, dijo Gal\u00e1n.<\/span><\/p>\n<p><span class=\"text1noticias\"> <\/span><\/p>\n<p><span class=\"text1noticias\">La autonom\u00eda, jerarqu\u00eda y atribuciones de la C\u00e1mara de Cuentas est\u00e1n determinadas por el art\u00edculo 78 y siguientes de la Constituci\u00f3n de la Rep\u00fablica y la Ley 130 promulgada el d\u00eda 2 de diciembre del a\u00f1o 1942.<\/span><\/p>\n<p><span class=\"text1noticias\"> <\/span><\/p>\n<p><span class=\"text1noticias\">Enpero en el 2004, fue modificada la Ley que cre\u00f3 la C\u00e1mara de Cuentas.<\/span><\/p>\n<p><span class=\"text1noticias\"> <\/span><\/p>\n<p><span class=\"text1noticias\">La Constituci\u00f3n de la Rep\u00fablica en su Art\u00edculo 248, precisa que habr\u00e1 una C\u00e1mara de Cuentas permanente, elegidos por el Senado de las ternas que le presente el Poder Ejecutivo.<\/span><\/p>\n<p><span class=\"text1noticias\"> <\/span><\/p>\n<p><span class=\"text1noticias\">Es un organismo fiscalizador del patrimonio p\u00fablico de la Rep\u00fablica Dominicana y encargado de dar descargo a los administradores por su gesti\u00f3n.(HG)<\/span>.<\/p>\n<\/p>\n<p>En la Ley 10-04 de enero del 2004 de la C\u00e1mara de Cuentas, buscaba reemplazar un r\u00e9gimen legal obsoleto, limitado e ineficaz para instaurar una din\u00e1mica transformadora que actualice el desarrollo institucional para un ejercicio m\u00e1s efectivo del control p\u00fablico en la Rep\u00fablica Dominicana.<\/p>\n<\/p>\n<h6> 2013-10-24 20:07:19 <\/h6>\n<p><!--\n<link rel=\"stylesheet\" href=\"css\/bootstrap.min.css\">\n\n\n<ul class=\"pagination\">\n\t    \n\t\n\n<li >\n\t<a href='?page_no=14531'>Previous<\/a>\n\t<\/li>\n\n\n       \n    \n\n<li><a href='?page_no=1'>1<\/a><\/li>\n\n\n\n<li><a href='?page_no=2'>2<\/a><\/li>\n\n\n\n<li><a>...<\/a><\/li>\n\n\n\n<li><a href='?page_no=14530'>14530<\/a><\/li>\n\n\n\n<li><a href='?page_no=14531'>14531<\/a><\/li>\n\n\n\n<li class='active'><a>14532<\/a><\/li>\n\n\n\n<li><a href='?page_no=14533'>14533<\/a><\/li>\n\n\n\n<li><a href='?page_no=14534'>14534<\/a><\/li>\n\n\n\n<li><a>...<\/a><\/li>\n\n\n\n<li><a href='?page_no=30472'>30472<\/a><\/li>\n\n\n\n<li><a href='?page_no=30473'>30473<\/a><\/li>\n\n    \n\t\n\n<li >\n\t<a href='?page_no=14533'>Next<\/a>\n\t<\/li>\n\n\n    \n\n<li><a href='?page_no=30473'>Last &rsaquo;&rsaquo;<\/a><\/li>\n\n<\/ul>\n\n\n--><br \/>\n<\/body><\/p>\n","protected":false},"excerpt":{"rendered":"<p>Santo Domingo, RD, 24 de Octubre.-Charlie Mariotti, senador de la Rep\u00fablica por Monte Plata, dijo que la pr\u00f3xima tarea ser\u00e1 la de modificar la ley de la C\u00e1mara de Cuentas. La propuesta de Mariotti fue secundada por el de San Crist\u00f3bal, Tommy Gal\u00e1n Grull\u00f3n. \u00abTe acompa\u00f1o colega en esa iniciativa\u00bb, dijo Gal\u00e1n. La autonom\u00eda, jerarqu\u00eda [&hellip;]<\/p>\n","protected":false},"author":3,"featured_media":0,"comment_status":"open","ping_status":"open","sticky":false,"template":"","format":"standard","meta":{"footnotes":""},"categories":[18],"tags":[],"class_list":["post-99034","post","type-post","status-publish","format-standard","hentry","category-economia"],"_links":{"self":[{"href":"https:\/\/diariodominicano.com\/index.php?rest_route=\/wp\/v2\/posts\/99034","targetHints":{"allow":["GET"]}}],"collection":[{"href":"https:\/\/diariodominicano.com\/index.php?rest_route=\/wp\/v2\/posts"}],"about":[{"href":"https:\/\/diariodominicano.com\/index.php?rest_route=\/wp\/v2\/types\/post"}],"author":[{"embeddable":true,"href":"https:\/\/diariodominicano.com\/index.php?rest_route=\/wp\/v2\/users\/3"}],"replies":[{"embeddable":true,"href":"https:\/\/diariodominicano.com\/index.php?rest_route=%2Fwp%2Fv2%2Fcomments&post=99034"}],"version-history":[{"count":0,"href":"https:\/\/diariodominicano.com\/index.php?rest_route=\/wp\/v2\/posts\/99034\/revisions"}],"wp:attachment":[{"href":"https:\/\/diariodominicano.com\/index.php?rest_route=%2Fwp%2Fv2%2Fmedia&parent=99034"}],"wp:term":[{"taxonomy":"category","embeddable":true,"href":"https:\/\/diariodominicano.com\/index.php?rest_route=%2Fwp%2Fv2%2Fcategories&post=99034"},{"taxonomy":"post_tag","embeddable":true,"href":"https:\/\/diariodominicano.com\/index.php?rest_route=%2Fwp%2Fv2%2Ftags&post=99034"}],"curies":[{"name":"wp","href":"https:\/\/api.w.org\/{rel}","templated":true}]}}