{"id":99033,"date":"2013-10-24T20:37:57","date_gmt":"2013-10-24T20:37:57","guid":{"rendered":"http:\/\/diariodominicano.ddns.net\/?p=99033"},"modified":"2013-10-24T20:37:57","modified_gmt":"2013-10-24T20:37:57","slug":"danilo-medina-en-premiacion-hacendados-y-agricultores-agricultura-crece-8-3","status":"publish","type":"post","link":"https:\/\/diariodominicano.com\/?p=99033","title":{"rendered":"Danilo Medina en premiaci\u00f3n hacendados y agricultores; Agricultura crece 8.3%&#13;"},"content":{"rendered":"<p><body><\/p>\n<p><img decoding=\"async\" src=\"img3\/ARROCERO.JPG\" \/><br \/><img decoding=\"async\" src=\"img3\/Danilopremia241013.jpg\" \/><br \/><img decoding=\"async\" src=\"img3\/danilo0003.jpg\" \/>  <\/p>\n<p><span class=\"text1noticias\">SANTO DOMINGO, RD, 24 de Octubre (DICOM).- Con la presencia del presidente Danilo Medina, la Asociaci\u00f3n Dominicana de Hacendados y Agricultores (ADHA), reconoci\u00f3 a 15 productores agropecuarios, con la entrega de la Medalla al M\u00e9rito, durante un acto celebrado en un hotel de la capital.<\/span><\/p>\n<\/p>\n<p><span class=\"text1noticias\">Entre los galardonados estuvieron la Asociaci\u00f3n de Mujeres hacia el Progreso de La Bombita, de Jaquimeyes, Barahona, quienes fueron premiadas en el rengl\u00f3n nuevas tecnolog\u00edas; la Asociaci\u00f3n de Mujeres Esperanza Unida, en agroindustria y el Centro de Acopio de Duverg\u00e9, por ganader\u00eda de leche.<\/span><\/p>\n<p><span class=\"text1noticias\"><strong>Crece 8.3%<\/strong><\/span><\/p>\n<\/p>\n<p><span class=\"text1noticias\">En la actividad, el ministro de Agricultura, Luis Ram\u00f3n Rodr\u00edguez, resalt\u00f3 que el crecimiento de un 8.3 experimentado por el sector agropecuario es producto de la correcta pol\u00edtica implementada.<\/span><\/p>\n<\/p>\n<p><span class=\"text1noticias\">Rodr\u00edguez explic\u00f3 que el Plan de Desarrollo Agropecuario incluye programas para el fortalecimiento de la seguridad alimentaria, la expansi\u00f3n de las agroexportaciones, la mitigaci\u00f3n de la pobreza y modernizaci\u00f3n de las instituciones p\u00fablicas del sector.<\/span><\/p>\n<\/p>\n<p><span class=\"text1noticias\">En ese sentido, afirm\u00f3 que el Gobierno ha inyectado m\u00e1s de 5 mil 500 millones de pesos en recursos para el desarrollo de la agropecuaria, de los cuales 3 mil 500 a trav\u00e9s del Banco Agr\u00edcola y otros 2 mil destinados a la l\u00ednea de cr\u00e9dito del Banco de Reservas.<\/span><\/p>\n<\/p>\n<p><span class=\"text1noticias\">Dijo que en adici\u00f3n a este monto fueron puestos a disposici\u00f3n del sector 4 mil millones de pesos, mediante la liberalizaci\u00f3n del encaje legal de la banca comercial y se especializaron fondos por mil millones de pesos para otorgar cr\u00e9ditos a organizaciones de peque\u00f1os y medianos productores.<\/span><\/p>\n<\/p>\n<p><span class=\"text1noticias\">\u00abFruto de esta pol\u00edtica de financiamiento, el cr\u00e9dito agropecuario otorgado por el Banco Agr\u00edcola durante los primeros 6 meses de este a\u00f1o alcanz\u00f3 el volumen de 6,612  millones frente a los 2,265 millones desembolsados para el mismo per\u00edodo del a\u00f1o 2012\u00bb, manifest\u00f3.<\/span><\/p>\n<\/p>\n<p><span class=\"text1noticias\">31,447 millones de pesos, cartera de cr\u00e9dito agropecuario<\/span><\/p>\n<p><span class=\"text1noticias\">Revel\u00f3 que por estas acciones se estima que la cartera consolidada de cr\u00e9dito agropecuario para este a\u00f1o, terminar\u00e1 en unos 31 mil 447 millones de pesos, generando un crecimiento acumulado de un 16% frente al a\u00f1o anterior.<\/span><\/p>\n<\/p>\n<p><span class=\"text1noticias\">Entre otras acciones de impacto, el ministro indic\u00f3 que los pr\u00e9stamos por 269 millones de pesos al sector ganadero, son otorgados a una tasa preferencial de 6%.<\/span><\/p>\n<\/p>\n<p><span class=\"text1noticias\">Cit\u00f3 adem\u00e1s el redise\u00f1o del programa de pignoraci\u00f3n de arroz y cebolla, as\u00ed como la eliminaci\u00f3n del otorgamiento discriminatorio de los permisos para la importaci\u00f3n de los contingentes arancelarios, creando la Bolsa Agroempresarial.<\/span><\/p>\n<\/p>\n<p><span class=\"text1noticias\">Sobre el eje de mitigaci\u00f3n de la pobreza rural, asegur\u00f3 que se desarroll\u00f3 un agresivo plan de acci\u00f3n, como la preparaci\u00f3n gratuita de suelos; la construcci\u00f3n de huertos familiares y escolares; la entrega de semillas, pl\u00e1ntulas y material de siembra,  fertilizantes y plaguicidas para el combate de plagas y enfermedades, as\u00ed como la asistencia t\u00e9cnica y rehabilitaci\u00f3n de plantaciones, especialmente afectadas por eventos meteorol\u00f3gicos adversos.<\/span><\/p>\n<\/p>\n<p><span class=\"text1noticias\">\u00abLa inversi\u00f3n del Gobierno como apoyo directo a la producci\u00f3n durante el a\u00f1o que termina alcanz\u00f3 el monto de 3,506 millones de pesos, destac\u00e1ndose de manera muy puntual la de 188 millones en la construcci\u00f3n y reconstrucci\u00f3n de unos 3,000 kil\u00f3metros de caminos productivos en 27 provincias del pa\u00eds\u00bb, afirm\u00f3.<\/span><\/p>\n<\/p>\n<p><span class=\"text1noticias\">\u00abDanilo Medina tiene buena voluntad hacia los productores agropecuarios\u00bb: Ricardo Barcel\u00f3<\/span><\/p>\n<p><span class=\"text1noticias\">Mientras, el presidente de la Asociaci\u00f3n, Ricardo Barcel\u00f3, destac\u00f3 la buena voluntad del  presidente Danilo Medina y del Gobierno hacia los productores agropecuarios a quienes convoc\u00f3 a aportar recursos para elaborar planes junto al Gobierno que mejoren los niveles de competitividad que las mercados reclaman.<\/span><\/p>\n<\/p>\n<p><span class=\"text1noticias\">A nombre de los productores reconocidos habl\u00f3 Jos\u00e9 Mauricio Fern\u00e1ndez de Fenarroz.<\/span><\/p>\n<\/p>\n<p><span class=\"text1noticias\">Presentes, adem\u00e1s del ministro de Agricultura, Luis Ram\u00f3n Rodr\u00edguez, el ministro Administrativo de la Presidencia, Jos\u00e9 Ram\u00f3n Peralta, el pasado presidente de la ADHA, Ces\u00e1reo Contreras y los vicepresidentes de  esa entidad, Miguel Eneas Savi\u00f1\u00f3n y Jos\u00e9 Mar\u00eda Cabral Vega.<\/span><\/p>\n<\/p>\n<\/p>\n<p><strong><span class=\"text1noticias\">Ministro pondera crecimiento <\/span><\/strong><\/p>\n<\/p>\n<p><span class=\"text1noticias\">Rodr\u00edguez destac\u00f3 que el extraordinario crecimiento experimentado por el sector agropecuario de 8.3, es el fruto de la correcta  pol\u00edtica aplicada por el presidente Danilo Medina en favor de los productores de la Rep\u00fablica Dominicana.<\/span><\/p>\n<p><span class=\"text1noticias\"> <\/span><\/p>\n<p><span class=\"text1noticias\">Sostuvo que  este dinamismo se refleja en la generaci\u00f3n de 14 mil nuevos puestos de trabajo en sectores claves del campo que han experimentado un notable desarrollo productivo.<\/span><\/p>\n<p><span class=\"text1noticias\"> <\/span><\/p>\n<p><span class=\"text1noticias\">Para el ministro de Agricultura estos resultados positivos son el producto del plan de desarrollo agropecuario del presidente Medina que descansa en cuatro ejes  que incluyen programas para el fortalecimiento de la seguridad alimentaria; el fomento y la expansi\u00f3n de las agroexportaciones;   la mitigaci\u00f3n de la pobreza rural y el compromiso de reformar y modernizar las instituciones p\u00fablicas del sector.<\/span><\/p>\n<p><span class=\"text1noticias\"> <\/span><\/p>\n<p><span class=\"text1noticias\">Destac\u00f3 que como parte de este programa, el jefe de Estado dise\u00f1\u00f3 un esquema de financiamiento dual, el que represent\u00f3 la inyecci\u00f3n de 3,500 millones de pesos al Banco Agr\u00edcola y la creaci\u00f3n de una l\u00ednea de cr\u00e9dito a trav\u00e9s del Banco de Reservas por otros 2,000 millones, para alcanzar 5,500 millones de pesos en recursos frescos para la agropecuaria.<\/span><\/p>\n<p><span class=\"text1noticias\"> <\/span><\/p>\n<p><span class=\"text1noticias\">Adicionalmente, dijo que se dispuso de unos 4,000 millones de pesos a trav\u00e9s de  liberaci\u00f3n de encaje legal a la banca comercial privada; y  se especializaron fondos por 1,000 millones de pesos para otorgar cr\u00e9ditos a organizaciones integradas por peque\u00f1os y medianos productores.<\/span><\/p>\n<p><span class=\"text1noticias\"> <\/span><\/p>\n<p><span class=\"text1noticias\">\u00abFruto de esta pol\u00edtica de financiamiento, el cr\u00e9dito agropecuario otorgado por el Banco Agr\u00edcola durante los primeros 6 meses de este a\u00f1o alcanz\u00f3 el volumen de 6,612  millones, frente a los 2,265 millones  desembolsados para el mismo per\u00edodo del a\u00f1o 2012\u00bb, manifest\u00f3.<\/span><\/p>\n<p><span class=\"text1noticias\"> <\/span><\/p>\n<p><span class=\"text1noticias\">Rodr\u00edguez  revel\u00f3 que por estas y otras acciones de financiamientos es que se estima que la cartera consolidada de cr\u00e9dito agropecuario para el 2013 terminar\u00e1  en unos 31,447 millones de pesos, para un crecimiento acumulado de 16 %, frente al a\u00f1o anterior.<\/span><\/p>\n<p><span class=\"text1noticias\"> <\/span><\/p>\n<p><span class=\"text1noticias\">Al destacar el impacto que ha tenido en el sector la ampliaci\u00f3n de la disponibilidad de recursos para la producci\u00f3n, dijo que no s\u00f3lo ha favorecido a los productores agr\u00edcolas, sino tambi\u00e9n el sector ganadero, en especialmente a los productores de leche los cuales recibieron pr\u00e9stamos por un monto de 269 millones de pesos,  a una tasa preferencial de  6 % anual, lo que se ha traducido en mayores inversiones en ese subsector y un impacto en la producci\u00f3n  de m\u00e1s de 100 millones de litros en un a\u00f1o.<\/span><\/p>\n<p><span class=\"text1noticias\"> <\/span><\/p>\n<p><span class=\"text1noticias\">Rentabilidad<\/span><\/p>\n<p><span class=\"text1noticias\"> <\/span><\/p>\n<p><span class=\"text1noticias\">Otra medida que destac\u00f3 el ministro de Agricultura fue el redise\u00f1o del programa de pignoraci\u00f3n de arroz y cebolla, lo que permiti\u00f3 a los productores alcanzar la rentabilidad, al recibir mejores precios por sus cosechas y un alto nivel de certeza en la comercializaci\u00f3n.<\/span><\/p>\n<p><span class=\"text1noticias\"> <\/span><\/p>\n<p><span class=\"text1noticias\">Dijo que tambi\u00e9n el Presidente, para promover el  crecimiento sectorial, elimin\u00f3 el otorgamiento discriminatorio de los permisos para la importaci\u00f3n de los contingentes arancelarios de la Rectificaci\u00f3n T\u00e9cnica de la OMC, transform\u00e1ndolo en un sistema transparente de venta p\u00fablica  en la Bolsa Agroempresarial Dominicana.<\/span><\/p>\n<p><span class=\"text1noticias\"> <\/span><\/p>\n<p><span class=\"text1noticias\">\u00abEsta medida ha terminado con la angustia permanente de los productores de ajo, arroz, cebolla, papa y leche ya que las importaciones desmedidas de estos bienes deprim\u00edan los precios internos ocasionando cuantiosas p\u00e9rdidas a los productores\u00bb, asegur\u00f3.<\/span><\/p>\n<p><span class=\"text1noticias\"> <\/span><\/p>\n<p><span class=\"text1noticias\">Sobre el eje de mitigaci\u00f3n de la pobreza rural, asegur\u00f3 que se desarroll\u00f3 un agresivo plan de acci\u00f3n, como la preparaci\u00f3n gratuita de suelos; la construcci\u00f3n de huertos familiares y escolares; la entrega de semillas, pl\u00e1ntulas y material de siembra,  fertilizantes y plaguicidas para el combate de plagas y enfermedades as\u00ed como la asistencia t\u00e9cnica y la rehabilitaci\u00f3n de plantaciones, especialmente afectadas por eventos meteorol\u00f3gicos adversos.<\/span><\/p>\n<p><span class=\"text1noticias\"> <\/span><\/p>\n<p><span class=\"text1noticias\">\u00abLa inversi\u00f3n del gobierno como apoyo directo a la producci\u00f3n durante el a\u00f1o que termina alcanz\u00f3 el monto de 3,506 millones de pesos, destac\u00e1ndose de manera muy puntual la inversi\u00f3n de 188 millones en la construcci\u00f3n y reconstrucci\u00f3n de unos 3,000 kil\u00f3metros de caminos productivos en 27 provincias del pa\u00eds\u00bb, afirm\u00f3. <\/span><\/p>\n<p><span class=\"text1noticias\"> <\/span><\/p>\n<p><span class=\"text1noticias\">Sobre las exportaciones de banano, asegur\u00f3 que gracias a la implementaci\u00f3n de un programa de aplicaci\u00f3n de plaguicidas y manejo integrado de la Sigatoka Negra,  \u00a8logramos, junto a los productores, incrementar la productividad, alcanzando un nivel hist\u00f3rico de exportaci\u00f3n de $250 millones de d\u00f3lares, convirtiendo al banano en nuestro principal producto agropecuario de exportaci\u00f3n\u00a8. <\/span><\/p>\n<p><span class=\"text1noticias\"> <\/span><\/p>\n<p><span class=\"text1noticias\">Medalla de honor<\/span><\/p>\n<p><span class=\"text1noticias\"> <\/span><\/p>\n<p><span class=\"text1noticias\">El ministro de Agricultura dio estas informaciones al pronunciar el discurso central en el acto encabezado por el presidente Danilo Medina, durante el cual la Asociaci\u00f3n Dominicana de Hacendados y Agricultores (ADHA), reconoci\u00f3 a 15 destacados productores de diferentes a\u00e9reas agropecuarias.<\/span><\/p>\n<p><span class=\"text1noticias\"> <\/span><\/p>\n<p><span class=\"text1noticias\">En la actividad asistieron tambi\u00e9n, el ministro administrativo de la Presidencia, Jos\u00e9 Ram\u00f3n Peralta, as\u00ed como los miembros directivos de la ADHA, encabezado por su presidente, Ricardo Barcel\u00f3, quien estuvo a cargo las palabras de bienvenida.<\/span><\/p>\n<p><span class=\"text1noticias\"> <\/span><\/p>\n<p><span class=\"text1noticias\">Igualmente,  participaron los viceministros de Agricultura, Ismael Cruz; Luis Guti\u00e9rrez, Luis Yang\u00fcela y Agnes Cishek, as\u00ed como el administrador del Banco Agr\u00edcola, \u00c1ngel Est\u00e9vez; el director de la Unidad Ejecutoria de Pignoraci\u00f3n, Edgar Camilo, y cientos de productores de los diferentes sectores agropecuarios.<\/span><\/p>\n<p><span class=\"text1noticias\"> <\/span><\/p>\n<p><span class=\"text1noticias\">La bendici\u00f3n del acto fue impartida por el reverendo Francisco Ventura, mientras que las palabras de gracias a nombres de los productores homenajeados estuvieron a cargo de Jos\u00e9 Mauricio Fern\u00e1ndez, quien recibi\u00f3 una medalla de oro por sus aportes al desarrollo del cultivo del arroz.<\/span><\/p>\n<p><span class=\"text1noticias\"> <\/span><\/p>\n<p><span class=\"text1noticias\">\u00abDanilo Medina tiene buena voluntad hacia los productores agropecuarios\u00bb: Ricardo Barcel\u00f3<\/span><\/p>\n<p><span class=\"text1noticias\"> <\/span><\/p>\n<p><span class=\"text1noticias\">Mientras, el presidente de la Asociaci\u00f3n, Ricardo Barcel\u00f3, destac\u00f3 la buena voluntad del  presidente Danilo Medina y del Gobierno hacia los productores agropecuarios a quienes convoc\u00f3 a aportar recursos para elaborar planes junto al Gobierno que mejoren los niveles de competitividad que las mercados reclaman.<\/span><\/p>\n<p><span class=\"text1noticias\"> <\/span><\/p>\n<p><span class=\"text1noticias\">A nombre de los productores reconocidos habl\u00f3 Jos\u00e9 Mauricio Fern\u00e1ndez de Fenarroz<\/span><\/p>\n<p><span class=\"text1noticias\"> <\/span><\/p>\n<p><span class=\"text1noticias\">Presentes, adem\u00e1s del ministro de Agricultura, Luis Ram\u00f3n Rodr\u00edguez, el ministro Administrativo de la Presidencia, Jos\u00e9 Ram\u00f3n Peralta, el pasado presidente de la ADHA, Ces\u00e1reo Contreras y los vicepresidentes de  esa entidad, Miguel Eneas Savi\u00f1\u00f3n y Jos\u00e9 Mar\u00eda Cabral Vega.<\/span><\/p>\n<p><span class=\"text1noticias\"> <\/span><\/p>\n<p><span class=\"text1noticias\">8.3%<\/span><\/p>\n<p><span class=\"text1noticias\">En la actividad, el ministro de Agricultura, Luis Ram\u00f3n Rodr\u00edguez, resalt\u00f3 que el crecimiento de un 8.3 experimentado por el sector agropecuario es producto de la correcta pol\u00edtica implementada.<\/span><\/p>\n<p><span class=\"text1noticias\"> <\/span><\/p>\n<p><span class=\"text1noticias\">Rodr\u00edguez explic\u00f3 que el Plan de Desarrollo Agropecuario incluye programas para el fortalecimiento de la seguridad alimentaria, la expansi\u00f3n de las agroexportaciones, la mitigaci\u00f3n de la pobreza y modernizaci\u00f3n de las instituciones p\u00fablicas del sector.<\/span><\/p>\n<p><span class=\"text1noticias\"> <\/span><\/p>\n<p><span class=\"text1noticias\">En ese sentido, afirm\u00f3 que el Gobierno ha inyectado m\u00e1s de 5 mil 500 millones de pesos en recursos para el desarrollo de la agropecuaria, de los cuales 3 mil 500 a trav\u00e9s del Banco Agr\u00edcola y otros 2 mil destinados a la l\u00ednea de cr\u00e9dito del Banco de Reservas.<\/span><\/p>\n<p><span class=\"text1noticias\"> <\/span><\/p>\n<p><span class=\"text1noticias\">Dijo que en adici\u00f3n a este monto fueron puestos a disposici\u00f3n del sector 4 mil millones de pesos, mediante la liberalizaci\u00f3n del encaje legal de la banca comercial y se especializaron fondos por mil millones de pesos para otorgar cr\u00e9ditos a organizaciones de peque\u00f1os y medianos productores.<\/span><\/p>\n<p><span class=\"text1noticias\"> <\/span><\/p>\n<p><span class=\"text1noticias\">\u00abFruto de esta pol\u00edtica de financiamiento, el cr\u00e9dito agropecuario otorgado por el Banco Agr\u00edcola durante los primeros 6 meses de este a\u00f1o alcanz\u00f3 el volumen de 6,612  millones frente a los 2,265 millones desembolsados para el mismo per\u00edodo del a\u00f1o 2012\u00bb, manifest\u00f3.<\/span><\/p>\n<p><span class=\"text1noticias\"> <\/span><\/p>\n<p><span class=\"text1noticias\">31,447 millones de pesos, cartera de cr\u00e9dito agropecuario<\/span><\/p>\n<p><span class=\"text1noticias\">Revel\u00f3 que por estas acciones se estima que la cartera consolidada de cr\u00e9dito agropecuario para este a\u00f1o, terminar\u00e1 en unos 31 mil 447 millones de pesos, generando un crecimiento acumulado de un 16% frente al a\u00f1o anterior.<\/span><\/p>\n<p><span class=\"text1noticias\"> <\/span><\/p>\n<p><span class=\"text1noticias\">Entre otras acciones de impacto, el ministro indic\u00f3 que los pr\u00e9stamos por 269 millones de pesos al sector ganadero, son otorgados a una tasa preferencial de 6%.<\/span><\/p>\n<p><span class=\"text1noticias\"> <\/span><\/p>\n<p><span class=\"text1noticias\">Cit\u00f3 adem\u00e1s el redise\u00f1o del programa de pignoraci\u00f3n de arroz y cebolla, as\u00ed como la eliminaci\u00f3n del otorgamiento discriminatorio de los permisos para la importaci\u00f3n de los contingentes arancelarios, creando la Bolsa Agroempresarial.<\/span><\/p>\n<p><span class=\"text1noticias\"> <\/span><\/p>\n<p><span class=\"text1noticias\">Sobre el eje de mitigaci\u00f3n de la pobreza rural, asegur\u00f3 que se desarroll\u00f3 un agresivo plan de acci\u00f3n, como la preparaci\u00f3n gratuita de suelos; la construcci\u00f3n de huertos familiares y escolares; la entrega de semillas, pl\u00e1ntulas y material de siembra,  fertilizantes y plaguicidas para el combate de plagas y enfermedades, as\u00ed como la asistencia t\u00e9cnica y rehabilitaci\u00f3n de plantaciones, especialmente afectadas por eventos meteorol\u00f3gicos adversos.<\/span><\/p>\n<p><span class=\"text1noticias\"> <\/span><\/p>\n<p><span class=\"text1noticias\">\u00abLa inversi\u00f3n del Gobierno como apoyo directo a la producci\u00f3n durante el a\u00f1o que termina alcanz\u00f3 el monto de 3,506 millones de pesos, destac\u00e1ndose de manera muy puntual la de 188 millones en la construcci\u00f3n y reconstrucci\u00f3n de unos 3,000 kil\u00f3metros de caminos productivos en 27 provincias del pa\u00eds\u00bb, afirm\u00f3.<\/span><\/p>\n<p><span class=\"text1noticias\"> <\/span><\/p>\n<p><span class=\"text1noticias\"> <\/span><\/p>\n<p><span class=\"text1noticias\"> <\/span><\/p>\n<h6> 2013-10-24 20:37:57 <\/h6>\n<p><!--\n<link rel=\"stylesheet\" href=\"css\/bootstrap.min.css\">\n\n\n<ul class=\"pagination\">\n\t    \n\t\n\n<li >\n\t<a href='?page_no=14530'>Previous<\/a>\n\t<\/li>\n\n\n       \n    \n\n<li><a href='?page_no=1'>1<\/a><\/li>\n\n\n\n<li><a href='?page_no=2'>2<\/a><\/li>\n\n\n\n<li><a>...<\/a><\/li>\n\n\n\n<li><a href='?page_no=14529'>14529<\/a><\/li>\n\n\n\n<li><a href='?page_no=14530'>14530<\/a><\/li>\n\n\n\n<li class='active'><a>14531<\/a><\/li>\n\n\n\n<li><a href='?page_no=14532'>14532<\/a><\/li>\n\n\n\n<li><a href='?page_no=14533'>14533<\/a><\/li>\n\n\n\n<li><a>...<\/a><\/li>\n\n\n\n<li><a href='?page_no=30472'>30472<\/a><\/li>\n\n\n\n<li><a href='?page_no=30473'>30473<\/a><\/li>\n\n    \n\t\n\n<li >\n\t<a href='?page_no=14532'>Next<\/a>\n\t<\/li>\n\n\n    \n\n<li><a href='?page_no=30473'>Last &rsaquo;&rsaquo;<\/a><\/li>\n\n<\/ul>\n\n\n--><br \/>\n<\/body><\/p>\n","protected":false},"excerpt":{"rendered":"<p>SANTO DOMINGO, RD, 24 de Octubre (DICOM).- Con la presencia del presidente Danilo Medina, la Asociaci\u00f3n Dominicana de Hacendados y Agricultores (ADHA), reconoci\u00f3 a 15 productores agropecuarios, con la entrega de la Medalla al M\u00e9rito, durante un acto celebrado en un hotel de la capital. Entre los galardonados estuvieron la Asociaci\u00f3n de Mujeres hacia el [&hellip;]<\/p>\n","protected":false},"author":3,"featured_media":0,"comment_status":"open","ping_status":"open","sticky":false,"template":"","format":"standard","meta":{"footnotes":""},"categories":[18],"tags":[],"class_list":["post-99033","post","type-post","status-publish","format-standard","hentry","category-economia"],"_links":{"self":[{"href":"https:\/\/diariodominicano.com\/index.php?rest_route=\/wp\/v2\/posts\/99033","targetHints":{"allow":["GET"]}}],"collection":[{"href":"https:\/\/diariodominicano.com\/index.php?rest_route=\/wp\/v2\/posts"}],"about":[{"href":"https:\/\/diariodominicano.com\/index.php?rest_route=\/wp\/v2\/types\/post"}],"author":[{"embeddable":true,"href":"https:\/\/diariodominicano.com\/index.php?rest_route=\/wp\/v2\/users\/3"}],"replies":[{"embeddable":true,"href":"https:\/\/diariodominicano.com\/index.php?rest_route=%2Fwp%2Fv2%2Fcomments&post=99033"}],"version-history":[{"count":0,"href":"https:\/\/diariodominicano.com\/index.php?rest_route=\/wp\/v2\/posts\/99033\/revisions"}],"wp:attachment":[{"href":"https:\/\/diariodominicano.com\/index.php?rest_route=%2Fwp%2Fv2%2Fmedia&parent=99033"}],"wp:term":[{"taxonomy":"category","embeddable":true,"href":"https:\/\/diariodominicano.com\/index.php?rest_route=%2Fwp%2Fv2%2Fcategories&post=99033"},{"taxonomy":"post_tag","embeddable":true,"href":"https:\/\/diariodominicano.com\/index.php?rest_route=%2Fwp%2Fv2%2Ftags&post=99033"}],"curies":[{"name":"wp","href":"https:\/\/api.w.org\/{rel}","templated":true}]}}