{"id":99030,"date":"2013-10-25T12:54:19","date_gmt":"2013-10-25T12:54:19","guid":{"rendered":"http:\/\/diariodominicano.ddns.net\/?p=99030"},"modified":"2013-10-25T12:54:19","modified_gmt":"2013-10-25T12:54:19","slug":"denuncian-altas-tarifas-electricas-en-la-ciudad-colonial","status":"publish","type":"post","link":"https:\/\/diariodominicano.com\/?p=99030","title":{"rendered":"Denuncian Altas Tarifas El\u00e9ctricas en la Ciudad Colonial"},"content":{"rendered":"<p><body><\/p>\n<p><img decoding=\"async\" src=\"img3\/protesta 25.jpg\" \/>  <\/p>\n<p>Santo Domingo RD 25 octubre-. Los moradores de la Ciudad Colonial denuncian que sus facturas el\u00e9ctricas en los \u00faltimos meses se han disparado indiscriminadamente, lo cual a causado que muchos negocios est\u00e9n al borde de la quiebra y ha llevado la desesperaci\u00f3n a los hogares de ese sector.<\/p>\n<\/p>\n<p>Las alzas en las tarifas el\u00e9ctricas se han elevado hasta en un 400% ya que personas que pagaban  3 mil pesos ahora est\u00e1n pagando m\u00e1s de 13 mil, esto seg\u00fan la se\u00f1ora Yulisa Pe\u00f1a quien mostr\u00f3 sus facturas donde se puede constatar que esa es la realidad.<\/p>\n<\/p>\n<p>Sostienen que  en esa zona hay un alto porcentaje de personas envejecientes que muchas veces viven solas y que encienden  pocos aparatos en sus casas, por lo cual no se explican el porque de esas alzas en sus tarifas el\u00e9ctricas, tal es el caso de la se\u00f1ora Margarita Peguero la cual vive en la calle Hostos numero uno y afirma que su factura se elevo desde 1000 pesos hasta los 6 mil y que para poner la cuenta a su nombre le cobraron 2300, algo que ella considera como un abuso. <\/p>\n<\/p>\n<p>Tambi\u00e9n los due\u00f1os de colmados est\u00e1n con el grito al cielo, ya que seg\u00fan ellos las tarifas todos los meses llegan m\u00e1s caras, a pesar de que toman medidas para economizar la energ\u00eda como bajar los interruptores, o desconectar todo en las noches despu\u00e9s que cierran.<\/p>\n<\/p>\n<p>En ese sentido la se\u00f1ora Prudencia Fern\u00e1ndez Presidenta de la Junta de Vecinos manifest\u00f3 que esas tarifas son insostenibles para los moradores y pr\u00e1cticamente le resultan imposibles pagar esos montos tan altos, sostiene que esta situaci\u00f3n a colocado en peligro la clase media que ha sido la mas golpeada en este pa\u00eds. <\/p>\n<\/p>\n<p>ADVERTEN:<\/p>\n<\/p>\n<p>Le piden a las autoridades de las CDEEE tomar cartas en el asunto lo mas pronto posible de contrario se ver\u00e1n forzados a retirar todos los cantadores del \u00e1rea como medida de protesta pacifica.<\/p>\n<h6> 2013-10-25 12:54:19 <\/h6>\n<p><!--\n<link rel=\"stylesheet\" href=\"css\/bootstrap.min.css\">\n\n\n<ul class=\"pagination\">\n\t    \n\t\n\n<li >\n\t<a href='?page_no=14528'>Previous<\/a>\n\t<\/li>\n\n\n       \n    \n\n<li><a href='?page_no=1'>1<\/a><\/li>\n\n\n\n<li><a href='?page_no=2'>2<\/a><\/li>\n\n\n\n<li><a>...<\/a><\/li>\n\n\n\n<li><a href='?page_no=14527'>14527<\/a><\/li>\n\n\n\n<li><a href='?page_no=14528'>14528<\/a><\/li>\n\n\n\n<li class='active'><a>14529<\/a><\/li>\n\n\n\n<li><a href='?page_no=14530'>14530<\/a><\/li>\n\n\n\n<li><a href='?page_no=14531'>14531<\/a><\/li>\n\n\n\n<li><a>...<\/a><\/li>\n\n\n\n<li><a href='?page_no=30472'>30472<\/a><\/li>\n\n\n\n<li><a href='?page_no=30473'>30473<\/a><\/li>\n\n    \n\t\n\n<li >\n\t<a href='?page_no=14530'>Next<\/a>\n\t<\/li>\n\n\n    \n\n<li><a href='?page_no=30473'>Last &rsaquo;&rsaquo;<\/a><\/li>\n\n<\/ul>\n\n\n--><br \/>\n<\/body><\/p>\n","protected":false},"excerpt":{"rendered":"<p>Santo Domingo RD 25 octubre-. Los moradores de la Ciudad Colonial denuncian que sus facturas el\u00e9ctricas en los \u00faltimos meses se han disparado indiscriminadamente, lo cual a causado que muchos negocios est\u00e9n al borde de la quiebra y ha llevado la desesperaci\u00f3n a los hogares de ese sector. Las alzas en las tarifas el\u00e9ctricas se [&hellip;]<\/p>\n","protected":false},"author":3,"featured_media":0,"comment_status":"open","ping_status":"open","sticky":false,"template":"","format":"standard","meta":{"footnotes":""},"categories":[18],"tags":[],"class_list":["post-99030","post","type-post","status-publish","format-standard","hentry","category-economia"],"_links":{"self":[{"href":"https:\/\/diariodominicano.com\/index.php?rest_route=\/wp\/v2\/posts\/99030","targetHints":{"allow":["GET"]}}],"collection":[{"href":"https:\/\/diariodominicano.com\/index.php?rest_route=\/wp\/v2\/posts"}],"about":[{"href":"https:\/\/diariodominicano.com\/index.php?rest_route=\/wp\/v2\/types\/post"}],"author":[{"embeddable":true,"href":"https:\/\/diariodominicano.com\/index.php?rest_route=\/wp\/v2\/users\/3"}],"replies":[{"embeddable":true,"href":"https:\/\/diariodominicano.com\/index.php?rest_route=%2Fwp%2Fv2%2Fcomments&post=99030"}],"version-history":[{"count":0,"href":"https:\/\/diariodominicano.com\/index.php?rest_route=\/wp\/v2\/posts\/99030\/revisions"}],"wp:attachment":[{"href":"https:\/\/diariodominicano.com\/index.php?rest_route=%2Fwp%2Fv2%2Fmedia&parent=99030"}],"wp:term":[{"taxonomy":"category","embeddable":true,"href":"https:\/\/diariodominicano.com\/index.php?rest_route=%2Fwp%2Fv2%2Fcategories&post=99030"},{"taxonomy":"post_tag","embeddable":true,"href":"https:\/\/diariodominicano.com\/index.php?rest_route=%2Fwp%2Fv2%2Ftags&post=99030"}],"curies":[{"name":"wp","href":"https:\/\/api.w.org\/{rel}","templated":true}]}}