{"id":99023,"date":"2013-10-25T19:49:54","date_gmt":"2013-10-25T19:49:54","guid":{"rendered":"http:\/\/diariodominicano.ddns.net\/?p=99023"},"modified":"2013-10-25T19:49:54","modified_gmt":"2013-10-25T19:49:54","slug":"rd-anuncia-la-tercera-etapa-de-empleo-juvenil","status":"publish","type":"post","link":"https:\/\/diariodominicano.com\/?p=99023","title":{"rendered":"&#13;RD anuncia la tercera etapa de empleo juvenil"},"content":{"rendered":"<p><body><\/p>\n<\/p>\n<\/p>\n<p>Santo Domingo, RD, 25 de octubre.- La Rep\u00fablica Dominicana anunci\u00f3 este viernes la preparaci\u00f3n de la puesta en marcha de la tercera etapa del proyecto de empleo juvenil en zonas vulnerables a inicios del a\u00f1o pr\u00f3ximo, en un acto en el Palacio Nacional donde rindi\u00f3 cuentas del cierre de la segunda etapa.<\/p>\n<\/p>\n<p>La ministra de Trabajo, Maritza Hern\u00e1ndez, quien pronunci\u00f3 el discurso oficial en el sal\u00f3n verde, inform\u00f3 que en la segunda etapa del proyecto participaron 945 j\u00f3venes del Distrito Nacional y de diez provincias, de los cuales 901 (96%) concluyeron el curso de auto-empleo.<\/p>\n<\/p>\n<p>Otros 802 j\u00f3venes (89%) formularon sus planes de negocio, 177 (20%) lograron emplearse y 176 (22%) abrieron negocios con recursos familiares, mientras que 32 (4%) recibieron micro cr\u00e9ditos de Promipyme y de otras financieras. La Cooperativa de la Federaci\u00f3n de Productores y Campesinos de Azua concedi\u00f3 micro cr\u00e9ditos a 30 j\u00f3venes de esa provincia. <\/p>\n<\/p>\n<p>La Unidad de Comunicaciones del Ministerio de Econom\u00eda, Planificaci\u00f3n y Desarrollo, que participa en la coordinaci\u00f3n y ejecuci\u00f3n del proyecto, inform\u00f3 que otros 124 j\u00f3venes pretenden instalar negocios con sus propios recursos y 581 (52%) se interesaron en los microcr\u00e9ditos. <\/p>\n<\/p>\n<p>El proyecto permiti\u00f3 adem\u00e1s capacitar a 220 profesionales dominicanos en metodolog\u00eda de emprendimiento juvenil, instruidos por t\u00e9cnicos de agencias de cooperaci\u00f3n de Chile y de Alemania.<\/p>\n<\/p>\n<p>Entre tanto, de los 247 profesores 56 fueron multiplicadores que transmitieron sus conocimientos y formaron a otros facilitadores, por lo que tambi\u00e9n recibieron la Gu\u00eda del Facilitador con la estrategia de aprendizaje en aula.<\/p>\n<\/p>\n<p>En la apertura del acto, el viceministro de Cooperaci\u00f3n Internacional del Ministerio de Econom\u00eda, Planificaci\u00f3n y Desarrollo, Inocencio Garc\u00eda Javier, habl\u00f3 sobre la inclusi\u00f3n del empleo juvenil en las metas presidenciales, en las pol\u00edticas p\u00fablicas y en los objetivos de la Estrategia Nacional de Desarrollo.  <\/p>\n<\/p>\n<p>Observ\u00f3 que aun cuando la seguridad ciudadana no figura entre los objetivos del proyecto, el empleo juvenil contribuye a impedir que el crimen organizado pueda cooptar a los j\u00f3venes para delinquir.<\/p>\n<\/p>\n<p>La coordinaci\u00f3n y la ejecuci\u00f3n de este proyecto en el pa\u00eds est\u00e1n a cargo de los ministerios de Trabajo y de la Juventud, que estuvo representado por su viceministro de Emprendimiento, Yasser Jordan, quien defini\u00f3 al patricio Juan Pablo Duarte como el \u00abmayor emprendedor\u00bb que haya tenido el pa\u00eds.<\/p>\n<\/p>\n<p>Tambi\u00e9n coordinan y ejecutan el Ministerio de Econom\u00eda, Planificaci\u00f3n y Desarrollo, adem\u00e1s el Instituto de Formaci\u00f3n T\u00e9cnico Profesional (Infotep), Procomunidad y Promipyme.<\/p>\n<\/p>\n<p>La cooperaci\u00f3n es a trav\u00e9s del las entidades chilenas Fondo de Solidaridad e Inversi\u00f3n Social (FOSIS), Instituto Nacional de la Juventud, Servicio Nacional de Capacitaci\u00f3n y Empleo, Agencia Chilena de Cooperaci\u00f3n Internacional y, en acci\u00f3n conjunta, la Oficina Alemana para la Cooperaci\u00f3n Internacional (GIZ) con sede en Chile.<\/p>\n<\/p>\n<p>Procomunidad estuvo representada por su titular Jos\u00e9 Gonz\u00e1lez Espinoza; Banca Solidaria por su directora Liliana Rodr\u00edguez. La GIZ en Chile por su subdirectora Mar\u00eda Ignacia Jim\u00e9nez; FOSIS por su subdirector Jos\u00e9 Esteban Garay, y la Agencia Chilena de Cooperaci\u00f3n por su subdirector Eugenio Poessel, todos los cuales entregaron certificados.<\/p>\n<\/p>\n<p>Los facilitadores capacitados en las \u00e1reas de emprendimiento recibieron certificaciones entregadas por los funcionarios de las instituciones nacionales y de la cooperaci\u00f3n internacional de Chile y Alemania.<\/p>\n<\/p>\n<p>En un intermedio se proyect\u00f3 a los asistentes un audiovisual en el que j\u00f3venes beneficiados por el proyecto con negocios propios opinan sobre las ventajas del mismo, junto a funcionarios que expresaron sus expectativas.<\/p>\n<\/p>\n<\/p>\n<p>Santo Domingo, RD, 25 de octubre.- La Rep\u00fablica Dominicana anunci\u00f3 este viernes la preparaci\u00f3n de la puesta en marcha de la tercera etapa del proyecto de empleo juvenil en zonas vulnerables a inicios del a\u00f1o pr\u00f3ximo, en un acto en el Palacio Nacional donde rindi\u00f3 cuentas del cierre de la segunda etapa.<\/p>\n<\/p>\n<p>La ministra de Trabajo, Maritza Hern\u00e1ndez, quien pronunci\u00f3 el discurso oficial en el sal\u00f3n verde, inform\u00f3 que en la segunda etapa del proyecto participaron 945 j\u00f3venes del Distrito Nacional y de diez provincias, de los cuales 901 (96%) concluyeron el curso de auto-empleo.<\/p>\n<\/p>\n<p>Otros 802 j\u00f3venes (89%) formularon sus planes de negocio, 177 (20%) lograron emplearse y 176 (22%) abrieron negocios con recursos familiares, mientras que 32 (4%) recibieron micro cr\u00e9ditos de Promipyme y de otras financieras. La Cooperativa de la Federaci\u00f3n de Productores y Campesinos de Azua concedi\u00f3 micro cr\u00e9ditos a 30 j\u00f3venes de esa provincia. <\/p>\n<\/p>\n<p>La Unidad de Comunicaciones del Ministerio de Econom\u00eda, Planificaci\u00f3n y Desarrollo, que participa en la coordinaci\u00f3n y ejecuci\u00f3n del proyecto, inform\u00f3 que otros 124 j\u00f3venes pretenden instalar negocios con sus propios recursos y 581 (52%) se interesaron en los microcr\u00e9ditos. <\/p>\n<\/p>\n<p>El proyecto permiti\u00f3 adem\u00e1s capacitar a 220 profesionales dominicanos en metodolog\u00eda de emprendimiento juvenil, instruidos por t\u00e9cnicos de agencias de cooperaci\u00f3n de Chile y de Alemania.<\/p>\n<\/p>\n<p>Entre tanto, de los 247 profesores 56 fueron multiplicadores que transmitieron sus conocimientos y formaron a otros facilitadores, por lo que tambi\u00e9n recibieron la Gu\u00eda del Facilitador con la estrategia de aprendizaje en aula.<\/p>\n<\/p>\n<p>En la apertura del acto, el viceministro de Cooperaci\u00f3n Internacional del Ministerio de Econom\u00eda, Planificaci\u00f3n y Desarrollo, Inocencio Garc\u00eda Javier, habl\u00f3 sobre la inclusi\u00f3n del empleo juvenil en las metas presidenciales, en las pol\u00edticas p\u00fablicas y en los objetivos de la Estrategia Nacional de Desarrollo.  <\/p>\n<\/p>\n<p>Observ\u00f3 que aun cuando la seguridad ciudadana no figura entre los objetivos del proyecto, el empleo juvenil contribuye a impedir que el crimen organizado pueda cooptar a los j\u00f3venes para delinquir.<\/p>\n<\/p>\n<p>La coordinaci\u00f3n y la ejecuci\u00f3n de este proyecto en el pa\u00eds est\u00e1n a cargo de los ministerios de Trabajo y de la Juventud, que estuvo representado por su viceministro de Emprendimiento, Yasser Jordan, quien defini\u00f3 al patricio Juan Pablo Duarte como el \u00abmayor emprendedor\u00bb que haya tenido el pa\u00eds.<\/p>\n<\/p>\n<p>Tambi\u00e9n coordinan y ejecutan el Ministerio de Econom\u00eda, Planificaci\u00f3n y Desarrollo, adem\u00e1s el Instituto de Formaci\u00f3n T\u00e9cnico Profesional (Infotep), Procomunidad y Promipyme.<\/p>\n<\/p>\n<p>La cooperaci\u00f3n es a trav\u00e9s del las entidades chilenas Fondo de Solidaridad e Inversi\u00f3n Social (FOSIS), Instituto Nacional de la Juventud, Servicio Nacional de Capacitaci\u00f3n y Empleo, Agencia Chilena de Cooperaci\u00f3n Internacional y, en acci\u00f3n conjunta, la Oficina Alemana para la Cooperaci\u00f3n Internacional (GIZ) con sede en Chile.<\/p>\n<\/p>\n<p>Procomunidad estuvo representada por su titular Jos\u00e9 Gonz\u00e1lez Espinoza; Banca Solidaria por su directora Liliana Rodr\u00edguez. La GIZ en Chile por su subdirectora Mar\u00eda Ignacia Jim\u00e9nez; FOSIS por su subdirector Jos\u00e9 Esteban Garay, y la Agencia Chilena de Cooperaci\u00f3n por su subdirector Eugenio Poessel, todos los cuales entregaron certificados.<\/p>\n<\/p>\n<p>Los facilitadores capacitados en las \u00e1reas de emprendimiento recibieron certificaciones entregadas por los funcionarios de las instituciones nacionales y de la cooperaci\u00f3n internacional de Chile y Alemania.<\/p>\n<\/p>\n<p>En un intermedio se proyect\u00f3 a los asistentes un audiovisual en el que j\u00f3venes beneficiados por el proyecto con negocios propios opinan sobre las ventajas del mismo, junto a funcionarios que expresaron sus expectativas.<\/p>\n<\/p>\n<h6> 2013-10-25 19:49:54 <\/h6>\n<p><!--\n<link rel=\"stylesheet\" href=\"css\/bootstrap.min.css\">\n\n\n<ul class=\"pagination\">\n\t    \n\t\n\n<li >\n\t<a href='?page_no=14521'>Previous<\/a>\n\t<\/li>\n\n\n       \n    \n\n<li><a href='?page_no=1'>1<\/a><\/li>\n\n\n\n<li><a href='?page_no=2'>2<\/a><\/li>\n\n\n\n<li><a>...<\/a><\/li>\n\n\n\n<li><a href='?page_no=14520'>14520<\/a><\/li>\n\n\n\n<li><a href='?page_no=14521'>14521<\/a><\/li>\n\n\n\n<li class='active'><a>14522<\/a><\/li>\n\n\n\n<li><a href='?page_no=14523'>14523<\/a><\/li>\n\n\n\n<li><a href='?page_no=14524'>14524<\/a><\/li>\n\n\n\n<li><a>...<\/a><\/li>\n\n\n\n<li><a href='?page_no=30472'>30472<\/a><\/li>\n\n\n\n<li><a href='?page_no=30473'>30473<\/a><\/li>\n\n    \n\t\n\n<li >\n\t<a href='?page_no=14523'>Next<\/a>\n\t<\/li>\n\n\n    \n\n<li><a href='?page_no=30473'>Last &rsaquo;&rsaquo;<\/a><\/li>\n\n<\/ul>\n\n\n--><br \/>\n<\/body><\/p>\n","protected":false},"excerpt":{"rendered":"<p>Santo Domingo, RD, 25 de octubre.- La Rep\u00fablica Dominicana anunci\u00f3 este viernes la preparaci\u00f3n de la puesta en marcha de la tercera etapa del proyecto de empleo juvenil en zonas vulnerables a inicios del a\u00f1o pr\u00f3ximo, en un acto en el Palacio Nacional donde rindi\u00f3 cuentas del cierre de la segunda etapa. La ministra de [&hellip;]<\/p>\n","protected":false},"author":3,"featured_media":0,"comment_status":"open","ping_status":"open","sticky":false,"template":"","format":"standard","meta":{"footnotes":""},"categories":[18],"tags":[],"class_list":["post-99023","post","type-post","status-publish","format-standard","hentry","category-economia"],"_links":{"self":[{"href":"https:\/\/diariodominicano.com\/index.php?rest_route=\/wp\/v2\/posts\/99023","targetHints":{"allow":["GET"]}}],"collection":[{"href":"https:\/\/diariodominicano.com\/index.php?rest_route=\/wp\/v2\/posts"}],"about":[{"href":"https:\/\/diariodominicano.com\/index.php?rest_route=\/wp\/v2\/types\/post"}],"author":[{"embeddable":true,"href":"https:\/\/diariodominicano.com\/index.php?rest_route=\/wp\/v2\/users\/3"}],"replies":[{"embeddable":true,"href":"https:\/\/diariodominicano.com\/index.php?rest_route=%2Fwp%2Fv2%2Fcomments&post=99023"}],"version-history":[{"count":0,"href":"https:\/\/diariodominicano.com\/index.php?rest_route=\/wp\/v2\/posts\/99023\/revisions"}],"wp:attachment":[{"href":"https:\/\/diariodominicano.com\/index.php?rest_route=%2Fwp%2Fv2%2Fmedia&parent=99023"}],"wp:term":[{"taxonomy":"category","embeddable":true,"href":"https:\/\/diariodominicano.com\/index.php?rest_route=%2Fwp%2Fv2%2Fcategories&post=99023"},{"taxonomy":"post_tag","embeddable":true,"href":"https:\/\/diariodominicano.com\/index.php?rest_route=%2Fwp%2Fv2%2Ftags&post=99023"}],"curies":[{"name":"wp","href":"https:\/\/api.w.org\/{rel}","templated":true}]}}