{"id":99022,"date":"2013-10-26T12:40:55","date_gmt":"2013-10-26T12:40:55","guid":{"rendered":"http:\/\/diariodominicano.ddns.net\/?p=99022"},"modified":"2013-10-26T12:40:55","modified_gmt":"2013-10-26T12:40:55","slug":"inaguran-la-feria-nacional-del-mueble-con-mas-de-80-participantes-y-variada-gama-de-articulos-con-precios-atractivos","status":"publish","type":"post","link":"https:\/\/diariodominicano.com\/?p=99022","title":{"rendered":"Inaguran la Feria Nacional del Mueble con m\u00e1s de 80 participantes y variada gama de art\u00edculos con precios atractivos"},"content":{"rendered":"<p><body><\/p>\n<p><img decoding=\"async\" src=\"img3\/mueble0001.jpg\" \/><br \/><img decoding=\"async\" src=\"img3\/muebleoo3.jpg\" \/><br \/><img decoding=\"async\" src=\"img3\/mueble0005.jpg\" \/>  <\/p>\n<p><span class=\"text1noticias\">SANTO DOMINGO, RD, 26 de ctubre.- Con la participaci\u00f3n de m\u00e1s de 80 fabricantes de todo el pa\u00eds, se inici\u00f3 anoche la  Feria Nacional del Mueble, que en su vig\u00e9sima segunda versi\u00f3n presenta al p\u00fablico una variada gama de muebles, colchones, accesorios de decoraci\u00f3n y otros art\u00edculos para el hogar.<\/span><\/p>\n<\/p>\n<p><span class=\"text1noticias\">La actividad auspiciada por la Asociaci\u00f3n Nacional de Industriales de Muebles y Colchones (ASONAIMCO) tiene como escenario la Ciudad Ganadera, y estar\u00e1 desarroll\u00e1ndose hasta el 3 de noviembre, permiti\u00e9ndole a la poblaci\u00f3n el acceso de productos de primera calidad a bajos precios, informaron sus organizadores.<\/span><\/p>\n<\/p>\n<p><span class=\"text1noticias\">En el discurso central de la ceremonia de apertura, el presidente de ASONAIMCO, Cristian Nolasco, dijo que en esta ocasi\u00f3n la Feria Nacional del Mueble presentar\u00e1 la m\u00e1s atractiva variedad de dise\u00f1os en madera, metal, mimbre, fibras sint\u00e9ticas y naturales as\u00ed como colchones, l\u00e1mparas, alfombras, artesan\u00eda y accesorios para el hogar.<\/span><\/p>\n<\/p>\n<p><span class=\"text1noticias\">Como novedad de la XXII Feria Nacional del Mueble 2013, el presidente de ASONAIMCO dijo que  recibir\u00e1n al Cluster Ecotur\u00edstico de Jarabacoa como invitado de honor de este a\u00f1o y anunci\u00f3 la firma de un convenio de colaboraci\u00f3n mutua entre ambas entidades.<\/span><\/p>\n<\/p>\n<p><span class=\"text1noticias\">\u00abOtro elemento nuevo que presentamos es la campa\u00f1a informativa sobre la madera de acacia, de la cual contamos en nuestro pa\u00eds con bosques madereros de m\u00e1s de tres millones de pies de esta madera\u00bb.<\/span><\/p>\n<\/p>\n<p><span class=\"text1noticias\">En la ceremonia, ASONAIMCO reconoci\u00f3 por sus valiosos aportes al sector al empresario Mario Koening, a quien le ha  dedicado esta vig\u00e9simo nueva versi\u00f3n de la Feria.<\/span><\/p>\n<\/p>\n<p><span class=\"text1noticias\">El presidente de la entidad entreg\u00f3 junto a otros directivos una placa de reconocimiento en su honor que fue recibida por sus hijos Ricardo y Regina Koening   <\/span><\/p>\n<\/p>\n<p><span class=\"text1noticias\">Junto al presidente de ASONAIMCO, Cristian Nolasco, encabezaron la ceremonia de apertura Manuel Roa y Porfirio Peralta, primer y segundo vicepresidente de la entidad.<\/span><\/p>\n<\/p>\n<p><span class=\"text1noticias\">Como invitados especiales compartieron la mesa directiva Ignacio M\u00e9ndez, Viceministro de Industria y Comercio, encargado de fomento de la Peque\u00f1a y Mediana Empresa; el Viceministro de Turismo y  director regional, Dionis Dur\u00e1n; el presidente de la Confederaci\u00f3n Dominicana de la Peque\u00f1a y Mediana Empresa (CODOPYME), Yuri Chez, y el presidente del Cluster Ecoturistico de Jarabacoa, Am\u00f3s Mart\u00ednez..<\/span><\/p>\n<\/p>\n<\/p>\n<\/p>\n<\/p>\n<h6> 2013-10-26 12:40:55 <\/h6>\n<p><!--\n<link rel=\"stylesheet\" href=\"css\/bootstrap.min.css\">\n\n\n<ul class=\"pagination\">\n\t    \n\t\n\n<li >\n\t<a href='?page_no=14520'>Previous<\/a>\n\t<\/li>\n\n\n       \n    \n\n<li><a href='?page_no=1'>1<\/a><\/li>\n\n\n\n<li><a href='?page_no=2'>2<\/a><\/li>\n\n\n\n<li><a>...<\/a><\/li>\n\n\n\n<li><a href='?page_no=14519'>14519<\/a><\/li>\n\n\n\n<li><a href='?page_no=14520'>14520<\/a><\/li>\n\n\n\n<li class='active'><a>14521<\/a><\/li>\n\n\n\n<li><a href='?page_no=14522'>14522<\/a><\/li>\n\n\n\n<li><a href='?page_no=14523'>14523<\/a><\/li>\n\n\n\n<li><a>...<\/a><\/li>\n\n\n\n<li><a href='?page_no=30472'>30472<\/a><\/li>\n\n\n\n<li><a href='?page_no=30473'>30473<\/a><\/li>\n\n    \n\t\n\n<li >\n\t<a href='?page_no=14522'>Next<\/a>\n\t<\/li>\n\n\n    \n\n<li><a href='?page_no=30473'>Last &rsaquo;&rsaquo;<\/a><\/li>\n\n<\/ul>\n\n\n--><br \/>\n<\/body><\/p>\n","protected":false},"excerpt":{"rendered":"<p>SANTO DOMINGO, RD, 26 de ctubre.- Con la participaci\u00f3n de m\u00e1s de 80 fabricantes de todo el pa\u00eds, se inici\u00f3 anoche la Feria Nacional del Mueble, que en su vig\u00e9sima segunda versi\u00f3n presenta al p\u00fablico una variada gama de muebles, colchones, accesorios de decoraci\u00f3n y otros art\u00edculos para el hogar. La actividad auspiciada por la [&hellip;]<\/p>\n","protected":false},"author":3,"featured_media":0,"comment_status":"open","ping_status":"open","sticky":false,"template":"","format":"standard","meta":{"footnotes":""},"categories":[18],"tags":[],"class_list":["post-99022","post","type-post","status-publish","format-standard","hentry","category-economia"],"_links":{"self":[{"href":"https:\/\/diariodominicano.com\/index.php?rest_route=\/wp\/v2\/posts\/99022","targetHints":{"allow":["GET"]}}],"collection":[{"href":"https:\/\/diariodominicano.com\/index.php?rest_route=\/wp\/v2\/posts"}],"about":[{"href":"https:\/\/diariodominicano.com\/index.php?rest_route=\/wp\/v2\/types\/post"}],"author":[{"embeddable":true,"href":"https:\/\/diariodominicano.com\/index.php?rest_route=\/wp\/v2\/users\/3"}],"replies":[{"embeddable":true,"href":"https:\/\/diariodominicano.com\/index.php?rest_route=%2Fwp%2Fv2%2Fcomments&post=99022"}],"version-history":[{"count":0,"href":"https:\/\/diariodominicano.com\/index.php?rest_route=\/wp\/v2\/posts\/99022\/revisions"}],"wp:attachment":[{"href":"https:\/\/diariodominicano.com\/index.php?rest_route=%2Fwp%2Fv2%2Fmedia&parent=99022"}],"wp:term":[{"taxonomy":"category","embeddable":true,"href":"https:\/\/diariodominicano.com\/index.php?rest_route=%2Fwp%2Fv2%2Fcategories&post=99022"},{"taxonomy":"post_tag","embeddable":true,"href":"https:\/\/diariodominicano.com\/index.php?rest_route=%2Fwp%2Fv2%2Ftags&post=99022"}],"curies":[{"name":"wp","href":"https:\/\/api.w.org\/{rel}","templated":true}]}}