{"id":99016,"date":"2013-10-26T20:23:49","date_gmt":"2013-10-26T20:23:49","guid":{"rendered":"http:\/\/diariodominicano.ddns.net\/?p=99016"},"modified":"2013-10-26T20:23:49","modified_gmt":"2013-10-26T20:23:49","slug":"presidente-idecoop-aboga-para-que-el-congreso-nacional-modifique-varias-normativas-del-cooperativismo","status":"publish","type":"post","link":"https:\/\/diariodominicano.com\/?p=99016","title":{"rendered":"Presidente IDECOOP aboga para que el Congreso Nacional modifique varias normativas del cooperativismo"},"content":{"rendered":"<p><body><\/p>\n<p><img decoding=\"async\" src=\"img3\/idecoop.jpg\" \/>  <\/p>\n<p><span class=\"text1noticias\">Santo Domingo.- El presidente del Instituto de Desarrollo y Cr\u00e9dito Cooperativo (IDECOOP), Pedro Corpor\u00e1n abog\u00f3 para que el Congreso Nacional se aboque a modificar la Ley 31-63 que crea el IDECOOP y la 127-64, sobre el cooperativismo, a los fines de que la entidad que dirige cuente con una normativa moderna, que le permita resolver la crisis presupuestal que por d\u00e9cadas afecta a la instituci\u00f3n.<\/span><\/p>\n<\/p>\n<p><span class=\"text1noticias\">Indic\u00f3 que la modificaci\u00f3n a la normativa no implica incrementar ning\u00fan tipo de carga presupuestal al Estado Nacional, sino mas bien y de forma contraria la liberaci\u00f3n total y absoluta del IDECOOP para reivindicar la concesi\u00f3n jur\u00eddica con la cual fue concebida, que es la descentralizaci\u00f3n y autonom\u00eda para que tenga su propia capacidad de generaci\u00f3n de riquezas.<\/span><\/p>\n<\/p>\n<p><span class=\"text1noticias\">Por otro lado, reiter\u00f3 su compromiso como ente oficial de seguir trabajando inspirado en los c\u00f3digos de la moral y el trabajo, predicando con el ejemplo en la siembra de la semilla destinada a la inclusi\u00f3n social en la Rep\u00fablica Dominicana y en el combate de la pobreza en el pa\u00eds.<\/span><\/p>\n<\/p>\n<p><span class=\"text1noticias\">Corpor\u00e1n se expres\u00f3 en estos t\u00e9rminos al conmemorar con diversos actos el 50 Aniversario de su Fundaci\u00f3n.(HG)<\/span>.<\/p>\n<h6> 2013-10-26 20:23:49 <\/h6>\n<p><!--\n<link rel=\"stylesheet\" href=\"css\/bootstrap.min.css\">\n\n\n<ul class=\"pagination\">\n\t    \n\t\n\n<li >\n\t<a href='?page_no=14515'>Previous<\/a>\n\t<\/li>\n\n\n       \n    \n\n<li><a href='?page_no=1'>1<\/a><\/li>\n\n\n\n<li><a href='?page_no=2'>2<\/a><\/li>\n\n\n\n<li><a>...<\/a><\/li>\n\n\n\n<li><a href='?page_no=14514'>14514<\/a><\/li>\n\n\n\n<li><a href='?page_no=14515'>14515<\/a><\/li>\n\n\n\n<li class='active'><a>14516<\/a><\/li>\n\n\n\n<li><a href='?page_no=14517'>14517<\/a><\/li>\n\n\n\n<li><a href='?page_no=14518'>14518<\/a><\/li>\n\n\n\n<li><a>...<\/a><\/li>\n\n\n\n<li><a href='?page_no=30472'>30472<\/a><\/li>\n\n\n\n<li><a href='?page_no=30473'>30473<\/a><\/li>\n\n    \n\t\n\n<li >\n\t<a href='?page_no=14517'>Next<\/a>\n\t<\/li>\n\n\n    \n\n<li><a href='?page_no=30473'>Last &rsaquo;&rsaquo;<\/a><\/li>\n\n<\/ul>\n\n\n--><br \/>\n<\/body><\/p>\n","protected":false},"excerpt":{"rendered":"<p>Santo Domingo.- El presidente del Instituto de Desarrollo y Cr\u00e9dito Cooperativo (IDECOOP), Pedro Corpor\u00e1n abog\u00f3 para que el Congreso Nacional se aboque a modificar la Ley 31-63 que crea el IDECOOP y la 127-64, sobre el cooperativismo, a los fines de que la entidad que dirige cuente con una normativa moderna, que le permita resolver [&hellip;]<\/p>\n","protected":false},"author":3,"featured_media":0,"comment_status":"open","ping_status":"open","sticky":false,"template":"","format":"standard","meta":{"footnotes":""},"categories":[18],"tags":[],"class_list":["post-99016","post","type-post","status-publish","format-standard","hentry","category-economia"],"_links":{"self":[{"href":"https:\/\/diariodominicano.com\/index.php?rest_route=\/wp\/v2\/posts\/99016","targetHints":{"allow":["GET"]}}],"collection":[{"href":"https:\/\/diariodominicano.com\/index.php?rest_route=\/wp\/v2\/posts"}],"about":[{"href":"https:\/\/diariodominicano.com\/index.php?rest_route=\/wp\/v2\/types\/post"}],"author":[{"embeddable":true,"href":"https:\/\/diariodominicano.com\/index.php?rest_route=\/wp\/v2\/users\/3"}],"replies":[{"embeddable":true,"href":"https:\/\/diariodominicano.com\/index.php?rest_route=%2Fwp%2Fv2%2Fcomments&post=99016"}],"version-history":[{"count":0,"href":"https:\/\/diariodominicano.com\/index.php?rest_route=\/wp\/v2\/posts\/99016\/revisions"}],"wp:attachment":[{"href":"https:\/\/diariodominicano.com\/index.php?rest_route=%2Fwp%2Fv2%2Fmedia&parent=99016"}],"wp:term":[{"taxonomy":"category","embeddable":true,"href":"https:\/\/diariodominicano.com\/index.php?rest_route=%2Fwp%2Fv2%2Fcategories&post=99016"},{"taxonomy":"post_tag","embeddable":true,"href":"https:\/\/diariodominicano.com\/index.php?rest_route=%2Fwp%2Fv2%2Ftags&post=99016"}],"curies":[{"name":"wp","href":"https:\/\/api.w.org\/{rel}","templated":true}]}}