{"id":99013,"date":"2013-10-27T14:42:32","date_gmt":"2013-10-27T14:42:32","guid":{"rendered":"http:\/\/diariodominicano.ddns.net\/?p=99013"},"modified":"2013-10-27T14:42:32","modified_gmt":"2013-10-27T14:42:32","slug":"onec-dice-cifras-del-banco-central-muestran-preocupante-decrecimiento-del-sector-comercial","status":"publish","type":"post","link":"https:\/\/diariodominicano.com\/?p=99013","title":{"rendered":"ONEC dice cifras del Banco Central muestran preocupante decrecimiento del sector comercial"},"content":{"rendered":"<p><body><\/p>\n<p><img decoding=\"async\" src=\"img3\/Ernesto.jpg\" \/>  <\/p>\n<p><span class=\"text1noticias\">Santo Domingo, RD, 27 de Octubre.-El presidente de la Organizaci\u00f3n Nacional de Empresas Comerciales (ONEC), Ernesto Mart\u00ednez afirm\u00f3 que las cifras dadas a conocer por el  Banco Central sobre la econom\u00eda muestran un claro y preocupante decrecimiento del sector comercio, el cual es el principal empleador en el pa\u00eds.  <\/span><\/p>\n<\/p>\n<p><span class=\"text1noticias\">El dirigente empresarial  dijo  que \u00abesas cifras son un reflejo de lo que est\u00e1  viviendo nuestro sector.  Somos el mayor empleador del pa\u00eds y nos preocupa grandemente lo que pueda ocurrir, de continuar el decrecimiento en niveles tan altos\u00bb.<\/span><\/p>\n<\/p>\n<p><span class=\"text1noticias\">De acuerdo a los datos oficiales presentados por el gobernador del Banco Central, H\u00e9ctor Valdez Albizu, durante su discursos con motivo al 66 aniversario de esa instituci\u00f3n el pasado mi\u00e9rcoles,  el sector comercio ha estado sumergido en una recesi\u00f3n profunda ya que en los \u00faltimos tres trimestres  ha mantenido un crecimiento negativo en el orden de los  2.6%, 3.2% y  3.9%, respectivamente.<\/span><\/p>\n<\/p>\n<p><span class=\"text1noticias\">En este sentido, el presidente de la ONEC a\u00f1adi\u00f3  que tradicionalmente el comportamiento del sector comercio es un reflejo fiel de c\u00f3mo va la econom\u00eda y este desempe\u00f1o negativo sostenido durante casi un a\u00f1o  apunta a que hay grandes problemas estructurales por resolver.<\/span><\/p>\n<\/p>\n<p><span class=\"text1noticias\">Cit\u00f3 que entre los problemas que el sector comercio entiende deben ser resueltos est\u00e1 la igualdad tributaria, se\u00f1alando que \u00abla distorsi\u00f3n que provoca la exenci\u00f3n privilegiada de todo tipo de aranceles e impuestos en las importaciones \u00abexpresas\u00bb por debajo de los 200 d\u00f3lares, mientras que el comercio local tiene que pagar todos los tributos, afecta fuertemente al consumidor local y por ende, afecta al sector comercial.<\/span><\/p>\n<\/p>\n<p><span class=\"text1noticias\">Record\u00f3 que desde hace meses, diversos sectores de la industria y del comercio vienen llamando la atenci\u00f3n a esta situaci\u00f3n,  que de continuar como est\u00e1, seguir\u00e1 impactando negativamente el empleo y las recaudaciones tributarias.  <\/span><\/p>\n<\/p>\n<p><span class=\"text1noticias\">El Gobernador del Banco Central afirm\u00f3 en su discurso que: \u00abla manufactura local y el comercio, aunque aportan m\u00e1s del 50% a las recaudaciones tributarias, no est\u00e1n incidiendo en el crecimiento acumulado enero-septiembre 2013\u00bb. <\/span><\/p>\n<\/p>\n<p><span class=\"text1noticias\">Es por eso que el presidente de la ONEC  hizo un llamado a las autoridades para que analicen y corrijan las distorsiones existentes y garanticen al sector comercio que invierte en el pa\u00eds y ha sido hasta ahora el mayor generador de empleos, condiciones igualitarias que favorezcan el desarrollo presente y futuro de la econom\u00eda nacional.(HG)<\/span>.<\/p>\n<h6> 2013-10-27 14:42:32 <\/h6>\n<p><!--\n<link rel=\"stylesheet\" href=\"css\/bootstrap.min.css\">\n\n\n<ul class=\"pagination\">\n\t    \n\t\n\n<li >\n\t<a href='?page_no=14512'>Previous<\/a>\n\t<\/li>\n\n\n       \n    \n\n<li><a href='?page_no=1'>1<\/a><\/li>\n\n\n\n<li><a href='?page_no=2'>2<\/a><\/li>\n\n\n\n<li><a>...<\/a><\/li>\n\n\n\n<li><a href='?page_no=14511'>14511<\/a><\/li>\n\n\n\n<li><a href='?page_no=14512'>14512<\/a><\/li>\n\n\n\n<li class='active'><a>14513<\/a><\/li>\n\n\n\n<li><a href='?page_no=14514'>14514<\/a><\/li>\n\n\n\n<li><a href='?page_no=14515'>14515<\/a><\/li>\n\n\n\n<li><a>...<\/a><\/li>\n\n\n\n<li><a href='?page_no=30472'>30472<\/a><\/li>\n\n\n\n<li><a href='?page_no=30473'>30473<\/a><\/li>\n\n    \n\t\n\n<li >\n\t<a href='?page_no=14514'>Next<\/a>\n\t<\/li>\n\n\n    \n\n<li><a href='?page_no=30473'>Last &rsaquo;&rsaquo;<\/a><\/li>\n\n<\/ul>\n\n\n--><br \/>\n<\/body><\/p>\n","protected":false},"excerpt":{"rendered":"<p>Santo Domingo, RD, 27 de Octubre.-El presidente de la Organizaci\u00f3n Nacional de Empresas Comerciales (ONEC), Ernesto Mart\u00ednez afirm\u00f3 que las cifras dadas a conocer por el Banco Central sobre la econom\u00eda muestran un claro y preocupante decrecimiento del sector comercio, el cual es el principal empleador en el pa\u00eds. El dirigente empresarial dijo que \u00abesas [&hellip;]<\/p>\n","protected":false},"author":3,"featured_media":0,"comment_status":"open","ping_status":"open","sticky":false,"template":"","format":"standard","meta":{"footnotes":""},"categories":[18],"tags":[],"class_list":["post-99013","post","type-post","status-publish","format-standard","hentry","category-economia"],"_links":{"self":[{"href":"https:\/\/diariodominicano.com\/index.php?rest_route=\/wp\/v2\/posts\/99013","targetHints":{"allow":["GET"]}}],"collection":[{"href":"https:\/\/diariodominicano.com\/index.php?rest_route=\/wp\/v2\/posts"}],"about":[{"href":"https:\/\/diariodominicano.com\/index.php?rest_route=\/wp\/v2\/types\/post"}],"author":[{"embeddable":true,"href":"https:\/\/diariodominicano.com\/index.php?rest_route=\/wp\/v2\/users\/3"}],"replies":[{"embeddable":true,"href":"https:\/\/diariodominicano.com\/index.php?rest_route=%2Fwp%2Fv2%2Fcomments&post=99013"}],"version-history":[{"count":0,"href":"https:\/\/diariodominicano.com\/index.php?rest_route=\/wp\/v2\/posts\/99013\/revisions"}],"wp:attachment":[{"href":"https:\/\/diariodominicano.com\/index.php?rest_route=%2Fwp%2Fv2%2Fmedia&parent=99013"}],"wp:term":[{"taxonomy":"category","embeddable":true,"href":"https:\/\/diariodominicano.com\/index.php?rest_route=%2Fwp%2Fv2%2Fcategories&post=99013"},{"taxonomy":"post_tag","embeddable":true,"href":"https:\/\/diariodominicano.com\/index.php?rest_route=%2Fwp%2Fv2%2Ftags&post=99013"}],"curies":[{"name":"wp","href":"https:\/\/api.w.org\/{rel}","templated":true}]}}