{"id":99008,"date":"2013-10-28T15:20:15","date_gmt":"2013-10-28T15:20:15","guid":{"rendered":"http:\/\/diariodominicano.ddns.net\/?p=99008"},"modified":"2013-10-28T15:20:15","modified_gmt":"2013-10-28T15:20:15","slug":"oficina-turistica-de-puerto-plata-mantiene-optimismo-en-promocion-de-este-municipio-en-europa","status":"publish","type":"post","link":"https:\/\/diariodominicano.com\/?p=99008","title":{"rendered":"Oficina tur\u00edstica de Puerto Plata mantiene optimismo en promoci\u00f3n de este municipio en Europa"},"content":{"rendered":"<p><body><\/p>\n<p><img decoding=\"async\" src=\"img3\/plata 28.jpeg\" \/>  <\/p>\n<p>Puerto Plata, RD 28 octubre.- El director de la oficina de Turismo en la provincia de Puerto Plata, Lorenzo Sancassani, dijo que tras la feria Top Resa realizada este a\u00f1o en Par\u00eds, Francia, donde se anunciaron de nuevos vuelos hacia ese destino dominicano, se ha dado seguimiento a todos los contactos, incluyendo a los ejecutivos de la l\u00ednea a\u00e9rea Air Caravelle, con los que acordaron el inicio de la promoci\u00f3n de Puerto Plata en la naci\u00f3n europea para que se realicen dos vuelos. <\/p>\n<\/p>\n<p>El director provincial de Turismo afirm\u00f3 que adicionalmente se hicieron contactos en la feria de Sao Paulo, Buenos Aires, Argentina; al igual que con turoperadores de Chile y Per\u00fa, por lo que cree que no ser\u00e1 dif\u00edcil atraer turistas hacia Puerto Plata, la cual considera \u00abuna tierra bendita\u00bb.<\/p>\n<\/p>\n<p>No obstante, Sancassani reconoce la necesidad de hacer un trabajo educativo para que las personas que viven all\u00ed conozcan la posibilidad de desarrollo que la naturaleza les ha dado.<\/p>\n<\/p>\n<p>Asegur\u00f3 que para final de a\u00f1o se mantiene la proyecci\u00f3n de casi 300,000 turistas hacia Puerto Plata. Dijo que se ha planteado que en cinco a\u00f1os lleguen a ese destino un mill\u00f3n de visitantes extranjeros, con la finalidad de contribuir con la llegada de 10 millones de turistas quequiere el presidente Danilo Medina.<\/p>\n<\/p>\n<p><strong>TUROPERADORES EN LA FERIA DE PUERTO PLATA<\/strong><\/p>\n<p>El funcionario tur\u00edstico fue entrevistado en la segunda edici\u00f3n de la feria Discover Puerto Plata MarketPlace, organizada por el Cl\u00faster Tur\u00edstico del Destino Puerto Plata con la participaci\u00f3n de turoperadores, agentes de viaje, comunicadores y representantes de 17 pa\u00edses.<\/p>\n<h6> 2013-10-28 15:20:15 <\/h6>\n<p><!--\n<link rel=\"stylesheet\" href=\"css\/bootstrap.min.css\">\n\n\n<ul class=\"pagination\">\n\t    \n\t\n\n<li >\n\t<a href='?page_no=14508'>Previous<\/a>\n\t<\/li>\n\n\n       \n    \n\n<li><a href='?page_no=1'>1<\/a><\/li>\n\n\n\n<li><a href='?page_no=2'>2<\/a><\/li>\n\n\n\n<li><a>...<\/a><\/li>\n\n\n\n<li><a href='?page_no=14507'>14507<\/a><\/li>\n\n\n\n<li><a href='?page_no=14508'>14508<\/a><\/li>\n\n\n\n<li class='active'><a>14509<\/a><\/li>\n\n\n\n<li><a href='?page_no=14510'>14510<\/a><\/li>\n\n\n\n<li><a href='?page_no=14511'>14511<\/a><\/li>\n\n\n\n<li><a>...<\/a><\/li>\n\n\n\n<li><a href='?page_no=30472'>30472<\/a><\/li>\n\n\n\n<li><a href='?page_no=30473'>30473<\/a><\/li>\n\n    \n\t\n\n<li >\n\t<a href='?page_no=14510'>Next<\/a>\n\t<\/li>\n\n\n    \n\n<li><a href='?page_no=30473'>Last &rsaquo;&rsaquo;<\/a><\/li>\n\n<\/ul>\n\n\n--><br \/>\n<\/body><\/p>\n","protected":false},"excerpt":{"rendered":"<p>Puerto Plata, RD 28 octubre.- El director de la oficina de Turismo en la provincia de Puerto Plata, Lorenzo Sancassani, dijo que tras la feria Top Resa realizada este a\u00f1o en Par\u00eds, Francia, donde se anunciaron de nuevos vuelos hacia ese destino dominicano, se ha dado seguimiento a todos los contactos, incluyendo a los ejecutivos [&hellip;]<\/p>\n","protected":false},"author":3,"featured_media":0,"comment_status":"open","ping_status":"open","sticky":false,"template":"","format":"standard","meta":{"footnotes":""},"categories":[18],"tags":[],"class_list":["post-99008","post","type-post","status-publish","format-standard","hentry","category-economia"],"_links":{"self":[{"href":"https:\/\/diariodominicano.com\/index.php?rest_route=\/wp\/v2\/posts\/99008","targetHints":{"allow":["GET"]}}],"collection":[{"href":"https:\/\/diariodominicano.com\/index.php?rest_route=\/wp\/v2\/posts"}],"about":[{"href":"https:\/\/diariodominicano.com\/index.php?rest_route=\/wp\/v2\/types\/post"}],"author":[{"embeddable":true,"href":"https:\/\/diariodominicano.com\/index.php?rest_route=\/wp\/v2\/users\/3"}],"replies":[{"embeddable":true,"href":"https:\/\/diariodominicano.com\/index.php?rest_route=%2Fwp%2Fv2%2Fcomments&post=99008"}],"version-history":[{"count":0,"href":"https:\/\/diariodominicano.com\/index.php?rest_route=\/wp\/v2\/posts\/99008\/revisions"}],"wp:attachment":[{"href":"https:\/\/diariodominicano.com\/index.php?rest_route=%2Fwp%2Fv2%2Fmedia&parent=99008"}],"wp:term":[{"taxonomy":"category","embeddable":true,"href":"https:\/\/diariodominicano.com\/index.php?rest_route=%2Fwp%2Fv2%2Fcategories&post=99008"},{"taxonomy":"post_tag","embeddable":true,"href":"https:\/\/diariodominicano.com\/index.php?rest_route=%2Fwp%2Fv2%2Ftags&post=99008"}],"curies":[{"name":"wp","href":"https:\/\/api.w.org\/{rel}","templated":true}]}}