{"id":99006,"date":"2013-10-28T18:37:28","date_gmt":"2013-10-28T18:37:28","guid":{"rendered":"http:\/\/diariodominicano.ddns.net\/?p=99006"},"modified":"2013-10-28T18:37:28","modified_gmt":"2013-10-28T18:37:28","slug":"acuerda-con-medidas-para-desarrollo-eco-turistico-que-potencien-las-riquezas-de-samana","status":"publish","type":"post","link":"https:\/\/diariodominicano.com\/?p=99006","title":{"rendered":"Acuerda con medidas para desarrollo eco tur\u00edstico que potencien las riquezas de Saman\u00e1"},"content":{"rendered":"<p><body><\/p>\n<p><img decoding=\"async\" src=\"img3\/ecoturismo.jpg\" \/>  <\/p>\n<p><span class=\"text1noticias\">Santo Domingo, RD, 28 de Octubre.-El ministro de Medio Ambiente y Recursos Naturales, doctor Bautista Rojas G\u00f3mez abord\u00f3 con representantes del Cl\u00faster Tur\u00edstico de Saman\u00e1 la aplicaci\u00f3n de una serie de medidas que potencialicen el ecoturismo como una actividad importante de generaci\u00f3n de riquezas en esa provincia.<\/span><\/p>\n<\/p>\n<p><span class=\"text1noticias\">El prop\u00f3sito consiste en asumir el ecoturismo  como una modalidad de turismo responsable, orientado hacia \u00e1reas con valores naturales y culturales que contribuye a la conservaci\u00f3n del lugar, favoreciendo la generaci\u00f3n de riquezas a favor de los que habitan la demarcaci\u00f3n.<\/span><\/p>\n<\/p>\n<p><span class=\"text1noticias\">\tDurante una reuni\u00f3n, de m\u00e1s de una hora en el despacho de Rojas G\u00f3mez, los representantes del Cl\u00faster Tur\u00edsticos consensuaron acciones acerca del manejo adecuado de los desechos s\u00f3lidos, la temporada de avistamiento de las ballenas jorobadas y el uso del balneario El Saldo de El Lim\u00f3n, entre otros temas de inter\u00e9s para el desarrollo sostenible.<\/span><\/p>\n<\/p>\n<p><span class=\"text1noticias\">Coincidieron en que zona debe asumir la importancia de promover una forma de turismo que sea ecol\u00f3gicamente y econ\u00f3micamente beneficiosa como lo es el ecoturismo.<\/span><\/p>\n<\/p>\n<p><span class=\"text1noticias\">\u00abEn Saman\u00e1 como en otros lugares de la Rep\u00fablica Dominicana hay que estar conscientes de que el ecoturismo es una actividad de producci\u00f3n complementaria, sin dejar a un lado otras actividades tradicionales. En el caso de esa provincia, el turismo debe ser una actividad econ\u00f3mica alterna a la agricultura y la pesca\u00bb, el titular de Medio Ambiente y Recursos Naturales.<\/span><\/p>\n<\/p>\n<p><span class=\"text1noticias\">Participaron en la reuni\u00f3n, adem\u00e1s de Rojas G\u00f3mez, el viceministro de \u00c1reas Protegidas y Biodiversidad, Danerys Santana; y Rafael Blanco, presidente de Cl\u00faster Tur\u00edstico de Saman\u00e1. Tambi\u00e9n, Federico Schad y Fabeth Mart\u00ednez, presidente y directora ejecutiva de la Asociaci\u00f3n de Hoteles de Saman\u00e1, respectivamente; as\u00ed como Alejandra Orsini, entre otras personas.<\/span><\/p>\n<\/p>\n<p><span class=\"text1noticias\">La provincia<\/span><\/p>\n<\/p>\n<p><span class=\"text1noticias\">La pen\u00ednsula de Saman\u00e1 est\u00e1 situada en la parte nordeste de la isla de Santo Domingo, entre la Bah\u00eda de Saman\u00e1 al sur y la Bah\u00eda Escocesa y el Oc\u00e9ano Atl\u00e1ntico al norte; al Este limita con el Oc\u00e9ano Atl\u00e1ntico, y al Oeste con la zona cenagosa del Gran Estero, que la separa de la Cordillera Septentrional.<\/span><\/p>\n<\/p>\n<p><span class=\"text1noticias\">Tiene un \u00e1rea aproximada de 768 kil\u00f3metros cuadrados.<\/span><\/p>\n<\/p>\n<p><span class=\"text1noticias\">Adem\u00e1s de ser una de las provincias de mayor extensi\u00f3n costera del pa\u00eds, posee un perfil monta\u00f1oso y un relieve accidentado, conformando una variedad de espacios naturales y paisaj\u00edsticos de bah\u00edas, cayos, playas arenosas, cabos, arrecifes, ensenadas, decenas de peque\u00f1os r\u00edos, arroyos, cascadas y manantiales, as\u00ed como tambi\u00e9n lagunas y zonas cenagosas. La poblaci\u00f3n es tan variada como el paisaje.<\/span><\/p>\n<\/p>\n<p><span class=\"text1noticias\"> Los antiguos pobladores del lugar conformado por bucaneros y colonos franceses, espa\u00f1oles, africanos haitianos, ingleses, y retocado a finales del siglo XIX, por inmigrantes estadounidenses (negros libertos de Philadelphia formaron un mosaico de culturas y una fisonom\u00eda propia del saman\u00e9s.<\/span><\/p>\n<p><span class=\"text1noticias\">Todas estas caracter\u00edsticas dotan a Saman\u00e1 con atractivos tur\u00edsticos \u00fanicos. <\/span><\/p>\n<\/p>\n<p><span class=\"text1noticias\">Su oferta tur\u00edstica se basa principalmente en sus playas Las Galeras, El Rinc\u00f3n, El Aserradero, Anadel, Anacaona, Coss\u00f3n, Playa Bonita, Las Terrenas, El Portillo, El Lim\u00f3n y El Valle ), donde se realizan el buceo deportivo, la pesca tur\u00edstica y algunos deportes acu\u00e1ticos. Cayo Levantado, balneario La Fuente, Salto del R\u00edo Los Cocos, la Cascada del Lim\u00f3n, y el Parque Nacional Los Haitises constituyen otros de los atractivos naturales tur\u00edsticos de  la demarcaci\u00f3n. <\/span><\/p>\n<\/p>\n<p><span class=\"text1noticias\">Su entorno se enriquece a\u00fan m\u00e1s con la visita de las ballenas jorobadas, una de las m\u00e1s populares especies de cet\u00e1ceos entre los observadores de ballenas por su animaci\u00f3n y acrobacia. <\/span><\/p>\n<\/p>\n<p><span class=\"text1noticias\">La bah\u00eda de Saman\u00e1 es una de las \u00e1reas de apareamiento, lugar de origen y cuna de gran parte de las ballenas jorobadas.(HG)<\/span>.<\/p>\n<h6> 2013-10-28 18:37:28 <\/h6>\n<p><!--\n<link rel=\"stylesheet\" href=\"css\/bootstrap.min.css\">\n\n\n<ul class=\"pagination\">\n\t    \n\t\n\n<li >\n\t<a href='?page_no=14506'>Previous<\/a>\n\t<\/li>\n\n\n       \n    \n\n<li><a href='?page_no=1'>1<\/a><\/li>\n\n\n\n<li><a href='?page_no=2'>2<\/a><\/li>\n\n\n\n<li><a>...<\/a><\/li>\n\n\n\n<li><a href='?page_no=14505'>14505<\/a><\/li>\n\n\n\n<li><a href='?page_no=14506'>14506<\/a><\/li>\n\n\n\n<li class='active'><a>14507<\/a><\/li>\n\n\n\n<li><a href='?page_no=14508'>14508<\/a><\/li>\n\n\n\n<li><a href='?page_no=14509'>14509<\/a><\/li>\n\n\n\n<li><a>...<\/a><\/li>\n\n\n\n<li><a href='?page_no=30472'>30472<\/a><\/li>\n\n\n\n<li><a href='?page_no=30473'>30473<\/a><\/li>\n\n    \n\t\n\n<li >\n\t<a href='?page_no=14508'>Next<\/a>\n\t<\/li>\n\n\n    \n\n<li><a href='?page_no=30473'>Last &rsaquo;&rsaquo;<\/a><\/li>\n\n<\/ul>\n\n\n--><br \/>\n<\/body><\/p>\n","protected":false},"excerpt":{"rendered":"<p>Santo Domingo, RD, 28 de Octubre.-El ministro de Medio Ambiente y Recursos Naturales, doctor Bautista Rojas G\u00f3mez abord\u00f3 con representantes del Cl\u00faster Tur\u00edstico de Saman\u00e1 la aplicaci\u00f3n de una serie de medidas que potencialicen el ecoturismo como una actividad importante de generaci\u00f3n de riquezas en esa provincia. El prop\u00f3sito consiste en asumir el ecoturismo como [&hellip;]<\/p>\n","protected":false},"author":3,"featured_media":0,"comment_status":"open","ping_status":"open","sticky":false,"template":"","format":"standard","meta":{"footnotes":""},"categories":[18],"tags":[],"class_list":["post-99006","post","type-post","status-publish","format-standard","hentry","category-economia"],"_links":{"self":[{"href":"https:\/\/diariodominicano.com\/index.php?rest_route=\/wp\/v2\/posts\/99006","targetHints":{"allow":["GET"]}}],"collection":[{"href":"https:\/\/diariodominicano.com\/index.php?rest_route=\/wp\/v2\/posts"}],"about":[{"href":"https:\/\/diariodominicano.com\/index.php?rest_route=\/wp\/v2\/types\/post"}],"author":[{"embeddable":true,"href":"https:\/\/diariodominicano.com\/index.php?rest_route=\/wp\/v2\/users\/3"}],"replies":[{"embeddable":true,"href":"https:\/\/diariodominicano.com\/index.php?rest_route=%2Fwp%2Fv2%2Fcomments&post=99006"}],"version-history":[{"count":0,"href":"https:\/\/diariodominicano.com\/index.php?rest_route=\/wp\/v2\/posts\/99006\/revisions"}],"wp:attachment":[{"href":"https:\/\/diariodominicano.com\/index.php?rest_route=%2Fwp%2Fv2%2Fmedia&parent=99006"}],"wp:term":[{"taxonomy":"category","embeddable":true,"href":"https:\/\/diariodominicano.com\/index.php?rest_route=%2Fwp%2Fv2%2Fcategories&post=99006"},{"taxonomy":"post_tag","embeddable":true,"href":"https:\/\/diariodominicano.com\/index.php?rest_route=%2Fwp%2Fv2%2Ftags&post=99006"}],"curies":[{"name":"wp","href":"https:\/\/api.w.org\/{rel}","templated":true}]}}