{"id":99005,"date":"2013-10-28T19:11:12","date_gmt":"2013-10-28T19:11:12","guid":{"rendered":"http:\/\/diariodominicano.ddns.net\/?p=99005"},"modified":"2013-10-28T19:11:12","modified_gmt":"2013-10-28T19:11:12","slug":"agricultura-modernizara-flotilla-de-vehiculos-de-ganaderia","status":"publish","type":"post","link":"https:\/\/diariodominicano.com\/?p=99005","title":{"rendered":"&#13;Agricultura modernizar\u00e1 flotilla de veh\u00edculos  de Ganader\u00eda"},"content":{"rendered":"<p><body><\/p>\n<p><img decoding=\"async\" src=\"img3\/Flotilla.jpg\" \/>  <\/p>\n<p><span class=\"text1noticias\">Santo Domingo, RD, 28 de Octubre.- El Ministerio de Agricultura reforzar\u00e1 el servicio sanitario mediante la adquisici\u00f3n de una moderna flotilla de veh\u00edculos y motores, que ser\u00e1 utilizada por los t\u00e9cnicos y veterinarios que trabajan en los programas de control y erradicaci\u00f3n de las enfermedades que afectan la ganader\u00eda nacional.<\/span><\/p>\n<\/p>\n<p><span class=\"text1noticias\">Para la adquisici\u00f3n de las unidades, la instituci\u00f3n convoc\u00f3 a licitaci\u00f3n para la compra de cuatro camionetas y 50 motocicletas, los cuales servir\u00e1n para el transporte del personal de la Direcci\u00f3n General de Ganader\u00eda.<\/span><\/p>\n<\/p>\n<p><span class=\"text1noticias\">Mediante la convocatoria p\u00fablica nacional MA-LPN-20-2013,  Agricultura llam\u00f3 a todos los interesados en presentar propuesta a retirar el pliego de condiciones en el Departamento de Compra, en su sede central, ubicada en el kil\u00f3metro seis y medio de la Autopista Duarte, Los Jardines del Norte, Distrito Nacional, en horario de 9:00 a.m. a 5 p.m., hasta el 18 de noviembre de 2013, en el departamento de Compras.<\/span><\/p>\n<\/p>\n<p><span class=\"text1noticias\">Tambi\u00e9n pueden descargarlo de la p\u00e1gina Web de la instituci\u00f3n www.agricultura.gob.do o del portal de la Direcci\u00f3n General de Contrataciones P\u00fablicas (DGCP) www.comprasdominicana.gob.do, a los fines de elaboraci\u00f3n de sus propuestas.<\/span><\/p>\n<\/p>\n<p><span class=\"text1noticias\">Las propuestas ser\u00e1n recibidas en sobres sellados en original y tres copias, el jueves 12 de diciembre del presente a\u00f1o desde las 10:00 a.m., hasta las 12:00 m., y a las 2:30 p.m. se realizar\u00e1 el acto p\u00fablico de apertura de ofertas, en presencia de un notario p\u00fablico.<\/span><\/p>\n<\/p>\n<p><span class=\"text1noticias\">La instituci\u00f3n se\u00f1ala que con la convocatoria a licitaci\u00f3n cumple con las disposiciones de la Ley No. 340-06 sobre Compras y Contrataciones p\u00fablicas de Bienes, Servicios, Obras y Concesiones de fecha 18 de agosto de 2006, modificada por la Ley No. 449-06, de fecha 6 de diciembre de 2006 y su Reglamento de Aplicaci\u00f3n emitido mediante el Decreto No. 543 de fecha 6 de septiembre de 2012.<\/span><\/p>\n<\/p>\n<p><span class=\"text1noticias\">Indica que esta adquisici\u00f3n permitir\u00e1 sustituir su campo vehicular viejo para que los profesionales puedan brindar un mejor servicio en las diferentes zonas ganaderas del pa\u00eds.<\/span><\/p>\n<\/p>\n<p><span class=\"text1noticias\">La compra de las unidades se produce en momentos en que la instituci\u00f3n, conjuntamente con la Direcci\u00f3n General de Ganader\u00eda (DIGEGA), ejecuta varios planes orientados hacia la consecuci\u00f3n del desarrollo ganadero del pa\u00eds.<\/span><\/p>\n<\/p>\n<p><span class=\"text1noticias\">En estas acciones, que se realizan con la asistencia de organismos internacionales como el IICA, OIRSA, APHIS y el BID, trabajan tambi\u00e9n el Patronato Nacional de Ganaderos y el Consejo Nacional para la Reglamentaci\u00f3n y Fomento de la Industria Lechera (CONALECHE). <\/span><\/p>\n<\/p>\n<p><span class=\"text1noticias\">Agricultura dijo que con este esfuerzo se procura  conseguir la erradicaci\u00f3n de las principales enfermedades de notificaci\u00f3n obligatoria, de manera que el pa\u00eds pueda ser declarado libre y  se pueda iniciar exportaciones c\u00e1rnicas hacia el exterior.<\/span><\/p>\n<\/p>\n<p><span class=\"text1noticias\">Para esto, indic\u00f3 que se establece un sistema de informaci\u00f3n a nivel de cuarentena, fortaleciendo las estructuras de laboratorios regionales y nacionales de referencias para que funcionen bajo las normas internacionales.<\/span><\/p>\n<\/p>\n<p><span class=\"text1noticias\">En lo que tienen que ver la parte agr\u00edcola, el Ministerio de Agricultura entreg\u00f3 recientemente otras 25 motocicletas a los t\u00e9cnicos de la instituci\u00f3n para ser utilizadas en el programa de Vegetales Orientales, Frutas Frescas y Productos Afines de Exportaci\u00f3n ( Provofex).(HG)<\/span>.<\/p>\n<h6> 2013-10-28 19:11:12 <\/h6>\n<p><!--\n<link rel=\"stylesheet\" href=\"css\/bootstrap.min.css\">\n\n\n<ul class=\"pagination\">\n\t    \n\t\n\n<li >\n\t<a href='?page_no=14505'>Previous<\/a>\n\t<\/li>\n\n\n       \n    \n\n<li><a href='?page_no=1'>1<\/a><\/li>\n\n\n\n<li><a href='?page_no=2'>2<\/a><\/li>\n\n\n\n<li><a>...<\/a><\/li>\n\n\n\n<li><a href='?page_no=14504'>14504<\/a><\/li>\n\n\n\n<li><a href='?page_no=14505'>14505<\/a><\/li>\n\n\n\n<li class='active'><a>14506<\/a><\/li>\n\n\n\n<li><a href='?page_no=14507'>14507<\/a><\/li>\n\n\n\n<li><a href='?page_no=14508'>14508<\/a><\/li>\n\n\n\n<li><a>...<\/a><\/li>\n\n\n\n<li><a href='?page_no=30472'>30472<\/a><\/li>\n\n\n\n<li><a href='?page_no=30473'>30473<\/a><\/li>\n\n    \n\t\n\n<li >\n\t<a href='?page_no=14507'>Next<\/a>\n\t<\/li>\n\n\n    \n\n<li><a href='?page_no=30473'>Last &rsaquo;&rsaquo;<\/a><\/li>\n\n<\/ul>\n\n\n--><br \/>\n<\/body><\/p>\n","protected":false},"excerpt":{"rendered":"<p>Santo Domingo, RD, 28 de Octubre.- El Ministerio de Agricultura reforzar\u00e1 el servicio sanitario mediante la adquisici\u00f3n de una moderna flotilla de veh\u00edculos y motores, que ser\u00e1 utilizada por los t\u00e9cnicos y veterinarios que trabajan en los programas de control y erradicaci\u00f3n de las enfermedades que afectan la ganader\u00eda nacional. Para la adquisici\u00f3n de las [&hellip;]<\/p>\n","protected":false},"author":3,"featured_media":0,"comment_status":"open","ping_status":"open","sticky":false,"template":"","format":"standard","meta":{"footnotes":""},"categories":[18],"tags":[],"class_list":["post-99005","post","type-post","status-publish","format-standard","hentry","category-economia"],"_links":{"self":[{"href":"https:\/\/diariodominicano.com\/index.php?rest_route=\/wp\/v2\/posts\/99005","targetHints":{"allow":["GET"]}}],"collection":[{"href":"https:\/\/diariodominicano.com\/index.php?rest_route=\/wp\/v2\/posts"}],"about":[{"href":"https:\/\/diariodominicano.com\/index.php?rest_route=\/wp\/v2\/types\/post"}],"author":[{"embeddable":true,"href":"https:\/\/diariodominicano.com\/index.php?rest_route=\/wp\/v2\/users\/3"}],"replies":[{"embeddable":true,"href":"https:\/\/diariodominicano.com\/index.php?rest_route=%2Fwp%2Fv2%2Fcomments&post=99005"}],"version-history":[{"count":0,"href":"https:\/\/diariodominicano.com\/index.php?rest_route=\/wp\/v2\/posts\/99005\/revisions"}],"wp:attachment":[{"href":"https:\/\/diariodominicano.com\/index.php?rest_route=%2Fwp%2Fv2%2Fmedia&parent=99005"}],"wp:term":[{"taxonomy":"category","embeddable":true,"href":"https:\/\/diariodominicano.com\/index.php?rest_route=%2Fwp%2Fv2%2Fcategories&post=99005"},{"taxonomy":"post_tag","embeddable":true,"href":"https:\/\/diariodominicano.com\/index.php?rest_route=%2Fwp%2Fv2%2Ftags&post=99005"}],"curies":[{"name":"wp","href":"https:\/\/api.w.org\/{rel}","templated":true}]}}