{"id":99004,"date":"2013-10-28T20:01:19","date_gmt":"2013-10-28T20:01:19","guid":{"rendered":"http:\/\/diariodominicano.ddns.net\/?p=99004"},"modified":"2013-10-28T20:01:19","modified_gmt":"2013-10-28T20:01:19","slug":"omc-y-cancilleria-realizan-seminario-para-periodistas-latinoamericanos","status":"publish","type":"post","link":"https:\/\/diariodominicano.com\/?p=99004","title":{"rendered":"OMC y Canciller\u00eda realizan seminario para periodistas latinoamericanos"},"content":{"rendered":"<p><body><\/p>\n<p><img decoding=\"async\" src=\"img3\/OMC.jpg\" \/>  <\/p>\n<p><span class=\"text1noticias\">Santo Domingo, 28 de octubre de 2013.- Con la participaci\u00f3n de comunicadores de 16 pa\u00edses de Latinoam\u00e9rica, inici\u00f3 hoy en Santo Domingo el seminario internacional \u00abEl sistema multilateral del comercio: desaf\u00edos y oportunidades para Am\u00e9rica Latina\u00bb,  organizado por la Organizaci\u00f3n Mundial de Comercio en conjunto con la Canciller\u00eda dominicana, a trav\u00e9s de su Instituto de Educaci\u00f3n Superior en Formaci\u00f3n Diplom\u00e1tica y Consular \u00abDr. Eduardo Latorre Rodr\u00edguez\u00bb.<\/span><\/p>\n<\/p>\n<p><span class=\"text1noticias\">El seminario, que culminar\u00e1 ma\u00f1ana martes, es impartido por Josep Bosch, portavoz de la OMC, de la Divisi\u00f3n de Informaci\u00f3n y Relaciones Exteriores,  y Jorge Castro, Consejero de la Divisi\u00f3n de Asuntos Jur\u00eddicos.  En este encuentro se discuten diversos temas relacionados con el funcionamiento de ese organismo y problem\u00e1ticas relacionadas con el comercio global.<\/span><\/p>\n<\/p>\n<p><span class=\"text1noticias\">En nombre del Ministro de Relaciones Exteriores, el Viceministro para Asuntos Econ\u00f3micos y Negociaciones Comerciales, C\u00e9sar Dargam, dio la bienvenida a los expositores y al grupo de periodistas presentes, procedentes de Argentina, Brasil, Chile, Costa Rica, Colombia, Cuba, Per\u00fa, El Salvador, Guatemala, Honduras, M\u00e9xico, Nicaragua, Panam\u00e1, Paraguay, Rep\u00fablica Dominicana y Uruguay.<\/span><\/p>\n<\/p>\n<p><span class=\"text1noticias\">Dargam, quien presidi\u00f3 la mesa de honor junto al rector del Instituto, Reynaldo Espinal; la vicerrectora, Ada Hern\u00e1ndez y los representantes de la OMC, salud\u00f3 la celebraci\u00f3n del encuentro y expres\u00f3 que tan pronto los t\u00e9cnicos de la OMC propusieron su realizaci\u00f3n en el pa\u00eds, la Canciller\u00eda recibi\u00f3 la idea con mucho optimismo.<\/span><\/p>\n<\/p>\n<p><span class=\"text1noticias\">Valor\u00f3 el encuentro con periodistas de Latinoam\u00e9rica vinculados a los temas de comercio internacional, como una significativa oportunidad, al coincidir con objetivos compartidos entre los negociadores dominicanos ante la OMC y los propios t\u00e9cnicos del organismo, de fortalecer capacidades de actores involucrados en los procesos de negociaciones comerciales.<\/span><\/p>\n<\/p>\n<p><span class=\"text1noticias\">Precis\u00f3 que el Ministerio de Relaciones Exteriores es la instituci\u00f3n que coordina en la Rep\u00fablica Dominicana los procesos de negociaciones comerciales, junto a las dem\u00e1s entidades gubernamentales que inciden en los temas de comercio global.<\/span><\/p>\n<\/p>\n<p><span class=\"text1noticias\">Las palabras de salutaci\u00f3n de Dargam fueron seguidas por la presentaci\u00f3n \u00abIntroducci\u00f3n a la OMC\u00bb, a cargo de Bosch, quien tambi\u00e9n expuso sobre \u00abEl sistema multilateral del comercio: de Smoot-Hawley a la OMC\u00bb, as\u00ed como la mini sesi\u00f3n \u00abUn d\u00eda en la vida de la OMC\u00bb.<\/span><\/p>\n<p><span class=\"text1noticias\">La agenda de la jornada se completa con las exposiciones \u00abAm\u00e9rica Latina en la econom\u00eda mundial. Relaciones con otras regiones (Asia, Estados Unidos, Europa-Am\u00e9rica Latina y la OMC)\u00bb, a cargo de Benjam\u00edn McDonald, representante del Banco Mundial en Rep\u00fablica Dominicana.<\/span><\/p>\n<\/p>\n<p><span class=\"text1noticias\">Tambi\u00e9n con la presentaci\u00f3n \u00abC\u00f3mo vigilar el cumplimiento de los acuerdos. Soluci\u00f3n de diferencias en la OMC\u00bb, a cargo de Jorge Castro, quien adem\u00e1s expuso sobre \u00abFacilitaci\u00f3n del comercio y ayuda para el comercio en la OMC\u00bb.<\/span><\/p>\n<\/p>\n<p><span class=\"text1noticias\">Francisco J. Ricaurte y Jos\u00e9 Burdie, ejecutivos de la empresa United Parcel Service, expusieron sobre \u00abLa actividad empresarial en Am\u00e9rica Latina. La experiencia de una empresa de servicios\u00bb.<\/span><\/p>\n<\/p>\n<p><span class=\"text1noticias\">El seminario continuar\u00e1 ma\u00f1ana martes con la exposici\u00f3n \u00abPol\u00edticas y estrategias de integraci\u00f3n productiva y cadenas de valor globales para Am\u00e9rica Latina\u00bb, a cargo del Viceministro Dargam y cerrar\u00e1 con la sesi\u00f3n \u00abRemedios comerciales: Subsidios, medidas compensatorias, salvaguardias, anti-dumping\u00bb, del representante legal de la OMC.<\/span><\/p>\n<\/p>\n<p><span class=\"text1noticias\">En el encuentro, los periodistas participaron ampliamente exponiendo inquietudes y comentando casos espec\u00edficos de sus pa\u00edses, as\u00ed como formulando numerosas preguntas.(HG)<\/span>.<\/p>\n<h6> 2013-10-28 20:01:19 <\/h6>\n<p><!--\n<link rel=\"stylesheet\" href=\"css\/bootstrap.min.css\">\n\n\n<ul class=\"pagination\">\n\t    \n\t\n\n<li >\n\t<a href='?page_no=14504'>Previous<\/a>\n\t<\/li>\n\n\n       \n    \n\n<li><a href='?page_no=1'>1<\/a><\/li>\n\n\n\n<li><a href='?page_no=2'>2<\/a><\/li>\n\n\n\n<li><a>...<\/a><\/li>\n\n\n\n<li><a href='?page_no=14503'>14503<\/a><\/li>\n\n\n\n<li><a href='?page_no=14504'>14504<\/a><\/li>\n\n\n\n<li class='active'><a>14505<\/a><\/li>\n\n\n\n<li><a href='?page_no=14506'>14506<\/a><\/li>\n\n\n\n<li><a href='?page_no=14507'>14507<\/a><\/li>\n\n\n\n<li><a>...<\/a><\/li>\n\n\n\n<li><a href='?page_no=30472'>30472<\/a><\/li>\n\n\n\n<li><a href='?page_no=30473'>30473<\/a><\/li>\n\n    \n\t\n\n<li >\n\t<a href='?page_no=14506'>Next<\/a>\n\t<\/li>\n\n\n    \n\n<li><a href='?page_no=30473'>Last &rsaquo;&rsaquo;<\/a><\/li>\n\n<\/ul>\n\n\n--><br \/>\n<\/body><\/p>\n","protected":false},"excerpt":{"rendered":"<p>Santo Domingo, 28 de octubre de 2013.- Con la participaci\u00f3n de comunicadores de 16 pa\u00edses de Latinoam\u00e9rica, inici\u00f3 hoy en Santo Domingo el seminario internacional \u00abEl sistema multilateral del comercio: desaf\u00edos y oportunidades para Am\u00e9rica Latina\u00bb, organizado por la Organizaci\u00f3n Mundial de Comercio en conjunto con la Canciller\u00eda dominicana, a trav\u00e9s de su Instituto de [&hellip;]<\/p>\n","protected":false},"author":3,"featured_media":0,"comment_status":"open","ping_status":"open","sticky":false,"template":"","format":"standard","meta":{"footnotes":""},"categories":[18],"tags":[],"class_list":["post-99004","post","type-post","status-publish","format-standard","hentry","category-economia"],"_links":{"self":[{"href":"https:\/\/diariodominicano.com\/index.php?rest_route=\/wp\/v2\/posts\/99004","targetHints":{"allow":["GET"]}}],"collection":[{"href":"https:\/\/diariodominicano.com\/index.php?rest_route=\/wp\/v2\/posts"}],"about":[{"href":"https:\/\/diariodominicano.com\/index.php?rest_route=\/wp\/v2\/types\/post"}],"author":[{"embeddable":true,"href":"https:\/\/diariodominicano.com\/index.php?rest_route=\/wp\/v2\/users\/3"}],"replies":[{"embeddable":true,"href":"https:\/\/diariodominicano.com\/index.php?rest_route=%2Fwp%2Fv2%2Fcomments&post=99004"}],"version-history":[{"count":0,"href":"https:\/\/diariodominicano.com\/index.php?rest_route=\/wp\/v2\/posts\/99004\/revisions"}],"wp:attachment":[{"href":"https:\/\/diariodominicano.com\/index.php?rest_route=%2Fwp%2Fv2%2Fmedia&parent=99004"}],"wp:term":[{"taxonomy":"category","embeddable":true,"href":"https:\/\/diariodominicano.com\/index.php?rest_route=%2Fwp%2Fv2%2Fcategories&post=99004"},{"taxonomy":"post_tag","embeddable":true,"href":"https:\/\/diariodominicano.com\/index.php?rest_route=%2Fwp%2Fv2%2Ftags&post=99004"}],"curies":[{"name":"wp","href":"https:\/\/api.w.org\/{rel}","templated":true}]}}