{"id":98999,"date":"2013-10-29T13:12:22","date_gmt":"2013-10-29T13:12:22","guid":{"rendered":"http:\/\/diariodominicano.ddns.net\/?p=98999"},"modified":"2013-10-29T13:12:22","modified_gmt":"2013-10-29T13:12:22","slug":"paliza-disertara-en-aniversario-de-la-aird-abordara-el-tema-de-los-retos-de-la-sostenibilidad","status":"publish","type":"post","link":"https:\/\/diariodominicano.com\/?p=98999","title":{"rendered":"Paliza disertar\u00e1 en aniversario de la AIRD; Abordar\u00e1 el tema de los retos de la sostenibilidad"},"content":{"rendered":"<p><body><\/p>\n<p>Santo Domingo RD 29 octubre.- La Asociaci\u00f3n de Industrias de la Rep\u00fablica Dominicana (AIRD) celebrar\u00e1 el pr\u00f3ximo jueves su almuerzo aniversario en el cual el orador invitado lo ser\u00e1 el industrial Jos\u00e9 Manuel Paliza, pasado presidente de la instituci\u00f3n y quien tendr\u00e1 por tema \u00abLos retos de la sostenibilidad\u00bb.<\/p>\n<\/p>\n<p>Circe Alm\u00e1nzar, vicepresidente ejecutiva de la instituci\u00f3n, inform\u00f3 que la actividad contar\u00e1 con la presencia del Presidente de la Rep\u00fablica, Licenciado Danilo Medina, cuyo gobierno est\u00e1 trabajando junto al sector privado para hacer realidad las principales conclusiones del Segundo Congreso de la Industria Dominicana, as\u00ed como lo que fueron sus planteamientos de campa\u00f1a.<\/p>\n<\/p>\n<p>Afirm\u00f3 que Paliza es un hombre que se ha caracterizado por hacer planteamientos novedosos a favor del desarrollo productivo dominicano y que enfocarse en que este desarrollo, especialmente el industrial, sea sostenible, es un desaf\u00edo de todos.<\/p>\n<\/p>\n<p>La actividad se llevar\u00e1 a cabo en el hotel Jaragua a las 12.00 del mediod\u00eda.<\/p>\n<p>Alm\u00e1nzar se\u00f1al\u00f3 que Paliza no s\u00f3lo es un empresario exitoso y visionario de la apertura de mercados y la conquista de nuevos mercados, sino que adem\u00e1s ha manifestado en diversas ocasiones su compromiso con la institucionalidad, la democracia, la transparencia, la justicia y el fortalecimiento gremial del empresariado.<\/p>\n<\/p>\n<h6> 2013-10-29 13:12:22 <\/h6>\n<p><!--\n<link rel=\"stylesheet\" href=\"css\/bootstrap.min.css\">\n\n\n<ul class=\"pagination\">\n\t    \n\t\n\n<li >\n\t<a href='?page_no=14499'>Previous<\/a>\n\t<\/li>\n\n\n       \n    \n\n<li><a href='?page_no=1'>1<\/a><\/li>\n\n\n\n<li><a href='?page_no=2'>2<\/a><\/li>\n\n\n\n<li><a>...<\/a><\/li>\n\n\n\n<li><a href='?page_no=14498'>14498<\/a><\/li>\n\n\n\n<li><a href='?page_no=14499'>14499<\/a><\/li>\n\n\n\n<li class='active'><a>14500<\/a><\/li>\n\n\n\n<li><a href='?page_no=14501'>14501<\/a><\/li>\n\n\n\n<li><a href='?page_no=14502'>14502<\/a><\/li>\n\n\n\n<li><a>...<\/a><\/li>\n\n\n\n<li><a href='?page_no=30472'>30472<\/a><\/li>\n\n\n\n<li><a href='?page_no=30473'>30473<\/a><\/li>\n\n    \n\t\n\n<li >\n\t<a href='?page_no=14501'>Next<\/a>\n\t<\/li>\n\n\n    \n\n<li><a href='?page_no=30473'>Last &rsaquo;&rsaquo;<\/a><\/li>\n\n<\/ul>\n\n\n--><br \/>\n<\/body><\/p>\n","protected":false},"excerpt":{"rendered":"<p>Santo Domingo RD 29 octubre.- La Asociaci\u00f3n de Industrias de la Rep\u00fablica Dominicana (AIRD) celebrar\u00e1 el pr\u00f3ximo jueves su almuerzo aniversario en el cual el orador invitado lo ser\u00e1 el industrial Jos\u00e9 Manuel Paliza, pasado presidente de la instituci\u00f3n y quien tendr\u00e1 por tema \u00abLos retos de la sostenibilidad\u00bb. Circe Alm\u00e1nzar, vicepresidente ejecutiva de la [&hellip;]<\/p>\n","protected":false},"author":3,"featured_media":0,"comment_status":"open","ping_status":"open","sticky":false,"template":"","format":"standard","meta":{"footnotes":""},"categories":[18],"tags":[],"class_list":["post-98999","post","type-post","status-publish","format-standard","hentry","category-economia"],"_links":{"self":[{"href":"https:\/\/diariodominicano.com\/index.php?rest_route=\/wp\/v2\/posts\/98999","targetHints":{"allow":["GET"]}}],"collection":[{"href":"https:\/\/diariodominicano.com\/index.php?rest_route=\/wp\/v2\/posts"}],"about":[{"href":"https:\/\/diariodominicano.com\/index.php?rest_route=\/wp\/v2\/types\/post"}],"author":[{"embeddable":true,"href":"https:\/\/diariodominicano.com\/index.php?rest_route=\/wp\/v2\/users\/3"}],"replies":[{"embeddable":true,"href":"https:\/\/diariodominicano.com\/index.php?rest_route=%2Fwp%2Fv2%2Fcomments&post=98999"}],"version-history":[{"count":0,"href":"https:\/\/diariodominicano.com\/index.php?rest_route=\/wp\/v2\/posts\/98999\/revisions"}],"wp:attachment":[{"href":"https:\/\/diariodominicano.com\/index.php?rest_route=%2Fwp%2Fv2%2Fmedia&parent=98999"}],"wp:term":[{"taxonomy":"category","embeddable":true,"href":"https:\/\/diariodominicano.com\/index.php?rest_route=%2Fwp%2Fv2%2Fcategories&post=98999"},{"taxonomy":"post_tag","embeddable":true,"href":"https:\/\/diariodominicano.com\/index.php?rest_route=%2Fwp%2Fv2%2Ftags&post=98999"}],"curies":[{"name":"wp","href":"https:\/\/api.w.org\/{rel}","templated":true}]}}