{"id":98996,"date":"2013-10-29T13:18:13","date_gmt":"2013-10-29T13:18:13","guid":{"rendered":"http:\/\/diariodominicano.ddns.net\/?p=98996"},"modified":"2013-10-29T13:18:13","modified_gmt":"2013-10-29T13:18:13","slug":"exportan-3-mil-500-toneladas-de-yeso-a-surinam","status":"publish","type":"post","link":"https:\/\/diariodominicano.com\/?p=98996","title":{"rendered":"Exportan 3 mil 500 toneladas de yeso a Surinam"},"content":{"rendered":"<p><body><\/p>\n<p><img decoding=\"async\" src=\"img3\/yeso 29.jpg\" \/>  <\/p>\n<p>Barahona RD 29 octubre.- El colector regional de Aduanas inform\u00f3 que 3 mil 500 toneladas m\u00e9tricas de yeso fueron exportadas ayer  desde el puerto de esta ciudad, a Surinam por una compa\u00f1\u00eda privada.<\/p>\n<\/p>\n<p>Bienvenido Batista Heredia, colector regional de  Aduanas con sede en esta localidad. al dar la informaci\u00f3n dijo que el producto fue transportado en el barco Cayena de matricula paname\u00f1a, el cual estuvo por varios d\u00edas en el muelle 4 de esta comunidad.<\/p>\n<\/p>\n<p>Manifest\u00f3 que el yeso exportado fue sacado de una mina que esta ubicada despu\u00e9s de Cabral, por la compa\u00f1\u00eda Inversiones Ban Sal, representada por David Lama.<\/p>\n<\/p>\n<p>En los \u00faltimos meses, los muelles de esta ciudad, son usados para realizar exportaciones de bloques, materiales de construcci\u00f3n, yeso y az\u00facar.<\/p>\n<\/p>\n<p>Los muelles mas activos son 3, 4 y 5, este ultimo en la zona del ingenio Barahona, en Villa Central.<\/p>\n<h6> 2013-10-29 13:18:13 <\/h6>\n<p><!--\n<link rel=\"stylesheet\" href=\"css\/bootstrap.min.css\">\n\n\n<ul class=\"pagination\">\n\t    \n\t\n\n<li >\n\t<a href='?page_no=14498'>Previous<\/a>\n\t<\/li>\n\n\n       \n    \n\n<li><a href='?page_no=1'>1<\/a><\/li>\n\n\n\n<li><a href='?page_no=2'>2<\/a><\/li>\n\n\n\n<li><a>...<\/a><\/li>\n\n\n\n<li><a href='?page_no=14497'>14497<\/a><\/li>\n\n\n\n<li><a href='?page_no=14498'>14498<\/a><\/li>\n\n\n\n<li class='active'><a>14499<\/a><\/li>\n\n\n\n<li><a href='?page_no=14500'>14500<\/a><\/li>\n\n\n\n<li><a href='?page_no=14501'>14501<\/a><\/li>\n\n\n\n<li><a>...<\/a><\/li>\n\n\n\n<li><a href='?page_no=30472'>30472<\/a><\/li>\n\n\n\n<li><a href='?page_no=30473'>30473<\/a><\/li>\n\n    \n\t\n\n<li >\n\t<a href='?page_no=14500'>Next<\/a>\n\t<\/li>\n\n\n    \n\n<li><a href='?page_no=30473'>Last &rsaquo;&rsaquo;<\/a><\/li>\n\n<\/ul>\n\n\n--><br \/>\n<\/body><\/p>\n","protected":false},"excerpt":{"rendered":"<p>Barahona RD 29 octubre.- El colector regional de Aduanas inform\u00f3 que 3 mil 500 toneladas m\u00e9tricas de yeso fueron exportadas ayer desde el puerto de esta ciudad, a Surinam por una compa\u00f1\u00eda privada. Bienvenido Batista Heredia, colector regional de Aduanas con sede en esta localidad. al dar la informaci\u00f3n dijo que el producto fue transportado [&hellip;]<\/p>\n","protected":false},"author":3,"featured_media":0,"comment_status":"open","ping_status":"open","sticky":false,"template":"","format":"standard","meta":{"footnotes":""},"categories":[18],"tags":[],"class_list":["post-98996","post","type-post","status-publish","format-standard","hentry","category-economia"],"_links":{"self":[{"href":"https:\/\/diariodominicano.com\/index.php?rest_route=\/wp\/v2\/posts\/98996","targetHints":{"allow":["GET"]}}],"collection":[{"href":"https:\/\/diariodominicano.com\/index.php?rest_route=\/wp\/v2\/posts"}],"about":[{"href":"https:\/\/diariodominicano.com\/index.php?rest_route=\/wp\/v2\/types\/post"}],"author":[{"embeddable":true,"href":"https:\/\/diariodominicano.com\/index.php?rest_route=\/wp\/v2\/users\/3"}],"replies":[{"embeddable":true,"href":"https:\/\/diariodominicano.com\/index.php?rest_route=%2Fwp%2Fv2%2Fcomments&post=98996"}],"version-history":[{"count":0,"href":"https:\/\/diariodominicano.com\/index.php?rest_route=\/wp\/v2\/posts\/98996\/revisions"}],"wp:attachment":[{"href":"https:\/\/diariodominicano.com\/index.php?rest_route=%2Fwp%2Fv2%2Fmedia&parent=98996"}],"wp:term":[{"taxonomy":"category","embeddable":true,"href":"https:\/\/diariodominicano.com\/index.php?rest_route=%2Fwp%2Fv2%2Fcategories&post=98996"},{"taxonomy":"post_tag","embeddable":true,"href":"https:\/\/diariodominicano.com\/index.php?rest_route=%2Fwp%2Fv2%2Ftags&post=98996"}],"curies":[{"name":"wp","href":"https:\/\/api.w.org\/{rel}","templated":true}]}}