{"id":98995,"date":"2013-10-29T13:48:47","date_gmt":"2013-10-29T13:48:47","guid":{"rendered":"http:\/\/diariodominicano.ddns.net\/?p=98995"},"modified":"2013-10-29T13:48:47","modified_gmt":"2013-10-29T13:48:47","slug":"david-collado-pide-apoyar-a-emprendimientos-evento-busca-incentivar-la-innovacion-empresarial","status":"publish","type":"post","link":"https:\/\/diariodominicano.com\/?p=98995","title":{"rendered":"David Collado pide apoyar a emprendimientos; evento busca incentivar la innovaci\u00f3n empresarial"},"content":{"rendered":"<p><body><\/p>\n<p><img decoding=\"async\" src=\"img3\/collado 29.jpeg\" \/>  <\/p>\n<p>Santo Domingo RD 29 octubre.- La falta de financiamiento, capacitaci\u00f3n y el poco conocimiento del mercado se encuentran entre los principales factores que provocan el fracaso de peque\u00f1os proyectos de negocios, seg\u00fan lo afirm\u00f3 el diputado y emprendedor David Collado.<\/p>\n<\/p>\n<p>Destac\u00f3 que debido a estas debilidades alrededor de un 70% de los emprendimientos no tienen \u00e9xito en el primer a\u00f1o.<\/p>\n<\/p>\n<p>Collado, quien habl\u00f3 al anunciar ayer la Primera Feria de Emprendedores de Rep\u00fablica Dominicana, abog\u00f3 por la creaci\u00f3n de un marco regulatorio para incentivar y apoyar este tipo de iniciativas, sobre todo para otorgar facilidades de financiamiento a todos los emprendedores y no s\u00f3lo \u00aba personas de apellidos sonoros\u00bb.<\/p>\n<\/p>\n<p>La feria ser\u00e1 celebrada los d\u00edas 12 y 13 de noviembre.<\/p>\n<\/p>\n<p>\u00abEn nuestro pa\u00eds es m\u00e1s f\u00e1cil conseguir un pr\u00e9stamo en una feria de un mill\u00f3n y medio de pesos para comprar un veh\u00edculo del a\u00f1o, que conseguir RD$200,000 como capital de trabajo para crear un nuevo negocio\u00bb, destac\u00f3 Collado.<\/p>\n<\/p>\n<p>La feria tiene como objetivo incentivar y contribuir con la cultura del emprendimiento en los dominicanos. <\/p>\n<\/p>\n<p><strong>FERIA SER\u00c1 DEDICADA A PEP\u00cdN CORRIPIO<\/strong><\/p>\n<p>Esta feria, que est\u00e1 dedicada al empresario Jos\u00e9 Luis Corripio (Pep\u00edn), se efectuar\u00e1 para conmemorar el primer a\u00f1o de aplicaci\u00f3n de la Ley 88-13 que establece el 12 de noviembre como el \u00abD\u00eda Nacional del Emprendedor\u00bb, pues para Collado este ha sido un gran reconocimiento para los emprendedores.<\/p>\n<h6> 2013-10-29 13:48:47 <\/h6>\n<p><!--\n<link rel=\"stylesheet\" href=\"css\/bootstrap.min.css\">\n\n\n<ul class=\"pagination\">\n\t    \n\t\n\n<li >\n\t<a href='?page_no=14497'>Previous<\/a>\n\t<\/li>\n\n\n       \n    \n\n<li><a href='?page_no=1'>1<\/a><\/li>\n\n\n\n<li><a href='?page_no=2'>2<\/a><\/li>\n\n\n\n<li><a>...<\/a><\/li>\n\n\n\n<li><a href='?page_no=14496'>14496<\/a><\/li>\n\n\n\n<li><a href='?page_no=14497'>14497<\/a><\/li>\n\n\n\n<li class='active'><a>14498<\/a><\/li>\n\n\n\n<li><a href='?page_no=14499'>14499<\/a><\/li>\n\n\n\n<li><a href='?page_no=14500'>14500<\/a><\/li>\n\n\n\n<li><a>...<\/a><\/li>\n\n\n\n<li><a href='?page_no=30472'>30472<\/a><\/li>\n\n\n\n<li><a href='?page_no=30473'>30473<\/a><\/li>\n\n    \n\t\n\n<li >\n\t<a href='?page_no=14499'>Next<\/a>\n\t<\/li>\n\n\n    \n\n<li><a href='?page_no=30473'>Last &rsaquo;&rsaquo;<\/a><\/li>\n\n<\/ul>\n\n\n--><br \/>\n<\/body><\/p>\n","protected":false},"excerpt":{"rendered":"<p>Santo Domingo RD 29 octubre.- La falta de financiamiento, capacitaci\u00f3n y el poco conocimiento del mercado se encuentran entre los principales factores que provocan el fracaso de peque\u00f1os proyectos de negocios, seg\u00fan lo afirm\u00f3 el diputado y emprendedor David Collado. Destac\u00f3 que debido a estas debilidades alrededor de un 70% de los emprendimientos no tienen [&hellip;]<\/p>\n","protected":false},"author":3,"featured_media":0,"comment_status":"open","ping_status":"open","sticky":false,"template":"","format":"standard","meta":{"footnotes":""},"categories":[18],"tags":[],"class_list":["post-98995","post","type-post","status-publish","format-standard","hentry","category-economia"],"_links":{"self":[{"href":"https:\/\/diariodominicano.com\/index.php?rest_route=\/wp\/v2\/posts\/98995","targetHints":{"allow":["GET"]}}],"collection":[{"href":"https:\/\/diariodominicano.com\/index.php?rest_route=\/wp\/v2\/posts"}],"about":[{"href":"https:\/\/diariodominicano.com\/index.php?rest_route=\/wp\/v2\/types\/post"}],"author":[{"embeddable":true,"href":"https:\/\/diariodominicano.com\/index.php?rest_route=\/wp\/v2\/users\/3"}],"replies":[{"embeddable":true,"href":"https:\/\/diariodominicano.com\/index.php?rest_route=%2Fwp%2Fv2%2Fcomments&post=98995"}],"version-history":[{"count":0,"href":"https:\/\/diariodominicano.com\/index.php?rest_route=\/wp\/v2\/posts\/98995\/revisions"}],"wp:attachment":[{"href":"https:\/\/diariodominicano.com\/index.php?rest_route=%2Fwp%2Fv2%2Fmedia&parent=98995"}],"wp:term":[{"taxonomy":"category","embeddable":true,"href":"https:\/\/diariodominicano.com\/index.php?rest_route=%2Fwp%2Fv2%2Fcategories&post=98995"},{"taxonomy":"post_tag","embeddable":true,"href":"https:\/\/diariodominicano.com\/index.php?rest_route=%2Fwp%2Fv2%2Ftags&post=98995"}],"curies":[{"name":"wp","href":"https:\/\/api.w.org\/{rel}","templated":true}]}}